{"id":691248,"date":"2025-10-30T19:13:04","date_gmt":"2025-10-31T01:13:04","guid":{"rendered":"https:\/\/www.diarioimagen.net\/?p=691248"},"modified":"2025-10-30T19:13:04","modified_gmt":"2025-10-31T01:13:04","slug":"sindicato-de-maestros-del-estado-de-mexico-inaugura-el-xlvii-consejo-estatal-ordinario","status":"publish","type":"post","link":"https:\/\/www.diarioimagen.net\/?p=691248","title":{"rendered":"\u00a0  Sindicato de maestros del Estado de M\u00e9xico  inaugura el XLVII Consejo Estatal Ordinario"},"content":{"rendered":"<ul>\n<li><strong>Encabezado por Jenaro Mart\u00ednez Reyes<\/strong><\/li>\n<\/ul>\n<div id=\"attachment_691249\" style=\"width: 394px\" class=\"wp-caption alignnone\"><img loading=\"lazy\" decoding=\"async\" aria-describedby=\"caption-attachment-691249\" class=\"wp-image-691249 size-large\" src=\"https:\/\/www.diarioimagen.net\/wp-content\/uploads\/2025\/10\/BAENA-1-ok-20-384x270.jpg\" alt=\"\" width=\"384\" height=\"270\" srcset=\"https:\/\/www.diarioimagen.net\/wp-content\/uploads\/2025\/10\/BAENA-1-ok-20-384x270.jpg 384w, https:\/\/www.diarioimagen.net\/wp-content\/uploads\/2025\/10\/BAENA-1-ok-20-240x169.jpg 240w, https:\/\/www.diarioimagen.net\/wp-content\/uploads\/2025\/10\/BAENA-1-ok-20-768x541.jpg 768w, https:\/\/www.diarioimagen.net\/wp-content\/uploads\/2025\/10\/BAENA-1-ok-20.jpg 1500w\" sizes=\"auto, (max-width: 384px) 100vw, 384px\" \/><p id=\"caption-attachment-691249\" class=\"wp-caption-text\">Fue inaugurado el XLVII Consejo Estatal del Sindicato de Maestros al Servicio del Estado de M\u00e9xico, en un acto encabezado por el secretario general de la organizaci\u00f3n, Jenaro Mart\u00ednez Reyes.<\/p><\/div>\n<p>&nbsp;<\/p>\n<p>Toluca, M\u00e9x.- El secretario de Educaci\u00f3n, Ciencia, Tecnolog\u00eda e Innovaci\u00f3n (SECTI), Miguel \u00c1ngel Hern\u00e1ndez Espejel, inaugur\u00f3 el XLVII Consejo Estatal del Sindicato de Maestros al Servicio del Estado de M\u00e9xico (SMSEM), en un acto encabezado por el secretario general de la organizaci\u00f3n, Jenaro Mart\u00ednez Reyes, en el que reafirm\u00f3 el compromiso de ofrecer resultados tangibles a sus miembros.<\/p>\n<p>&nbsp;<\/p>\n<p>Durante la ceremonia, Jenaro Mart\u00ednez destac\u00f3 que este Consejo representa la fuerza democr\u00e1tica y representativa del magisterio estatal, un espacio donde los m\u00e1s de 105 mil maestras y maestros -representados por casi 5 mil delegados sindicales- participan directamente en la toma de decisiones y la consolidaci\u00f3n de la vida sindical.<\/p>\n<p>&nbsp;<\/p>\n<p>\u201cLa importancia de este consejo estatal ordinario en su edici\u00f3n n\u00famero 47 radica en profundizar y depurar las ponencias que se elaboraron en las 14 regiones sindicales, como producto de una intensa consulta a la base magisterial\u201d, explic\u00f3 el dirigente magisterial.<\/p>\n<p>&nbsp;<\/p>\n<p>Adem\u00e1s, inform\u00f3 que los resolutivos de cada una de las mesas de trabajo (Asuntos Econ\u00f3micos, Profesionales y de Cultura General, M\u00e9dico Asistenciales, Pol\u00edtico Sindicales y Generales) integrar\u00e1n el pliego petitorio a negociar en 2026 con el Gobierno del Estado de M\u00e9xico, encabezado por la Maestra Delfina G\u00f3mez \u00c1lvarez.<\/p>\n<p>&nbsp;<\/p>\n<p>Acompa\u00f1ado tambi\u00e9n por el secretario del Trabajo en la entidad, Norberto Morales Poblete, el l\u00edder magisterial agradeci\u00f3 el acompa\u00f1amiento de la gobernadora Delfina G\u00f3mez, cuyo respaldo -dijo- ha sido fundamental para avanzar en mejores condiciones laborales, sociales y de salud para el gremio docente.<\/p>\n<p>&nbsp;<\/p>\n<p>&nbsp;<\/p>\n","protected":false},"excerpt":{"rendered":"<p>Encabezado por Jenaro Mart\u00ednez Reyes &nbsp; Toluca, M\u00e9x.- El secretario de Educaci\u00f3n, Ciencia, Tecnolog\u00eda e Innovaci\u00f3n (SECTI), Miguel \u00c1ngel Hern\u00e1ndez Espejel, inaugur\u00f3 el XLVII Consejo Estatal del Sindicato de Maestros al Servicio del Estado de M\u00e9xico (SMSEM), en un acto encabezado por el secretario general de la organizaci\u00f3n, Jenaro Mart\u00ednez Reyes, en el que reafirm\u00f3 [&hellip;]<\/p>\n","protected":false},"author":14,"featured_media":691249,"comment_status":"open","ping_status":"open","sticky":false,"template":"","format":"standard","meta":{"_monsterinsights_skip_tracking":false,"_monsterinsights_sitenote_active":false,"_monsterinsights_sitenote_note":"","_monsterinsights_sitenote_category":0,"footnotes":""},"categories":[5],"tags":[],"class_list":["post-691248","post","type-post","status-publish","format-standard","has-post-thumbnail","hentry","category-estado-de-mexico"],"_links":{"self":[{"href":"https:\/\/www.diarioimagen.net\/index.php?rest_route=\/wp\/v2\/posts\/691248","targetHints":{"allow":["GET"]}}],"collection":[{"href":"https:\/\/www.diarioimagen.net\/index.php?rest_route=\/wp\/v2\/posts"}],"about":[{"href":"https:\/\/www.diarioimagen.net\/index.php?rest_route=\/wp\/v2\/types\/post"}],"author":[{"embeddable":true,"href":"https:\/\/www.diarioimagen.net\/index.php?rest_route=\/wp\/v2\/users\/14"}],"replies":[{"embeddable":true,"href":"https:\/\/www.diarioimagen.net\/index.php?rest_route=%2Fwp%2Fv2%2Fcomments&post=691248"}],"version-history":[{"count":1,"href":"https:\/\/www.diarioimagen.net\/index.php?rest_route=\/wp\/v2\/posts\/691248\/revisions"}],"predecessor-version":[{"id":691250,"href":"https:\/\/www.diarioimagen.net\/index.php?rest_route=\/wp\/v2\/posts\/691248\/revisions\/691250"}],"wp:featuredmedia":[{"embeddable":true,"href":"https:\/\/www.diarioimagen.net\/index.php?rest_route=\/wp\/v2\/media\/691249"}],"wp:attachment":[{"href":"https:\/\/www.diarioimagen.net\/index.php?rest_route=%2Fwp%2Fv2%2Fmedia&parent=691248"}],"wp:term":[{"taxonomy":"category","embeddable":true,"href":"https:\/\/www.diarioimagen.net\/index.php?rest_route=%2Fwp%2Fv2%2Fcategories&post=691248"},{"taxonomy":"post_tag","embeddable":true,"href":"https:\/\/www.diarioimagen.net\/index.php?rest_route=%2Fwp%2Fv2%2Ftags&post=691248"}],"curies":[{"name":"wp","href":"https:\/\/api.w.org\/{rel}","templated":true}]}}