{"id":691251,"date":"2025-10-30T19:14:16","date_gmt":"2025-10-31T01:14:16","guid":{"rendered":"https:\/\/www.diarioimagen.net\/?p=691251"},"modified":"2025-10-30T19:14:16","modified_gmt":"2025-10-31T01:14:16","slug":"el-organismo-municipal-del-agua-de-naucalpan-acredito-operacion-de-pozos","status":"publish","type":"post","link":"https:\/\/www.diarioimagen.net\/?p=691251","title":{"rendered":"El Organismo Municipal del Agua de  Naucalpan acredit\u00f3 operaci\u00f3n de pozos"},"content":{"rendered":"<ul>\n<li><strong>Operaci\u00f3n responsable <\/strong><\/li>\n<\/ul>\n<div id=\"attachment_691252\" style=\"width: 251px\" class=\"wp-caption alignnone\"><img loading=\"lazy\" decoding=\"async\" aria-describedby=\"caption-attachment-691252\" class=\"wp-image-691252 size-large\" src=\"https:\/\/www.diarioimagen.net\/wp-content\/uploads\/2025\/10\/BAENA2-ok-3-241x270.jpg\" alt=\"\" width=\"241\" height=\"270\" srcset=\"https:\/\/www.diarioimagen.net\/wp-content\/uploads\/2025\/10\/BAENA2-ok-3-241x270.jpg 241w, https:\/\/www.diarioimagen.net\/wp-content\/uploads\/2025\/10\/BAENA2-ok-3-214x240.jpg 214w, https:\/\/www.diarioimagen.net\/wp-content\/uploads\/2025\/10\/BAENA2-ok-3-768x862.jpg 768w, https:\/\/www.diarioimagen.net\/wp-content\/uploads\/2025\/10\/BAENA2-ok-3-1369x1536.jpg 1369w, https:\/\/www.diarioimagen.net\/wp-content\/uploads\/2025\/10\/BAENA2-ok-3.jpg 1500w\" sizes=\"auto, (max-width: 241px) 100vw, 241px\" \/><p id=\"caption-attachment-691252\" class=\"wp-caption-text\">El Organismo Municipal del Agua ha acreditado en tiempo y forma los requerimientos realizados por la Conagua y las diferentes autoridades federales y estatales.<\/p><\/div>\n<p>&nbsp;<\/p>\n<p>&nbsp;<\/p>\n<p>Naucalpan, M\u00e9x.- El gobierno de Naucalpan, a trav\u00e9s del Organismo Municipal del Agua (OAPAS), ha acreditado en tiempo y forma los requerimientos realizados por la Conagua y las diferentes autoridades Federales y Estatales respecto a la legalidad en la operaci\u00f3n de todos los pozos de agua municipales.<\/p>\n<p>&nbsp;<\/p>\n<p>Asimismo, en su momento ha detallado los procesos y regulaciones que respaldan la operaci\u00f3n responsable y justificada de la distribuci\u00f3n del agua mediante unidades m\u00f3viles.<\/p>\n<p>&nbsp;<\/p>\n<p>Tras el inicio de la Operaci\u00f3n Caudal implementada en d\u00edas pasados por autoridades de las tres \u00f3rdenes de gobierno en 48 municipios del Estado de M\u00e9xico, para desarticular redes dedicadas al robo y comercializaci\u00f3n ilegal del agua, afirmamos y reiteramos que, durante este operativo, no se encontr\u00f3 ning\u00fan tipo de anomal\u00eda e ilegalidad en la extracci\u00f3n de agua de nuestros pozos ni en el uso de pipas.<\/p>\n<p>&nbsp;<\/p>\n<p>\u00abInsistimos que, durante el reciente operativo realizado por la Fiscal\u00eda General de Justicia del Estado de M\u00e9xico, auxiliada por la Guardia Nacional, la Sedena, la Marina entre otras corporaciones, para combatir el llamado \u201chuachicol del agua\u201d, la autoridad no clausur\u00f3 pozos, ni tomas clandestinas en Naucalpan, como falsamente se difundi\u00f3 en algunos medios.<\/p>\n<p>&nbsp;<\/p>\n<p>Por el contrario, Naucalpan mantiene una coordinaci\u00f3n permanente con las instancias competentes para garantizar la legalidad y el correcto abastecimiento del recurso h\u00eddrico a la ciudadan\u00eda.<\/p>\n<p>&nbsp;<\/p>\n<p>Del mismo modo, subrayamos que el uso de pipas durante los \u00faltimos 2 a\u00f1os obedeci\u00f3 a los recortes del Sistema Cutzamala, ya que en su momento m\u00e1s cr\u00edtico se dejaron de enviar a nuestro municipio hasta 750 litros por segundo, y que hasta el momento esta actividad se ha realizado de manera responsable y justificada, sin sobreexplotar lo estipulado en nuestros T\u00edtulos de asignaci\u00f3n y cumpliendo en todos sentidos lo estipulado en la Ley de Aguas Nacionales y en la Ley de Agua del Estado de M\u00e9xico y Municipios.<\/p>\n<p>&nbsp;<\/p>\n<p>&nbsp;<\/p>\n","protected":false},"excerpt":{"rendered":"<p>Operaci\u00f3n responsable &nbsp; &nbsp; Naucalpan, M\u00e9x.- El gobierno de Naucalpan, a trav\u00e9s del Organismo Municipal del Agua (OAPAS), ha acreditado en tiempo y forma los requerimientos realizados por la Conagua y las diferentes autoridades Federales y Estatales respecto a la legalidad en la operaci\u00f3n de todos los pozos de agua municipales. &nbsp; Asimismo, en su [&hellip;]<\/p>\n","protected":false},"author":14,"featured_media":691252,"comment_status":"open","ping_status":"open","sticky":false,"template":"","format":"standard","meta":{"_monsterinsights_skip_tracking":false,"_monsterinsights_sitenote_active":false,"_monsterinsights_sitenote_note":"","_monsterinsights_sitenote_category":0,"footnotes":""},"categories":[5],"tags":[],"class_list":["post-691251","post","type-post","status-publish","format-standard","has-post-thumbnail","hentry","category-estado-de-mexico"],"_links":{"self":[{"href":"https:\/\/www.diarioimagen.net\/index.php?rest_route=\/wp\/v2\/posts\/691251","targetHints":{"allow":["GET"]}}],"collection":[{"href":"https:\/\/www.diarioimagen.net\/index.php?rest_route=\/wp\/v2\/posts"}],"about":[{"href":"https:\/\/www.diarioimagen.net\/index.php?rest_route=\/wp\/v2\/types\/post"}],"author":[{"embeddable":true,"href":"https:\/\/www.diarioimagen.net\/index.php?rest_route=\/wp\/v2\/users\/14"}],"replies":[{"embeddable":true,"href":"https:\/\/www.diarioimagen.net\/index.php?rest_route=%2Fwp%2Fv2%2Fcomments&post=691251"}],"version-history":[{"count":1,"href":"https:\/\/www.diarioimagen.net\/index.php?rest_route=\/wp\/v2\/posts\/691251\/revisions"}],"predecessor-version":[{"id":691253,"href":"https:\/\/www.diarioimagen.net\/index.php?rest_route=\/wp\/v2\/posts\/691251\/revisions\/691253"}],"wp:featuredmedia":[{"embeddable":true,"href":"https:\/\/www.diarioimagen.net\/index.php?rest_route=\/wp\/v2\/media\/691252"}],"wp:attachment":[{"href":"https:\/\/www.diarioimagen.net\/index.php?rest_route=%2Fwp%2Fv2%2Fmedia&parent=691251"}],"wp:term":[{"taxonomy":"category","embeddable":true,"href":"https:\/\/www.diarioimagen.net\/index.php?rest_route=%2Fwp%2Fv2%2Fcategories&post=691251"},{"taxonomy":"post_tag","embeddable":true,"href":"https:\/\/www.diarioimagen.net\/index.php?rest_route=%2Fwp%2Fv2%2Ftags&post=691251"}],"curies":[{"name":"wp","href":"https:\/\/api.w.org\/{rel}","templated":true}]}}