{"id":691254,"date":"2025-10-30T19:15:14","date_gmt":"2025-10-31T01:15:14","guid":{"rendered":"https:\/\/www.diarioimagen.net\/?p=691254"},"modified":"2025-10-30T19:15:14","modified_gmt":"2025-10-31T01:15:14","slug":"organizan-en-edomex-la-primera-cumbre-500-mujeres-que-inspiran","status":"publish","type":"post","link":"https:\/\/www.diarioimagen.net\/?p=691254","title":{"rendered":"Organizan en Edomex la primera  cumbre \u201c500 Mujeres que Inspiran\u201d"},"content":{"rendered":"<ul>\n<li><strong>Reconocimiento al liderazgo<\/strong><\/li>\n<\/ul>\n<div id=\"attachment_691255\" style=\"width: 398px\" class=\"wp-caption alignnone\"><img loading=\"lazy\" decoding=\"async\" aria-describedby=\"caption-attachment-691255\" class=\"wp-image-691255 size-large\" src=\"https:\/\/www.diarioimagen.net\/wp-content\/uploads\/2025\/10\/BAENA-3-ok-19-388x270.jpg\" alt=\"\" width=\"388\" height=\"270\" srcset=\"https:\/\/www.diarioimagen.net\/wp-content\/uploads\/2025\/10\/BAENA-3-ok-19-388x270.jpg 388w, https:\/\/www.diarioimagen.net\/wp-content\/uploads\/2025\/10\/BAENA-3-ok-19-240x167.jpg 240w, https:\/\/www.diarioimagen.net\/wp-content\/uploads\/2025\/10\/BAENA-3-ok-19-768x535.jpg 768w, https:\/\/www.diarioimagen.net\/wp-content\/uploads\/2025\/10\/BAENA-3-ok-19.jpg 1500w\" sizes=\"auto, (max-width: 388px) 100vw, 388px\" \/><p id=\"caption-attachment-691255\" class=\"wp-caption-text\">Se llev\u00f3 a cabo en Edomex la primera cumbre \u201c500 Mujeres que Inspiran\u201d con la intenci\u00f3n de reconocer su trabajo como l\u00edderes y resaltar las diversas acciones realizadas en favor de la ciudadan\u00eda.<\/p><\/div>\n<p>&nbsp;<\/p>\n<p>Valle de M\u00e9xico.- Durante un encuentro hist\u00f3rico entre cientos de mujeres, l\u00edderes en la entidad mexiquense, se llev\u00f3 a cabo la primera cumbre \u201c500 Mujeres que Inspiran\u201d con la intenci\u00f3n de reconocer su trabajo como l\u00edderes y resaltar las diversas acciones realizadas en favor de la ciudadan\u00eda.<\/p>\n<p>&nbsp;<\/p>\n<p>El compromiso de trabajo y apoyo incondicional para todas las mujeres fue destacado por la maestra Mar\u00eda Esther Rodr\u00edguez, secretaria de \u00abLas Mujeres en Edomex\u00bb,\u00a0 y en el evento se dieron cita Gloria Zarza Guadarrama, atleta paral\u00edmpica y medallista de oro.<\/p>\n<p>&nbsp;<\/p>\n<p>Adem\u00e1s, estaban Margarita de la Vega Lazaro, ganadora de la presea Estado de M\u00e9xico y reconocida por su trabajo en la preservaci\u00f3n y ense\u00f1anza de la lengua otom\u00ed y la promoci\u00f3n de la cultura ind\u00edgena en la entidad, as\u00ed como Palmira Jaimes, presidenta de AMMJE.<\/p>\n<p>&nbsp;<\/p>\n<p>Ah\u00ed, la senadora Sandra Luz Falc\u00f3n, la diputada local y presidenta de la comisi\u00f3n de igualdad de g\u00e9nero, Zaira Cedillo Silva, Tania Jessica P\u00e9rez Buend\u00eda, directora de la Universidad Aut\u00f3noma Chapingo, adem\u00e1s de la participaci\u00f3n activa de Amalia Salas Casales, luchadora social, compartieron sus experiencias de vida y de \u00e9xito, con las mujeres asistentes.<\/p>\n<p>&nbsp;<\/p>\n<p>Entre las asistentes destacaron las alcaldesas de Nicol\u00e1s Romero, Tenango del Aire, Acolman, Ixtapan de la sal, San Sim\u00f3n de Guerrero, diputadas locales, federales, lideresas sindicales, presidentas de asociaciones civiles y de c\u00e1maras empresariales, deportistas medallistas y l\u00edderes de pueblos originarios.<\/p>\n<p>&nbsp;<\/p>\n<p>Al respecto, F\u00e1tima Olivares, presidenta de Embajadoras Mx, recalc\u00f3 que el tiempo de las mujeres lleg\u00f3 para quedarse y que lo que viene ser\u00e1 mejor, porque lo van a hacer todas juntas, ya que son miles de mujeres las que inspiran a lo largo y ancho del Estado de M\u00e9xico.<\/p>\n<p>&nbsp;<\/p>\n<p>&nbsp;<\/p>\n<p>&nbsp;<\/p>\n","protected":false},"excerpt":{"rendered":"<p>Reconocimiento al liderazgo &nbsp; Valle de M\u00e9xico.- Durante un encuentro hist\u00f3rico entre cientos de mujeres, l\u00edderes en la entidad mexiquense, se llev\u00f3 a cabo la primera cumbre \u201c500 Mujeres que Inspiran\u201d con la intenci\u00f3n de reconocer su trabajo como l\u00edderes y resaltar las diversas acciones realizadas en favor de la ciudadan\u00eda. &nbsp; El compromiso de [&hellip;]<\/p>\n","protected":false},"author":14,"featured_media":691255,"comment_status":"open","ping_status":"open","sticky":false,"template":"","format":"standard","meta":{"_monsterinsights_skip_tracking":false,"_monsterinsights_sitenote_active":false,"_monsterinsights_sitenote_note":"","_monsterinsights_sitenote_category":0,"footnotes":""},"categories":[5],"tags":[],"class_list":["post-691254","post","type-post","status-publish","format-standard","has-post-thumbnail","hentry","category-estado-de-mexico"],"_links":{"self":[{"href":"https:\/\/www.diarioimagen.net\/index.php?rest_route=\/wp\/v2\/posts\/691254","targetHints":{"allow":["GET"]}}],"collection":[{"href":"https:\/\/www.diarioimagen.net\/index.php?rest_route=\/wp\/v2\/posts"}],"about":[{"href":"https:\/\/www.diarioimagen.net\/index.php?rest_route=\/wp\/v2\/types\/post"}],"author":[{"embeddable":true,"href":"https:\/\/www.diarioimagen.net\/index.php?rest_route=\/wp\/v2\/users\/14"}],"replies":[{"embeddable":true,"href":"https:\/\/www.diarioimagen.net\/index.php?rest_route=%2Fwp%2Fv2%2Fcomments&post=691254"}],"version-history":[{"count":1,"href":"https:\/\/www.diarioimagen.net\/index.php?rest_route=\/wp\/v2\/posts\/691254\/revisions"}],"predecessor-version":[{"id":691256,"href":"https:\/\/www.diarioimagen.net\/index.php?rest_route=\/wp\/v2\/posts\/691254\/revisions\/691256"}],"wp:featuredmedia":[{"embeddable":true,"href":"https:\/\/www.diarioimagen.net\/index.php?rest_route=\/wp\/v2\/media\/691255"}],"wp:attachment":[{"href":"https:\/\/www.diarioimagen.net\/index.php?rest_route=%2Fwp%2Fv2%2Fmedia&parent=691254"}],"wp:term":[{"taxonomy":"category","embeddable":true,"href":"https:\/\/www.diarioimagen.net\/index.php?rest_route=%2Fwp%2Fv2%2Fcategories&post=691254"},{"taxonomy":"post_tag","embeddable":true,"href":"https:\/\/www.diarioimagen.net\/index.php?rest_route=%2Fwp%2Fv2%2Ftags&post=691254"}],"curies":[{"name":"wp","href":"https:\/\/api.w.org\/{rel}","templated":true}]}}