{"id":691257,"date":"2025-10-30T19:16:45","date_gmt":"2025-10-31T01:16:45","guid":{"rendered":"https:\/\/www.diarioimagen.net\/?p=691257"},"modified":"2025-10-30T19:16:45","modified_gmt":"2025-10-31T01:16:45","slug":"mejor-calidad-de-vida-para-los-tlalnepantlenses-raciel-perez","status":"publish","type":"post","link":"https:\/\/www.diarioimagen.net\/?p=691257","title":{"rendered":"Mejor calidad de vida para los tlalnepantlenses: Raciel P\u00e9rez"},"content":{"rendered":"<div id=\"attachment_691258\" style=\"width: 322px\" class=\"wp-caption alignnone\"><img loading=\"lazy\" decoding=\"async\" aria-describedby=\"caption-attachment-691258\" class=\"wp-image-691258 size-large\" src=\"https:\/\/www.diarioimagen.net\/wp-content\/uploads\/2025\/10\/BAENA-4-ok-21-312x270.jpg\" alt=\"\" width=\"312\" height=\"270\" srcset=\"https:\/\/www.diarioimagen.net\/wp-content\/uploads\/2025\/10\/BAENA-4-ok-21-312x270.jpg 312w, https:\/\/www.diarioimagen.net\/wp-content\/uploads\/2025\/10\/BAENA-4-ok-21-240x208.jpg 240w, https:\/\/www.diarioimagen.net\/wp-content\/uploads\/2025\/10\/BAENA-4-ok-21-768x664.jpg 768w, https:\/\/www.diarioimagen.net\/wp-content\/uploads\/2025\/10\/BAENA-4-ok-21-1536x1329.jpg 1536w, https:\/\/www.diarioimagen.net\/wp-content\/uploads\/2025\/10\/BAENA-4-ok-21-2048x1772.jpg 2048w\" sizes=\"auto, (max-width: 312px) 100vw, 312px\" \/><p id=\"caption-attachment-691258\" class=\"wp-caption-text\">Mejor calidad de vida para los tlalnepantlenses: Raciel P\u00e9rez<\/p><\/div>\n<p>&nbsp;<\/p>\n<p>Tlalnepantla, M\u00e9x.- Las personas con discapacidad merecen un Tlalnepantla incluyente y para ello, durante la Quinta Sesi\u00f3n de Cabildo Abierto, ciudadanas y ciudadanos presentaron diversas propuestas con el objetivo de que las autoridades municipales impulsen iniciativas que eleven la calidad de vida de este sector poblacional. Previo a escuchar las intervenciones de las y los participantes, el presidente municipal Raciel P\u00e9rez Cruz afirm\u00f3 que la intenci\u00f3n es construir una ciudad en la que todas las personas puedan ejercer plenamente sus derechos y tener voz en la vida p\u00fablica de la demarcaci\u00f3n.<\/p>\n<p>&nbsp;<\/p>\n<p>&nbsp;<\/p>\n<p>&nbsp;<\/p>\n<p>\u201cSabemos que en Nuestra Ciudad todos los d\u00edas hacen su vida, construyen sus historias, con alguna discapacidad y esta realidad nos obliga necesariamente a gobernar con sensibilidad, pero sobre todo a fortalecer las pol\u00edticas de inclusi\u00f3n y garantizar que todas las personas cuenten con las mismas oportunidades\u201d coment\u00f3<\/p>\n","protected":false},"excerpt":{"rendered":"<p>&nbsp; Tlalnepantla, M\u00e9x.- Las personas con discapacidad merecen un Tlalnepantla incluyente y para ello, durante la Quinta Sesi\u00f3n de Cabildo Abierto, ciudadanas y ciudadanos presentaron diversas propuestas con el objetivo de que las autoridades municipales impulsen iniciativas que eleven la calidad de vida de este sector poblacional. Previo a escuchar las intervenciones de las y [&hellip;]<\/p>\n","protected":false},"author":14,"featured_media":691258,"comment_status":"open","ping_status":"open","sticky":false,"template":"","format":"standard","meta":{"_monsterinsights_skip_tracking":false,"_monsterinsights_sitenote_active":false,"_monsterinsights_sitenote_note":"","_monsterinsights_sitenote_category":0,"footnotes":""},"categories":[5],"tags":[],"class_list":["post-691257","post","type-post","status-publish","format-standard","has-post-thumbnail","hentry","category-estado-de-mexico"],"_links":{"self":[{"href":"https:\/\/www.diarioimagen.net\/index.php?rest_route=\/wp\/v2\/posts\/691257","targetHints":{"allow":["GET"]}}],"collection":[{"href":"https:\/\/www.diarioimagen.net\/index.php?rest_route=\/wp\/v2\/posts"}],"about":[{"href":"https:\/\/www.diarioimagen.net\/index.php?rest_route=\/wp\/v2\/types\/post"}],"author":[{"embeddable":true,"href":"https:\/\/www.diarioimagen.net\/index.php?rest_route=\/wp\/v2\/users\/14"}],"replies":[{"embeddable":true,"href":"https:\/\/www.diarioimagen.net\/index.php?rest_route=%2Fwp%2Fv2%2Fcomments&post=691257"}],"version-history":[{"count":1,"href":"https:\/\/www.diarioimagen.net\/index.php?rest_route=\/wp\/v2\/posts\/691257\/revisions"}],"predecessor-version":[{"id":691259,"href":"https:\/\/www.diarioimagen.net\/index.php?rest_route=\/wp\/v2\/posts\/691257\/revisions\/691259"}],"wp:featuredmedia":[{"embeddable":true,"href":"https:\/\/www.diarioimagen.net\/index.php?rest_route=\/wp\/v2\/media\/691258"}],"wp:attachment":[{"href":"https:\/\/www.diarioimagen.net\/index.php?rest_route=%2Fwp%2Fv2%2Fmedia&parent=691257"}],"wp:term":[{"taxonomy":"category","embeddable":true,"href":"https:\/\/www.diarioimagen.net\/index.php?rest_route=%2Fwp%2Fv2%2Fcategories&post=691257"},{"taxonomy":"post_tag","embeddable":true,"href":"https:\/\/www.diarioimagen.net\/index.php?rest_route=%2Fwp%2Fv2%2Ftags&post=691257"}],"curies":[{"name":"wp","href":"https:\/\/api.w.org\/{rel}","templated":true}]}}