{"id":691307,"date":"2025-10-30T21:03:16","date_gmt":"2025-10-31T03:03:16","guid":{"rendered":"https:\/\/www.diarioimagen.net\/?p=691307"},"modified":"2025-10-30T21:03:16","modified_gmt":"2025-10-31T03:03:16","slug":"sectur-y-la-canaero-se-unen-en-favor-de-la-proteccion-de-ninos-y-adolescentes-en-el-sector-turistico","status":"publish","type":"post","link":"https:\/\/www.diarioimagen.net\/?p=691307","title":{"rendered":"Sectur y la Canaero se unen en  favor de la protecci\u00f3n de ni\u00f1os y  adolescentes en el sector tur\u00edstico"},"content":{"rendered":"<ul>\n<li><strong>Firman acuerdo de colaboraci\u00f3n<\/strong><\/li>\n<li><strong>&#8211; Se busca fortalecer la cultura de protecci\u00f3n integral dentro de la aviaci\u00f3n comercial, incorporando est\u00e1ndares internacionales<\/strong><\/li>\n<\/ul>\n<p><img loading=\"lazy\" decoding=\"async\" class=\"alignnone wp-image-691308 size-large\" src=\"https:\/\/www.diarioimagen.net\/wp-content\/uploads\/2025\/10\/SECTUR-ok-13-294x270.jpg\" alt=\"\" width=\"294\" height=\"270\" srcset=\"https:\/\/www.diarioimagen.net\/wp-content\/uploads\/2025\/10\/SECTUR-ok-13-294x270.jpg 294w, https:\/\/www.diarioimagen.net\/wp-content\/uploads\/2025\/10\/SECTUR-ok-13-240x220.jpg 240w, https:\/\/www.diarioimagen.net\/wp-content\/uploads\/2025\/10\/SECTUR-ok-13-768x705.jpg 768w, https:\/\/www.diarioimagen.net\/wp-content\/uploads\/2025\/10\/SECTUR-ok-13.jpg 1500w\" sizes=\"auto, (max-width: 294px) 100vw, 294px\" \/><\/p>\n<p>La secretaria de Turismo del Gobierno de M\u00e9xico, Josefina Rodr\u00edguez Zamora, y el presidente de la C\u00e1mara Nacional de Aerotransportes (Canaero), Cuitl\u00e1huac Guti\u00e9rrez, encabezaron la firma de un Acuerdo de Colaboraci\u00f3n con el prop\u00f3sito de promover, difundir e impulsar la adhesi\u00f3n e implementaci\u00f3n del C\u00f3digo de Conducta Nacional para la Protecci\u00f3n de Ni\u00f1as, Ni\u00f1os y Adolescentes (CCN) entre las empresas afiliadas a la C\u00e1mara.<\/p>\n<p>La titular de la Secretar\u00eda de Turismo (Sectur) destac\u00f3 la importancia de consolidar una cultura de protecci\u00f3n integral en todas las \u00e1reas del turismo, con especial \u00e9nfasis en la aviaci\u00f3n comercial.<\/p>\n<p>\u201cEsta firma de convenio permitir\u00e1 que Canaero integre a sus afiliados en el proceso para obtener el Distintivo C\u00f3digo de Conducta Nacional. M\u00e1s all\u00e1 de los beneficios que representa para las empresas, este esfuerzo refuerza la percepci\u00f3n de un M\u00e9xico m\u00e1s seguro, que trabaja en favor de la ni\u00f1ez y la juventud de nuestro pa\u00eds, quienes son el presente y el futuro de lo que viene\u201d,<\/p>\n<p>manifest\u00f3.<\/p>\n<p>Precis\u00f3 que en la presente administraci\u00f3n el Distintivo del C\u00f3digo de Conducta Nacional fue fortalecido con nuevos lineamientos y est\u00e1ndares internacionales, as\u00ed como con una plataforma digital integral que permite una mejor evaluaci\u00f3n y seguimiento. Se\u00f1al\u00f3 que todo el proceso se realiza de manera electr\u00f3nica, en coordinaci\u00f3n con distintas dependencias, e incorpora un protocolo de reacci\u00f3n que garantiza la atenci\u00f3n oportuna de los casos.<\/p>\n<p>Agreg\u00f3 que este fortalecimiento del Distintivo permitir\u00e1 sumar esfuerzos rumbo al Mundial 2026, posicionando a M\u00e9xico en un mercado global cada vez m\u00e1s atento a las pr\u00e1cticas responsables y de protecci\u00f3n hacia la ni\u00f1ez.<\/p>\n<p>Detall\u00f3 que anteriormente el proceso para obtener este reconocimiento se limitaba a la presentaci\u00f3n de evidencias m\u00ednimas, por lo que se actualiz\u00f3 el modelo con el fin de garantizar una protecci\u00f3n efectiva y verificable.<\/p>\n<p>Asimismo, se\u00f1al\u00f3 que el Distintivo se ampl\u00eda m\u00e1s all\u00e1 del sector hotelero, con el prop\u00f3sito de incluir a todos los prestadores de servicios tur\u00edsticos, entre ellos las empresas del sector a\u00e9reo, que juegan un papel fundamental en la cadena de valor del turismo.<\/p>\n<p>Rodr\u00edguez Zamora subray\u00f3 que esta alianza permitir\u00e1 integrar a las aerol\u00edneas y empresas afiliadas al Distintivo C\u00f3digo de Conducta Nacional, reforzando la percepci\u00f3n de un M\u00e9xico m\u00e1s seguro y comprometido con su ni\u00f1ez y juventud.<\/p>\n<p>\u201cM\u00e1s all\u00e1 de los beneficios para las empresas, se trata de proyectar un pa\u00eds que trabaja a favor de su ni\u00f1ez y juventud, que son el presente y el futuro de M\u00e9xico\u201d, concluy\u00f3.<\/p>\n<p>Por su parte, el presidente de Canaero, Cuitl\u00e1huac Guti\u00e9rrez, reafirm\u00f3 el compromiso del sector con la protecci\u00f3n de los derechos de la infancia y la promoci\u00f3n de un turismo responsable.<\/p>\n<p>\u201cEl turismo y la aviaci\u00f3n deben ser motores de desarrollo y bienestar. Por ello, este convenio refleja nuestra convicci\u00f3n de que proteger a las ni\u00f1as, ni\u00f1os y adolescentes es una tarea colectiva y prioritaria. Desde Canaero reafirmamos nuestro compromiso de trabajar junto a la Secretar\u00eda de Turismo para construir un entorno m\u00e1s seguro en cada viaje\u201d, destac\u00f3.<\/p>\n<p>El convenio busca fortalecer el compromiso del sector a\u00e9reo con la prevenci\u00f3n del trabajo infantil y de cualquier forma de explotaci\u00f3n en el \u00e1mbito del transporte a\u00e9reo y los servicios<\/p>\n<p>tur\u00edsticos vinculados, contribuyendo as\u00ed a la construcci\u00f3n de un entorno seguro, \u00e9tico y responsable para los menores de edad.<\/p>\n<p>&nbsp;<\/p>\n","protected":false},"excerpt":{"rendered":"<p>Firman acuerdo de colaboraci\u00f3n &#8211; Se busca fortalecer la cultura de protecci\u00f3n integral dentro de la aviaci\u00f3n comercial, incorporando est\u00e1ndares internacionales La secretaria de Turismo del Gobierno de M\u00e9xico, Josefina Rodr\u00edguez Zamora, y el presidente de la C\u00e1mara Nacional de Aerotransportes (Canaero), Cuitl\u00e1huac Guti\u00e9rrez, encabezaron la firma de un Acuerdo de Colaboraci\u00f3n con el prop\u00f3sito [&hellip;]<\/p>\n","protected":false},"author":14,"featured_media":691308,"comment_status":"open","ping_status":"open","sticky":false,"template":"","format":"standard","meta":{"_monsterinsights_skip_tracking":false,"_monsterinsights_sitenote_active":false,"_monsterinsights_sitenote_note":"","_monsterinsights_sitenote_category":0,"footnotes":""},"categories":[11],"tags":[],"class_list":["post-691307","post","type-post","status-publish","format-standard","has-post-thumbnail","hentry","category-turismo"],"_links":{"self":[{"href":"https:\/\/www.diarioimagen.net\/index.php?rest_route=\/wp\/v2\/posts\/691307","targetHints":{"allow":["GET"]}}],"collection":[{"href":"https:\/\/www.diarioimagen.net\/index.php?rest_route=\/wp\/v2\/posts"}],"about":[{"href":"https:\/\/www.diarioimagen.net\/index.php?rest_route=\/wp\/v2\/types\/post"}],"author":[{"embeddable":true,"href":"https:\/\/www.diarioimagen.net\/index.php?rest_route=\/wp\/v2\/users\/14"}],"replies":[{"embeddable":true,"href":"https:\/\/www.diarioimagen.net\/index.php?rest_route=%2Fwp%2Fv2%2Fcomments&post=691307"}],"version-history":[{"count":1,"href":"https:\/\/www.diarioimagen.net\/index.php?rest_route=\/wp\/v2\/posts\/691307\/revisions"}],"predecessor-version":[{"id":691309,"href":"https:\/\/www.diarioimagen.net\/index.php?rest_route=\/wp\/v2\/posts\/691307\/revisions\/691309"}],"wp:featuredmedia":[{"embeddable":true,"href":"https:\/\/www.diarioimagen.net\/index.php?rest_route=\/wp\/v2\/media\/691308"}],"wp:attachment":[{"href":"https:\/\/www.diarioimagen.net\/index.php?rest_route=%2Fwp%2Fv2%2Fmedia&parent=691307"}],"wp:term":[{"taxonomy":"category","embeddable":true,"href":"https:\/\/www.diarioimagen.net\/index.php?rest_route=%2Fwp%2Fv2%2Fcategories&post=691307"},{"taxonomy":"post_tag","embeddable":true,"href":"https:\/\/www.diarioimagen.net\/index.php?rest_route=%2Fwp%2Fv2%2Ftags&post=691307"}],"curies":[{"name":"wp","href":"https:\/\/api.w.org\/{rel}","templated":true}]}}