{"id":691498,"date":"2025-11-02T21:06:01","date_gmt":"2025-11-03T03:06:01","guid":{"rendered":"https:\/\/www.diarioimagen.net\/?p=691498"},"modified":"2025-11-02T21:06:01","modified_gmt":"2025-11-03T03:06:01","slug":"sheinbaum-pardo-anuncia-centros-de-alto-rendimiento-comunitario-mexico-imparable","status":"publish","type":"post","link":"https:\/\/www.diarioimagen.net\/?p=691498","title":{"rendered":"Sheinbaum Pardo anuncia  Centros de Alto Rendimiento  Comunitario M\u00e9xico Imparable"},"content":{"rendered":"<ul>\n<li><strong>Presentaci\u00f3n del medio marat\u00f3n Ra\u00edces del Fuego <\/strong><\/li>\n<li><strong>Estar\u00e1n ubicados en distintos municipios del pa\u00eds para que las y los j\u00f3venes realicen actividades deportivas<\/strong><\/li>\n<\/ul>\n<div id=\"attachment_691499\" style=\"width: 444px\" class=\"wp-caption alignnone\"><img loading=\"lazy\" decoding=\"async\" aria-describedby=\"caption-attachment-691499\" class=\"wp-image-691499 size-large\" src=\"https:\/\/www.diarioimagen.net\/wp-content\/uploads\/2025\/11\/MANANERA-ok-e1762139138250-434x270.jpg\" alt=\"\" width=\"434\" height=\"270\" srcset=\"https:\/\/www.diarioimagen.net\/wp-content\/uploads\/2025\/11\/MANANERA-ok-e1762139138250-434x270.jpg 434w, https:\/\/www.diarioimagen.net\/wp-content\/uploads\/2025\/11\/MANANERA-ok-e1762139138250-240x149.jpg 240w, https:\/\/www.diarioimagen.net\/wp-content\/uploads\/2025\/11\/MANANERA-ok-e1762139138250-768x478.jpg 768w, https:\/\/www.diarioimagen.net\/wp-content\/uploads\/2025\/11\/MANANERA-ok-e1762139138250.jpg 1500w\" sizes=\"auto, (max-width: 434px) 100vw, 434px\" \/><p id=\"caption-attachment-691499\" class=\"wp-caption-text\">Claudia Sheinbaum Pardo, anunci\u00f3 durante la presentaci\u00f3n del medio marat\u00f3n Ra\u00edces de Fuego de M\u00e9xico Imparable. Aqu\u00ed con Mirna Beatriz de la Cruz \u00c1lvarez, atleta y l\u00edder de M\u00e9xico Imparable, y Lorena Ram\u00edrez Nahueachi, corredora rar\u00e1muri ultramaratonista y embajadora de M\u00e9xico Imparable.<\/p><\/div>\n<p>La Presidenta Claudia Sheinbaum Pardo, anunci\u00f3 durante la presentaci\u00f3n del medio marat\u00f3n Ra\u00edces de Fuego de M\u00e9xico Imparable, \u2014serial de carreras que unifica el deporte y se visibiliza a los pueblos originarios\u2014, que se crear\u00e1n los Centros de Alto Rendimiento Comunitario, cuya construcci\u00f3n se realizar\u00e1 en distintos municipios del pa\u00eds para que las y los j\u00f3venes realicen actividades deportivas.<\/p>\n<p>\u201cEste gran esfuerzo de M\u00e9xico Imparable gracias a Estrella (Mirna Beatriz de la Cruz \u00c1lvarez, atleta y l\u00edder de M\u00e9xico Imparable) y a Lorena (Ram\u00edrez Nahueachi, corredora rar\u00e1muri ultramaratonista y embajadora de M\u00e9xico Imparable). Porque como parte del programa de apoyo a las y los j\u00f3venes de M\u00e9xico, el pr\u00f3ximo a\u00f1o nos van a ayudar a hacer estos Centros de Alto Rendimiento Comunitario M\u00e9xico Imparable, que van a estar en distintos lugares de la rep\u00fablica y est\u00e1 inspirado en esta gran iniciativa que han impulsado Estrella y Lorena\u201d, puntualiz\u00f3 en la conferencia matutina: \u201cLas ma\u00f1aneras del pueblo\u201d.<\/p>\n<p>La atleta y l\u00edder de M\u00e9xico Imparable, Mirna Beatriz de la Cruz \u00c1lvarez, record\u00f3 que esta iniciativa busca conectar el deporte, la cultura y la identidad, se trata de una plataforma que visibiliza a los pueblos originarios y su entorno, por ello invit\u00f3 a las mexicanas y mexicanos a participar a la carrera Ra\u00edces de Fuego De M\u00e9xico Imparable que se realizar\u00e1 el pr\u00f3ximo 7 de diciembre en la Ciudad de M\u00e9xico.<\/p>\n<p>Se trata de una ruta que recorre puntos representativos de la capital del pa\u00eds, desde el Z\u00f3calo, la Plaza de las Tres Culturas, la Plaza del \u00c1rbol de la Noche Victoriosa, la Glorieta de las Mujeres que Luchan y que contar\u00e1 con la presencia de corredores de los pueblos originarios de seis estados.<\/p>\n<p>Inform\u00f3 que la primera carrera Ra\u00edces de Agua realizada en Palenque, Chiapas, el pasado 14 de septiembre, gener\u00f3 beneficios tangibles en las comunidades: participaron m\u00e1s de 3 mil corredores de 28 estados y tres pa\u00edses; se obtuvo 94 por ciento de ocupaci\u00f3n hotelera y m\u00e1s de 5 mil visitantes en Palenque.<\/p>\n<p>La corredora rar\u00e1muri ultramaratonista y embajadora de M\u00e9xico Imparable, Lorena Ram\u00edrez Nahueachi, invit\u00f3 a ser parte de esta carrera que visibiliza la cultura de los pueblos originarios.<\/p>\n<p><strong>\u00a0<\/strong><\/p>\n<p><strong>\u00a0<\/strong><\/p>\n<p><strong>Inter\u00e9s pol\u00edtico en bloqueos en carreteras: Sheinbaum<\/strong><\/p>\n<p>&nbsp;<\/p>\n<p>Sobre los bloqueos que mantienen productores de ma\u00edz de Morelos, Sinaloa, Hidalgo, Michoac\u00e1n y Guanajuato, la presidenta Sheinbaum Pardo asegur\u00f3 que \u201cmientras haya intereses leg\u00edtimos se les va a recibir a todos\u201d, pero insisti\u00f3 que \u201chay algunos que tienen intereses pol\u00edticos en todo eso; solamente hay que ver (de) muchos de sus dirigentes a qu\u00e9 partidos pertenecen\u201d.<\/p>\n<p>Manifest\u00f3 que \u201cmuchos de los que tienen tomadas las carreteras, y lo digo con conocimiento, tienen intereses pol\u00edticos y no leg\u00edtimos\u201d.<\/p>\n<p>Por eso ayer dije -record\u00f3- que \u201cmientras haya intereses leg\u00edtimos se les va a recibir a todos;\u00a0 se les recibe y dialoga\u201d.<\/p>\n<p>Anunci\u00f3 que \u201cvamos a presentar, yo creo que la pr\u00f3xima semana, un programa especial para los peque\u00f1os productores de ma\u00edz\u201d, destac\u00f3 que el apoyo directo que se les brinda, as\u00ed como al\u00a0 campo para reforestaci\u00f3n, es de casi 76 mil millones de pesos.<\/p>\n<p>Y mencion\u00f3 que para los medianos productores se dise\u00f1\u00f3 Cosechando soberan\u00eda, que consiste en cr\u00e9ditos a baja tasa de inter\u00e9s, 8.5 por ciento.<\/p>\n<p>&nbsp;<\/p>\n<p><strong>Caso de explotaci\u00f3n laboral infantil<\/strong><\/p>\n<p>&nbsp;<\/p>\n<p>La presidenta Sheinbaum Pardo sostuvo que en el caso de la embarcaci\u00f3n detenida por transportar a menores de edad de Chiapas se est\u00e1 investigando si hay un modelo de explotaci\u00f3n laboral infantil y determinar, en su caso, hay otros delitos vinculados.<\/p>\n<p>Al referirse a este caso, dijo que est\u00e1 detenido el adulto que los acompa\u00f1aba pero se est\u00e1n haciendo las investigaciones pertinentes.<\/p>\n<p>Sin embargo la mandataria descart\u00f3 que este traslado de menores de edad est\u00e9 relacionado con el crimen organizado.<\/p>\n<p>La Secretar\u00eda de Marina inform\u00f3 del rescate en altamar de 28 ni\u00f1os y j\u00f3venes que estaban en una embarcaci\u00f3n procedente del sur del pa\u00eds y que hab\u00edan sido reclutados para trabajar de jornaleros.<\/p>\n<p>La dependencia federal brind\u00f3 apoyo a estas personas que llegaron por sus propios medios al recinto portuario de la terminal dos de La Paz, Baja California a solicitar su ayuda.<\/p>\n<p>&nbsp;<\/p>\n<p><strong>\u00a0<\/strong><\/p>\n<p><strong>Defiende Sheinbaum Pardo el apoyo a Cuba <\/strong><\/p>\n<p>&nbsp;<\/p>\n<p>Tras los cuestionamientos del subsecretario de Estado de Estados Unidos, Christopher Landau, por el apoyo del gobierno federal a Cuba, la presidenta Claudia Sheinbaum se\u00f1al\u00f3 que \u201cla pol\u00edtica exterior de M\u00e9xico la define M\u00e9xico\u2026 somos un pa\u00eds libre, independiente\u201d.<\/p>\n<p>Se\u00f1al\u00f3 que se tienen \u201cmuy buenas relaciones con Washington, (aunque) evidentemente hay temas en los que no estamos de acuerdo; adem\u00e1s de decisiones unilaterales que nos afectan, pero siempre hemos buscado el di\u00e1logo para poder resolver\u201d, como se hace en materia arancelaria y respecto a las barreras comerciales.<\/p>\n<p>En cuanto a los comentarios de Landau, la mandataria destac\u00f3 que \u201cla pol\u00edtica exterior se define con base en nuestros principios\u201d.<\/p>\n<p>Dijo que en la Organizaci\u00f3n de Naciones Unidas, por \u201camplis\u00edsima mayor\u00eda, los pa\u00edses pidieron que ya no continuara el bloqueo a Cuba\u201d, y nuestra pol\u00edtica exterior \u201cla definimos los mexicanos\u201d.<\/p>\n<p>Tambi\u00e9n record\u00f3 que con di\u00e1logo \u201chemos podido resolver\u201d la mayor parte de temas en los que \u201cno estamos de acuerdo\u201d.<\/p>\n<p>De hecho, a\u00f1adi\u00f3, \u201cpienso que muy pronto vamos a llegar a algunos acuerdos comerciales adicionales\u201d.<\/p>\n<p>Afirm\u00f3 que al secretario de Econom\u00eda, Marcelo Ebrard, \u201cle fue muy bien en sus reuniones en la APEC (Organizaci\u00f3n de Cooperaci\u00f3n Econ\u00f3mica Asia-Pac\u00edfico), particularmente con el embajador Jamieson Greer (representante comercial de Estados Unidos), que es con quien se est\u00e1n analizando las 54 medidas no arancelarias.<\/p>\n<p>Dijo que esperar\u00e1 a que \u201cse llegue al acuerdo entre nuestros secretarios y ya despu\u00e9s ver\u00edamos si se puede dar\u201d un encuentro con Trump.<\/p>\n","protected":false},"excerpt":{"rendered":"<p>Presentaci\u00f3n del medio marat\u00f3n Ra\u00edces del Fuego Estar\u00e1n ubicados en distintos municipios del pa\u00eds para que las y los j\u00f3venes realicen actividades deportivas La Presidenta Claudia Sheinbaum Pardo, anunci\u00f3 durante la presentaci\u00f3n del medio marat\u00f3n Ra\u00edces de Fuego de M\u00e9xico Imparable, \u2014serial de carreras que unifica el deporte y se visibiliza a los pueblos originarios\u2014, [&hellip;]<\/p>\n","protected":false},"author":14,"featured_media":691499,"comment_status":"open","ping_status":"open","sticky":false,"template":"","format":"standard","meta":{"_monsterinsights_skip_tracking":false,"_monsterinsights_sitenote_active":false,"_monsterinsights_sitenote_note":"","_monsterinsights_sitenote_category":0,"footnotes":""},"categories":[3],"tags":[],"class_list":["post-691498","post","type-post","status-publish","format-standard","has-post-thumbnail","hentry","category-nacional"],"_links":{"self":[{"href":"https:\/\/www.diarioimagen.net\/index.php?rest_route=\/wp\/v2\/posts\/691498","targetHints":{"allow":["GET"]}}],"collection":[{"href":"https:\/\/www.diarioimagen.net\/index.php?rest_route=\/wp\/v2\/posts"}],"about":[{"href":"https:\/\/www.diarioimagen.net\/index.php?rest_route=\/wp\/v2\/types\/post"}],"author":[{"embeddable":true,"href":"https:\/\/www.diarioimagen.net\/index.php?rest_route=\/wp\/v2\/users\/14"}],"replies":[{"embeddable":true,"href":"https:\/\/www.diarioimagen.net\/index.php?rest_route=%2Fwp%2Fv2%2Fcomments&post=691498"}],"version-history":[{"count":1,"href":"https:\/\/www.diarioimagen.net\/index.php?rest_route=\/wp\/v2\/posts\/691498\/revisions"}],"predecessor-version":[{"id":691500,"href":"https:\/\/www.diarioimagen.net\/index.php?rest_route=\/wp\/v2\/posts\/691498\/revisions\/691500"}],"wp:featuredmedia":[{"embeddable":true,"href":"https:\/\/www.diarioimagen.net\/index.php?rest_route=\/wp\/v2\/media\/691499"}],"wp:attachment":[{"href":"https:\/\/www.diarioimagen.net\/index.php?rest_route=%2Fwp%2Fv2%2Fmedia&parent=691498"}],"wp:term":[{"taxonomy":"category","embeddable":true,"href":"https:\/\/www.diarioimagen.net\/index.php?rest_route=%2Fwp%2Fv2%2Fcategories&post=691498"},{"taxonomy":"post_tag","embeddable":true,"href":"https:\/\/www.diarioimagen.net\/index.php?rest_route=%2Fwp%2Fv2%2Ftags&post=691498"}],"curies":[{"name":"wp","href":"https:\/\/api.w.org\/{rel}","templated":true}]}}