{"id":691510,"date":"2025-11-02T22:14:31","date_gmt":"2025-11-03T04:14:31","guid":{"rendered":"https:\/\/www.diarioimagen.net\/?p=691510"},"modified":"2025-11-02T22:14:31","modified_gmt":"2025-11-03T04:14:31","slug":"sectur-destaca-crecimiento-sostenido-del-pib-turistico-en-el-segundo-trimestre-de-2025","status":"publish","type":"post","link":"https:\/\/www.diarioimagen.net\/?p=691510","title":{"rendered":"Sectur destaca crecimiento  sostenido del PIB Tur\u00edstico en  el segundo trimestre de 2025"},"content":{"rendered":"<ul>\n<li><strong>Desarrollo regional m\u00e1s equilibrado<\/strong><\/li>\n<li><strong>El sector mantiene su papel como impulsor de la econom\u00eda nacional<\/strong><\/li>\n<\/ul>\n<p><strong>\u00a0<\/strong><\/p>\n<p><strong> <img loading=\"lazy\" decoding=\"async\" class=\"alignnone wp-image-691522 size-large\" src=\"https:\/\/www.diarioimagen.net\/wp-content\/uploads\/2025\/11\/SECTUR-ok-397x270.jpg\" alt=\"\" width=\"397\" height=\"270\" srcset=\"https:\/\/www.diarioimagen.net\/wp-content\/uploads\/2025\/11\/SECTUR-ok-397x270.jpg 397w, https:\/\/www.diarioimagen.net\/wp-content\/uploads\/2025\/11\/SECTUR-ok-240x163.jpg 240w, https:\/\/www.diarioimagen.net\/wp-content\/uploads\/2025\/11\/SECTUR-ok-768x522.jpg 768w, https:\/\/www.diarioimagen.net\/wp-content\/uploads\/2025\/11\/SECTUR-ok.jpg 1500w\" sizes=\"auto, (max-width: 397px) 100vw, 397px\" \/><\/strong><\/p>\n<p>&nbsp;<\/p>\n<p>La secretaria de Turismo del Gobierno de M\u00e9xico, Josefina Rodr\u00edguez Zamora, inform\u00f3 que, de acuerdo con los resultados de los Indicadores Trimestrales de la Actividad Tur\u00edstica (ITAT) del Instituto Nacional de Estad\u00edstica y Geograf\u00eda (INEGI), el Indicador Trimestral del PIB Tur\u00edstico, registr\u00f3 un crecimiento de de 0.4 por ciento en comparaci\u00f3n con el primer trimestre de 2025 y de 0.3 por ciento respecto al mismo periodo de 2024.<\/p>\n<p>\u201cEstos datos confirman que la pol\u00edtica tur\u00edstica impulsada por la presidenta Claudia Sheinbaum Pardo contin\u00faa fortaleciendo la econom\u00eda nacional y promoviendo un desarrollo regional m\u00e1s equilibrado\u201d, declar\u00f3.<\/p>\n<p>Asimismo, destac\u00f3 que el Consumo Tur\u00edstico Interior mostr\u00f3 un comportamiento positivo, con un aumento de 0.8 por ciento respecto al trimestre anterior, y de 1.9 por ciento anual, reflejando una mayor movilidad y dinamismo del turismo interno.<\/p>\n<p>Agreg\u00f3 que estos resultados reafirman el compromiso del Gobierno de M\u00e9xico con la innovaci\u00f3n, la sostenibilidad y la inclusi\u00f3n en el desarrollo de los destinos tur\u00edsticos del pa\u00eds.<\/p>\n<p>Av. Presidente Masaryk 172, Col. Bosques de Chapultepec, CP. 11580, Alcald\u00eda Miguel Hidalgo, CDMX. Tel: (55) 3002 6300 www.gob.mx\/sectur<\/p>\n<p>Rodr\u00edguez Zamora destac\u00f3 que el ingreso derivado de la actividad tur\u00edstica mantiene una tendencia ascendente gracias a la colaboraci\u00f3n con los gobiernos estatales y municipales.<\/p>\n<p>Resalt\u00f3 que la consolidaci\u00f3n del turismo nacional es reflejo de una estrategia coordinada que fomenta la inversi\u00f3n, la capacitaci\u00f3n y la diversificaci\u00f3n de la oferta tur\u00edstica en todo el pa\u00eds. Por otra parte, manifest\u00f3 que el trabajo conjunto con los sectores p\u00fablico y privado seguir\u00e1 enfocado en fortalecer el consumo interno y las econom\u00edas locales.<\/p>\n<p>\u201cEl turismo es una fuerza viva que impulsa el desarrollo y la unidad de M\u00e9xico. Seguiremos trabajando para que sus beneficios lleguen a todas y todos\u201d, concluy\u00f3.<\/p>\n<p>&nbsp;<\/p>\n<p><strong>\u00a0<\/strong><\/p>\n<p>&nbsp;<\/p>\n","protected":false},"excerpt":{"rendered":"<p>Desarrollo regional m\u00e1s equilibrado El sector mantiene su papel como impulsor de la econom\u00eda nacional \u00a0 &nbsp; La secretaria de Turismo del Gobierno de M\u00e9xico, Josefina Rodr\u00edguez Zamora, inform\u00f3 que, de acuerdo con los resultados de los Indicadores Trimestrales de la Actividad Tur\u00edstica (ITAT) del Instituto Nacional de Estad\u00edstica y Geograf\u00eda (INEGI), el Indicador Trimestral [&hellip;]<\/p>\n","protected":false},"author":14,"featured_media":691522,"comment_status":"open","ping_status":"open","sticky":false,"template":"","format":"standard","meta":{"_monsterinsights_skip_tracking":false,"_monsterinsights_sitenote_active":false,"_monsterinsights_sitenote_note":"","_monsterinsights_sitenote_category":0,"footnotes":""},"categories":[11],"tags":[],"class_list":["post-691510","post","type-post","status-publish","format-standard","has-post-thumbnail","hentry","category-turismo"],"_links":{"self":[{"href":"https:\/\/www.diarioimagen.net\/index.php?rest_route=\/wp\/v2\/posts\/691510","targetHints":{"allow":["GET"]}}],"collection":[{"href":"https:\/\/www.diarioimagen.net\/index.php?rest_route=\/wp\/v2\/posts"}],"about":[{"href":"https:\/\/www.diarioimagen.net\/index.php?rest_route=\/wp\/v2\/types\/post"}],"author":[{"embeddable":true,"href":"https:\/\/www.diarioimagen.net\/index.php?rest_route=\/wp\/v2\/users\/14"}],"replies":[{"embeddable":true,"href":"https:\/\/www.diarioimagen.net\/index.php?rest_route=%2Fwp%2Fv2%2Fcomments&post=691510"}],"version-history":[{"count":1,"href":"https:\/\/www.diarioimagen.net\/index.php?rest_route=\/wp\/v2\/posts\/691510\/revisions"}],"predecessor-version":[{"id":691532,"href":"https:\/\/www.diarioimagen.net\/index.php?rest_route=\/wp\/v2\/posts\/691510\/revisions\/691532"}],"wp:featuredmedia":[{"embeddable":true,"href":"https:\/\/www.diarioimagen.net\/index.php?rest_route=\/wp\/v2\/media\/691522"}],"wp:attachment":[{"href":"https:\/\/www.diarioimagen.net\/index.php?rest_route=%2Fwp%2Fv2%2Fmedia&parent=691510"}],"wp:term":[{"taxonomy":"category","embeddable":true,"href":"https:\/\/www.diarioimagen.net\/index.php?rest_route=%2Fwp%2Fv2%2Fcategories&post=691510"},{"taxonomy":"post_tag","embeddable":true,"href":"https:\/\/www.diarioimagen.net\/index.php?rest_route=%2Fwp%2Fv2%2Ftags&post=691510"}],"curies":[{"name":"wp","href":"https:\/\/api.w.org\/{rel}","templated":true}]}}