{"id":691559,"date":"2025-11-02T22:23:41","date_gmt":"2025-11-03T04:23:41","guid":{"rendered":"https:\/\/www.diarioimagen.net\/?p=691559"},"modified":"2025-11-02T22:23:41","modified_gmt":"2025-11-03T04:23:41","slug":"se-refuerza-la-gobernanza-de-uaemex-afirma-la-rectora-martha-patricia-zarza","status":"publish","type":"post","link":"https:\/\/www.diarioimagen.net\/?p=691559","title":{"rendered":"Se refuerza la gobernanza de UAEM\u00e9x,  afirma la rectora Martha Patricia Zarza"},"content":{"rendered":"<p><strong>\u00a0<\/strong><\/p>\n<ul>\n<li><strong>El H. Consejo Universitario tom\u00f3 protesta a directores de las facultades de Ciencias Pol\u00edticas y Sociales, de Planeaci\u00f3n Urbana y Regional y del Centro Universitario UAEM Nezahualc\u00f3yotl<\/strong><\/li>\n<\/ul>\n<p>&nbsp;<\/p>\n<div id=\"attachment_691560\" style=\"width: 470px\" class=\"wp-caption alignnone\"><img loading=\"lazy\" decoding=\"async\" aria-describedby=\"caption-attachment-691560\" class=\"wp-image-691560 size-large\" src=\"https:\/\/www.diarioimagen.net\/wp-content\/uploads\/2025\/11\/UAEM-460x241.jpg\" alt=\"\" width=\"460\" height=\"241\" srcset=\"https:\/\/www.diarioimagen.net\/wp-content\/uploads\/2025\/11\/UAEM-460x241.jpg 460w, https:\/\/www.diarioimagen.net\/wp-content\/uploads\/2025\/11\/UAEM-240x126.jpg 240w, https:\/\/www.diarioimagen.net\/wp-content\/uploads\/2025\/11\/UAEM-768x403.jpg 768w, https:\/\/www.diarioimagen.net\/wp-content\/uploads\/2025\/11\/UAEM.jpg 1154w\" sizes=\"auto, (max-width: 460px) 100vw, 460px\" \/><p id=\"caption-attachment-691560\" class=\"wp-caption-text\">El H. Consejo Universitario de la UAEM\u00e9x, presidido por Martha Patricia Zarza, tom\u00f3 protesta a la directora de la Facultad de Ciencias Pol\u00edticas y Sociales, al director de la Facultad de Planeaci\u00f3n Urbana y Regional y al director del Centro Universitario UAEM Nezahualc\u00f3yotl..<\/p><\/div>\n<p>&nbsp;<\/p>\n<p>Toluca, M\u00e9x.- Como ejemplo del fortalecimiento de la gobernanza, democracia y transparencia institucional, el H. Consejo Universitario de la Universidad Aut\u00f3noma del Estado de M\u00e9xico (UAEM\u00e9x) aprob\u00f3 la elecci\u00f3n de directores de tres espacios acad\u00e9micos para el periodo 2025-2029.<\/p>\n<p>Durante la sesi\u00f3n ordinaria correspondiente al mes de octubre, el pleno del m\u00e1ximo \u00f3rgano de gobierno de la instituci\u00f3n, presidido por la rectora Martha Patricia Zarza Delgado, tom\u00f3 protesta a la directora de la Facultad de Ciencias Pol\u00edticas y Sociales, Martha Isabel \u00c1ngeles Constantino. Cabe destacar que en este espacio la participaci\u00f3n de los tres sectores de su comunidad en el proceso de elecci\u00f3n represent\u00f3 76 por ciento, lo cual no ocurr\u00eda desde hace 30 a\u00f1os.<\/p>\n<p>En el Auditorio \u201cIng. Jos\u00e9 Yurrieta Vald\u00e9s\u201d del Edificio Administrativo, se tom\u00f3 protesta al director de la Facultad de Planeaci\u00f3n Urbana y Regional, Benigno Gonz\u00e1lez Garc\u00eda. En este espacio, el proceso electivo se efectu\u00f3 con transparencia y tranquilidad; adem\u00e1s, registr\u00f3 una participaci\u00f3n de 90 por ciento de su comunidad.<\/p>\n<p>Asimismo, se tom\u00f3 protesta al director del Centro Universitario UAEM Nezahualc\u00f3yotl, Carlos Anaya Hern\u00e1ndez. La comunidad de este espacio regional particip\u00f3, por primera vez en su historia, en la elecci\u00f3n del titular de la direcci\u00f3n.<\/p>\n<p>En esta sesi\u00f3n tambi\u00e9n fueron aprobadas la creaci\u00f3n del programa acad\u00e9mico del Diplomado Superior en Simulaci\u00f3n Quir\u00fargica e Intervencionista, la adenda para la apertura de una nueva sede de la Especialidad en Epidemiolog\u00eda en el Hospital General Regional No. 251 del IMSS y la adenda para la apertura de una nueva sede de la Especializaci\u00f3n en Anestesiolog\u00eda en el Hospital General Regional No. 196 deI IMSS, presentadas por la Facultad de Medicina.<\/p>\n<p>De igual manera, se tom\u00f3 protesta a las y los consejeros universitarios representantes del personal acad\u00e9mico de la Facultad de Turismo y Gastronom\u00eda, y a representantes del estudiantado de las facultades de Contadur\u00eda y Administraci\u00f3n, Derecho, Ingenier\u00eda, Odontolog\u00eda y Qu\u00edmica, as\u00ed como del Plantel \u201cDr. Pablo Gonz\u00e1lez Casanova\u201d de la Escuela Preparatoria.<\/p>\n<p>Finalmente, el m\u00e1ximo \u00f3rgano colegiado de la Aut\u00f3noma mexiquense aprob\u00f3 la ampliaci\u00f3n de la vigencia del nombramiento de dos estudiantes representantes de la Facultad de Geograf\u00eda, la cual se extender\u00e1 hasta el mes de febrero del a\u00f1o 2026.<\/p>\n<p>&nbsp;<\/p>\n<p>&nbsp;<\/p>\n","protected":false},"excerpt":{"rendered":"<p>\u00a0 El H. Consejo Universitario tom\u00f3 protesta a directores de las facultades de Ciencias Pol\u00edticas y Sociales, de Planeaci\u00f3n Urbana y Regional y del Centro Universitario UAEM Nezahualc\u00f3yotl &nbsp; &nbsp; Toluca, M\u00e9x.- Como ejemplo del fortalecimiento de la gobernanza, democracia y transparencia institucional, el H. Consejo Universitario de la Universidad Aut\u00f3noma del Estado de M\u00e9xico [&hellip;]<\/p>\n","protected":false},"author":14,"featured_media":691560,"comment_status":"open","ping_status":"open","sticky":false,"template":"","format":"standard","meta":{"_monsterinsights_skip_tracking":false,"_monsterinsights_sitenote_active":false,"_monsterinsights_sitenote_note":"","_monsterinsights_sitenote_category":0,"footnotes":""},"categories":[16,5],"tags":[],"class_list":["post-691559","post","type-post","status-publish","format-standard","has-post-thumbnail","hentry","category-destacadas","category-estado-de-mexico"],"_links":{"self":[{"href":"https:\/\/www.diarioimagen.net\/index.php?rest_route=\/wp\/v2\/posts\/691559","targetHints":{"allow":["GET"]}}],"collection":[{"href":"https:\/\/www.diarioimagen.net\/index.php?rest_route=\/wp\/v2\/posts"}],"about":[{"href":"https:\/\/www.diarioimagen.net\/index.php?rest_route=\/wp\/v2\/types\/post"}],"author":[{"embeddable":true,"href":"https:\/\/www.diarioimagen.net\/index.php?rest_route=\/wp\/v2\/users\/14"}],"replies":[{"embeddable":true,"href":"https:\/\/www.diarioimagen.net\/index.php?rest_route=%2Fwp%2Fv2%2Fcomments&post=691559"}],"version-history":[{"count":1,"href":"https:\/\/www.diarioimagen.net\/index.php?rest_route=\/wp\/v2\/posts\/691559\/revisions"}],"predecessor-version":[{"id":691561,"href":"https:\/\/www.diarioimagen.net\/index.php?rest_route=\/wp\/v2\/posts\/691559\/revisions\/691561"}],"wp:featuredmedia":[{"embeddable":true,"href":"https:\/\/www.diarioimagen.net\/index.php?rest_route=\/wp\/v2\/media\/691560"}],"wp:attachment":[{"href":"https:\/\/www.diarioimagen.net\/index.php?rest_route=%2Fwp%2Fv2%2Fmedia&parent=691559"}],"wp:term":[{"taxonomy":"category","embeddable":true,"href":"https:\/\/www.diarioimagen.net\/index.php?rest_route=%2Fwp%2Fv2%2Fcategories&post=691559"},{"taxonomy":"post_tag","embeddable":true,"href":"https:\/\/www.diarioimagen.net\/index.php?rest_route=%2Fwp%2Fv2%2Ftags&post=691559"}],"curies":[{"name":"wp","href":"https:\/\/api.w.org\/{rel}","templated":true}]}}