{"id":691683,"date":"2025-11-03T20:31:45","date_gmt":"2025-11-04T02:31:45","guid":{"rendered":"https:\/\/www.diarioimagen.net\/?p=691683"},"modified":"2025-11-03T20:31:45","modified_gmt":"2025-11-04T02:31:45","slug":"registro-lleno-total-el-festival-de-las-cuatro-casas-en-el-parque-naucalli","status":"publish","type":"post","link":"https:\/\/www.diarioimagen.net\/?p=691683","title":{"rendered":"Registr\u00f3 lleno total el Festival de las Cuatro Casas, en el Parque Naucalli"},"content":{"rendered":"<p><img loading=\"lazy\" decoding=\"async\" class=\"alignnone wp-image-691684 size-large\" src=\"https:\/\/www.diarioimagen.net\/wp-content\/uploads\/2025\/11\/BAENA-4-OK-1-457x270.jpg\" alt=\"\" width=\"457\" height=\"270\" srcset=\"https:\/\/www.diarioimagen.net\/wp-content\/uploads\/2025\/11\/BAENA-4-OK-1-457x270.jpg 457w, https:\/\/www.diarioimagen.net\/wp-content\/uploads\/2025\/11\/BAENA-4-OK-1-240x142.jpg 240w, https:\/\/www.diarioimagen.net\/wp-content\/uploads\/2025\/11\/BAENA-4-OK-1-768x454.jpg 768w, https:\/\/www.diarioimagen.net\/wp-content\/uploads\/2025\/11\/BAENA-4-OK-1-1536x908.jpg 1536w, https:\/\/www.diarioimagen.net\/wp-content\/uploads\/2025\/11\/BAENA-4-OK-1-2048x1211.jpg 2048w\" sizes=\"auto, (max-width: 457px) 100vw, 457px\" \/><\/p>\n<p>Naucalpan, M\u00e9x.- Alrededor de 50 mil personas de Naucalpan y de diversos municipios de la Zona Metropolitana del Valle de M\u00e9xico, as\u00ed como del interior de la Rep\u00fablica, se dieron cita el pasado fin de semana en el Festival Internacional de las Cuatro Casas para escuchar a las bandas de rock, reggae y ska que encendieron los dos escenarios en el Parque Naucalli, adem\u00e1s de otras actividades art\u00edsticas y culturales. Desde las 10 de la ma\u00f1ana, se registr\u00f3 una afluencia constante de miles de naucalpenses y visitantes de municipios vecinos que siguen llegando para presenciar las actuaciones de sus bandas favoritas, y disfrutar de la exposici\u00f3n art\u00edstica Nocturne, las artes del pancracio, entre otros eventos como talleres programados.<\/p>\n<p>&nbsp;<\/p>\n<p>&nbsp;<\/p>\n<p>&nbsp;<\/p>\n<p>En uno de los escenarios montados, al ritmo de rockabilly de Los Rebel Cats subi\u00f3 el entusiasmo, la euforia y la participaci\u00f3n en los conciertos que, superaron las expectativas de este Festival Internacional que adem\u00e1s ofrece diferentes expresiones culturales y art\u00edsticas enmarcadas en las festividades de D\u00eda de Muertos.<\/p>\n<p>&nbsp;<\/p>\n<p>En este lugar emblem\u00e1tico y como parte de esta primera edici\u00f3n del Festival de las Cuatro Casas, se puede disfrutar de la exposici\u00f3n art\u00edstica Nocturne, que ofrece a los visitantes una visi\u00f3n distinta sobre las criaturas de la noche que surgen en las leyendas, los sue\u00f1os y la mitolog\u00eda.<\/p>\n","protected":false},"excerpt":{"rendered":"<p>Naucalpan, M\u00e9x.- Alrededor de 50 mil personas de Naucalpan y de diversos municipios de la Zona Metropolitana del Valle de M\u00e9xico, as\u00ed como del interior de la Rep\u00fablica, se dieron cita el pasado fin de semana en el Festival Internacional de las Cuatro Casas para escuchar a las bandas de rock, reggae y ska que [&hellip;]<\/p>\n","protected":false},"author":14,"featured_media":691684,"comment_status":"open","ping_status":"open","sticky":false,"template":"","format":"standard","meta":{"_monsterinsights_skip_tracking":false,"_monsterinsights_sitenote_active":false,"_monsterinsights_sitenote_note":"","_monsterinsights_sitenote_category":0,"footnotes":""},"categories":[5],"tags":[],"class_list":["post-691683","post","type-post","status-publish","format-standard","has-post-thumbnail","hentry","category-estado-de-mexico"],"_links":{"self":[{"href":"https:\/\/www.diarioimagen.net\/index.php?rest_route=\/wp\/v2\/posts\/691683","targetHints":{"allow":["GET"]}}],"collection":[{"href":"https:\/\/www.diarioimagen.net\/index.php?rest_route=\/wp\/v2\/posts"}],"about":[{"href":"https:\/\/www.diarioimagen.net\/index.php?rest_route=\/wp\/v2\/types\/post"}],"author":[{"embeddable":true,"href":"https:\/\/www.diarioimagen.net\/index.php?rest_route=\/wp\/v2\/users\/14"}],"replies":[{"embeddable":true,"href":"https:\/\/www.diarioimagen.net\/index.php?rest_route=%2Fwp%2Fv2%2Fcomments&post=691683"}],"version-history":[{"count":1,"href":"https:\/\/www.diarioimagen.net\/index.php?rest_route=\/wp\/v2\/posts\/691683\/revisions"}],"predecessor-version":[{"id":691685,"href":"https:\/\/www.diarioimagen.net\/index.php?rest_route=\/wp\/v2\/posts\/691683\/revisions\/691685"}],"wp:featuredmedia":[{"embeddable":true,"href":"https:\/\/www.diarioimagen.net\/index.php?rest_route=\/wp\/v2\/media\/691684"}],"wp:attachment":[{"href":"https:\/\/www.diarioimagen.net\/index.php?rest_route=%2Fwp%2Fv2%2Fmedia&parent=691683"}],"wp:term":[{"taxonomy":"category","embeddable":true,"href":"https:\/\/www.diarioimagen.net\/index.php?rest_route=%2Fwp%2Fv2%2Fcategories&post=691683"},{"taxonomy":"post_tag","embeddable":true,"href":"https:\/\/www.diarioimagen.net\/index.php?rest_route=%2Fwp%2Fv2%2Ftags&post=691683"}],"curies":[{"name":"wp","href":"https:\/\/api.w.org\/{rel}","templated":true}]}}