{"id":691745,"date":"2025-11-03T21:46:30","date_gmt":"2025-11-04T03:46:30","guid":{"rendered":"https:\/\/www.diarioimagen.net\/?p=691745"},"modified":"2025-11-03T21:46:30","modified_gmt":"2025-11-04T03:46:30","slug":"la-uaemex-promueve-la-conciencia-ambiental","status":"publish","type":"post","link":"https:\/\/www.diarioimagen.net\/?p=691745","title":{"rendered":"La UAEM\u00e9x promueve la conciencia ambiental"},"content":{"rendered":"<div id=\"attachment_691746\" style=\"width: 394px\" class=\"wp-caption alignnone\"><img loading=\"lazy\" decoding=\"async\" aria-describedby=\"caption-attachment-691746\" class=\"wp-image-691746 size-large\" src=\"https:\/\/www.diarioimagen.net\/wp-content\/uploads\/2025\/11\/UAEM-2-384x270.jpg\" alt=\"\" width=\"384\" height=\"270\" srcset=\"https:\/\/www.diarioimagen.net\/wp-content\/uploads\/2025\/11\/UAEM-2-384x270.jpg 384w, https:\/\/www.diarioimagen.net\/wp-content\/uploads\/2025\/11\/UAEM-2-240x169.jpg 240w, https:\/\/www.diarioimagen.net\/wp-content\/uploads\/2025\/11\/UAEM-2-768x541.jpg 768w, https:\/\/www.diarioimagen.net\/wp-content\/uploads\/2025\/11\/UAEM-2-1536x1081.jpg 1536w, https:\/\/www.diarioimagen.net\/wp-content\/uploads\/2025\/11\/UAEM-2-2048x1441.jpg 2048w\" sizes=\"auto, (max-width: 384px) 100vw, 384px\" \/><p id=\"caption-attachment-691746\" class=\"wp-caption-text\">Especialista de la UAEM\u00a0 se\u00f1al\u00f3 que reciclar y separar los residuos electr\u00f3nicos genera beneficios que van m\u00e1s all\u00e1 del cuidado inmediato del entorno, ya que previene la contaminaci\u00f3n, impulsa la econom\u00eda circular y promueve la creaci\u00f3n de empleos.<\/p><\/div>\n<p>&nbsp;<\/p>\n<p>Toluca, M\u00e9x.- En el marco de las actividades de la Campa\u00f1a Universitaria de Acopio de Residuos Electr\u00f3nicos 2025, la Direcci\u00f3n de Protecci\u00f3n al Ambiente de la Universidad Aut\u00f3noma del Estado de M\u00e9xico (UAEM\u00e9x), en colaboraci\u00f3n con la empresa Reciclatr\u00f3nica, llev\u00f3 a cabo la conferencia virtual \u201cImportancia de disponer adecuadamente los residuos electr\u00f3nicos\u201d, impartida por Alejandro Flores Valeriano, con el prop\u00f3sito de destacar el impacto ambiental que generan estos desechos y la relevancia de su manejo responsable.<\/p>\n<p>Durante su participaci\u00f3n, Flores Valeriano explic\u00f3 que los residuos electr\u00f3nicos, tambi\u00e9n conocidos como e-waste, son aquellos aparatos que han concluido su vida \u00fatil y se convierten en desechos. Sin embargo, advirti\u00f3 que su creciente generaci\u00f3n representa un problema ambiental serio, pues s\u00f3lo 22 por ciento de estos materiales se recicla de manera adecuada a nivel global.<\/p>\n<p>El especialista subray\u00f3 que la UAEM\u00e9x constituye un espacio clave para fomentar la conciencia ecol\u00f3gica entre la comunidad estudiantil. \u201cEspacios como este, donde se combinan el conocimiento y la conciencia ambiental, son esenciales. Cada decisi\u00f3n que tomamos tiene un gran impacto en el planeta\u201d, puntualiz\u00f3.<\/p>\n<p>Flores Valeriano indic\u00f3 que reciclar y separar los residuos electr\u00f3nicos genera beneficios que van m\u00e1s all\u00e1 del cuidado inmediato del entorno, ya que previene la contaminaci\u00f3n, impulsa la econom\u00eda circular y promueve la creaci\u00f3n de empleos e innovaci\u00f3n tecnol\u00f3gica. Adem\u00e1s, el reciclaje formal contribuye a reducir la extracci\u00f3n de minerales y el consumo energ\u00e9tico que implica fabricar nuevos dispositivos.<\/p>\n<p>El conferencista tambi\u00e9n abord\u00f3 uno de los principales desaf\u00edos ecol\u00f3gicos actuales: la obsolescencia programada, una pr\u00e1ctica industrial mediante la cual los fabricantes dise\u00f1an productos con una vida \u00fatil limitada para acelerar su reemplazo y fomentar el consumo.<\/p>\n<p>Sostuvo que M\u00e9xico se encuentra entre los 10 pa\u00edses que m\u00e1s residuos electr\u00f3nicos generan en el mundo, con una producci\u00f3n anual superior a 1.2 millones de toneladas, lo que hace urgente fortalecer las pr\u00e1cticas de reciclaje.<\/p>\n<p>Finalmente, Alejandro Flores Valeriano invit\u00f3 a la comunidad universitaria a participar en las jornadas de acopio de residuos electr\u00f3nicos. \u201cNo solo es una oportunidad para cuidar el planeta, sino tambi\u00e9n un recordatorio de que cada acci\u00f3n cuenta. Lo que hoy parece un peque\u00f1o acto puede tener un enorme impacto ambiental. Si la tecnolog\u00eda avanza, que el reciclaje tambi\u00e9n lo haga\u201d, concluy\u00f3.<\/p>\n<p>&nbsp;<\/p>\n<p>&nbsp;<\/p>\n<p>&nbsp;<\/p>\n<p>&nbsp;<\/p>\n<p>&nbsp;<\/p>\n","protected":false},"excerpt":{"rendered":"<p>&nbsp; Toluca, M\u00e9x.- En el marco de las actividades de la Campa\u00f1a Universitaria de Acopio de Residuos Electr\u00f3nicos 2025, la Direcci\u00f3n de Protecci\u00f3n al Ambiente de la Universidad Aut\u00f3noma del Estado de M\u00e9xico (UAEM\u00e9x), en colaboraci\u00f3n con la empresa Reciclatr\u00f3nica, llev\u00f3 a cabo la conferencia virtual \u201cImportancia de disponer adecuadamente los residuos electr\u00f3nicos\u201d, impartida por [&hellip;]<\/p>\n","protected":false},"author":14,"featured_media":691746,"comment_status":"open","ping_status":"open","sticky":false,"template":"","format":"standard","meta":{"_monsterinsights_skip_tracking":false,"_monsterinsights_sitenote_active":false,"_monsterinsights_sitenote_note":"","_monsterinsights_sitenote_category":0,"footnotes":""},"categories":[16,5],"tags":[],"class_list":["post-691745","post","type-post","status-publish","format-standard","has-post-thumbnail","hentry","category-destacadas","category-estado-de-mexico"],"_links":{"self":[{"href":"https:\/\/www.diarioimagen.net\/index.php?rest_route=\/wp\/v2\/posts\/691745","targetHints":{"allow":["GET"]}}],"collection":[{"href":"https:\/\/www.diarioimagen.net\/index.php?rest_route=\/wp\/v2\/posts"}],"about":[{"href":"https:\/\/www.diarioimagen.net\/index.php?rest_route=\/wp\/v2\/types\/post"}],"author":[{"embeddable":true,"href":"https:\/\/www.diarioimagen.net\/index.php?rest_route=\/wp\/v2\/users\/14"}],"replies":[{"embeddable":true,"href":"https:\/\/www.diarioimagen.net\/index.php?rest_route=%2Fwp%2Fv2%2Fcomments&post=691745"}],"version-history":[{"count":1,"href":"https:\/\/www.diarioimagen.net\/index.php?rest_route=\/wp\/v2\/posts\/691745\/revisions"}],"predecessor-version":[{"id":691747,"href":"https:\/\/www.diarioimagen.net\/index.php?rest_route=\/wp\/v2\/posts\/691745\/revisions\/691747"}],"wp:featuredmedia":[{"embeddable":true,"href":"https:\/\/www.diarioimagen.net\/index.php?rest_route=\/wp\/v2\/media\/691746"}],"wp:attachment":[{"href":"https:\/\/www.diarioimagen.net\/index.php?rest_route=%2Fwp%2Fv2%2Fmedia&parent=691745"}],"wp:term":[{"taxonomy":"category","embeddable":true,"href":"https:\/\/www.diarioimagen.net\/index.php?rest_route=%2Fwp%2Fv2%2Fcategories&post=691745"},{"taxonomy":"post_tag","embeddable":true,"href":"https:\/\/www.diarioimagen.net\/index.php?rest_route=%2Fwp%2Fv2%2Ftags&post=691745"}],"curies":[{"name":"wp","href":"https:\/\/api.w.org\/{rel}","templated":true}]}}