{"id":691903,"date":"2025-11-04T19:12:38","date_gmt":"2025-11-05T01:12:38","guid":{"rendered":"https:\/\/www.diarioimagen.net\/?p=691903"},"modified":"2025-11-04T19:12:38","modified_gmt":"2025-11-05T01:12:38","slug":"dejan-sin-pago-a-trabajadores-del-organismo-de-agua-de-el-oro","status":"publish","type":"post","link":"https:\/\/www.diarioimagen.net\/?p=691903","title":{"rendered":"Dejan sin pago a trabajadores del Organismo de Agua de El Oro"},"content":{"rendered":"<p><strong>\u00a0<\/strong><\/p>\n<p><img loading=\"lazy\" decoding=\"async\" class=\"alignnone wp-image-691904 size-large\" src=\"https:\/\/www.diarioimagen.net\/wp-content\/uploads\/2025\/11\/BAENA-4-ok-2-415x270.jpg\" alt=\"\" width=\"415\" height=\"270\" srcset=\"https:\/\/www.diarioimagen.net\/wp-content\/uploads\/2025\/11\/BAENA-4-ok-2-415x270.jpg 415w, https:\/\/www.diarioimagen.net\/wp-content\/uploads\/2025\/11\/BAENA-4-ok-2-240x156.jpg 240w, https:\/\/www.diarioimagen.net\/wp-content\/uploads\/2025\/11\/BAENA-4-ok-2-768x499.jpg 768w, https:\/\/www.diarioimagen.net\/wp-content\/uploads\/2025\/11\/BAENA-4-ok-2.jpg 1500w\" sizes=\"auto, (max-width: 415px) 100vw, 415px\" \/><\/p>\n<p>El Oro, Mex.- La situaci\u00f3n del municipio mexiquense de\u00a0 El Oro lleg\u00f3 al l\u00edmite. Desde el fin de semana la poblaci\u00f3n se qued\u00f3 sin el servicio de agua potable porque a los trabajadores del organismo de agua -ODAPAS- no les pagaron su salario y est\u00e1n en paro por esta causa, pero lo peor es que no hay qui\u00e9n distribuya en pipas. Las quejas de los excesos de la presidenta municipal Juana Elizabeth D\u00edaz Pe\u00f1aloza comenzaron hace tiempo. La situaci\u00f3n de ingobernabilidad, ausencia de obra y atenci\u00f3n en servicios p\u00fablicos hab\u00eda generado descontento social.<\/p>\n<p>&nbsp;<\/p>\n<p>&nbsp;<\/p>\n<p>El cabildo pedir\u00e1 al Congreso la destituci\u00f3n de la alcaldesa<\/p>\n<p>Es por ello que, encabezados por el s\u00edndico del ayuntamiento, Ubaldo Vel\u00e1zquez Piedra, las y los regidores de este municipio acudir\u00e1n a la sede del Congreso del Estado de M\u00e9xico para entregar un documento al presidente de la Junta de Coordinaci\u00f3n Pol\u00edtica, Francisco V\u00e1zquez Rodr\u00edguez, para solicitar la destituci\u00f3n de la alcaldesa. Sin duda, una situaci\u00f3n muy complicada.<\/p>\n","protected":false},"excerpt":{"rendered":"<p>\u00a0 El Oro, Mex.- La situaci\u00f3n del municipio mexiquense de\u00a0 El Oro lleg\u00f3 al l\u00edmite. Desde el fin de semana la poblaci\u00f3n se qued\u00f3 sin el servicio de agua potable porque a los trabajadores del organismo de agua -ODAPAS- no les pagaron su salario y est\u00e1n en paro por esta causa, pero lo peor es [&hellip;]<\/p>\n","protected":false},"author":14,"featured_media":691904,"comment_status":"open","ping_status":"open","sticky":false,"template":"","format":"standard","meta":{"_monsterinsights_skip_tracking":false,"_monsterinsights_sitenote_active":false,"_monsterinsights_sitenote_note":"","_monsterinsights_sitenote_category":0,"footnotes":""},"categories":[5],"tags":[],"class_list":["post-691903","post","type-post","status-publish","format-standard","has-post-thumbnail","hentry","category-estado-de-mexico"],"_links":{"self":[{"href":"https:\/\/www.diarioimagen.net\/index.php?rest_route=\/wp\/v2\/posts\/691903","targetHints":{"allow":["GET"]}}],"collection":[{"href":"https:\/\/www.diarioimagen.net\/index.php?rest_route=\/wp\/v2\/posts"}],"about":[{"href":"https:\/\/www.diarioimagen.net\/index.php?rest_route=\/wp\/v2\/types\/post"}],"author":[{"embeddable":true,"href":"https:\/\/www.diarioimagen.net\/index.php?rest_route=\/wp\/v2\/users\/14"}],"replies":[{"embeddable":true,"href":"https:\/\/www.diarioimagen.net\/index.php?rest_route=%2Fwp%2Fv2%2Fcomments&post=691903"}],"version-history":[{"count":1,"href":"https:\/\/www.diarioimagen.net\/index.php?rest_route=\/wp\/v2\/posts\/691903\/revisions"}],"predecessor-version":[{"id":691905,"href":"https:\/\/www.diarioimagen.net\/index.php?rest_route=\/wp\/v2\/posts\/691903\/revisions\/691905"}],"wp:featuredmedia":[{"embeddable":true,"href":"https:\/\/www.diarioimagen.net\/index.php?rest_route=\/wp\/v2\/media\/691904"}],"wp:attachment":[{"href":"https:\/\/www.diarioimagen.net\/index.php?rest_route=%2Fwp%2Fv2%2Fmedia&parent=691903"}],"wp:term":[{"taxonomy":"category","embeddable":true,"href":"https:\/\/www.diarioimagen.net\/index.php?rest_route=%2Fwp%2Fv2%2Fcategories&post=691903"},{"taxonomy":"post_tag","embeddable":true,"href":"https:\/\/www.diarioimagen.net\/index.php?rest_route=%2Fwp%2Fv2%2Ftags&post=691903"}],"curies":[{"name":"wp","href":"https:\/\/api.w.org\/{rel}","templated":true}]}}