{"id":691908,"date":"2025-11-04T19:15:04","date_gmt":"2025-11-05T01:15:04","guid":{"rendered":"https:\/\/www.diarioimagen.net\/?p=691908"},"modified":"2025-11-04T19:15:04","modified_gmt":"2025-11-05T01:15:04","slug":"el-gobierno-del-edomex-apoya-a-mas-de-12-mil-mexiquenses-desempleados","status":"publish","type":"post","link":"https:\/\/www.diarioimagen.net\/?p=691908","title":{"rendered":"El gobierno del Edomex apoya a m\u00e1s  de 12 mil mexiquenses desempleados"},"content":{"rendered":"<ul>\n<li><strong>Impulso a oportunidades laborales con plan estrat\u00e9gico <\/strong><\/li>\n<li><strong>Se reafirm\u00f3 la pol\u00edtica laboral del Gobierno de Delfina G\u00f3mez \u00c1lvarez, basada en el bienestar y la justicia social<\/strong><\/li>\n<\/ul>\n<div id=\"attachment_691909\" style=\"width: 370px\" class=\"wp-caption alignnone\"><img loading=\"lazy\" decoding=\"async\" aria-describedby=\"caption-attachment-691909\" class=\"wp-image-691909 size-large\" src=\"https:\/\/www.diarioimagen.net\/wp-content\/uploads\/2025\/11\/EDOMEX-1-ok-1-360x270.jpg\" alt=\"\" width=\"360\" height=\"270\" srcset=\"https:\/\/www.diarioimagen.net\/wp-content\/uploads\/2025\/11\/EDOMEX-1-ok-1-360x270.jpg 360w, https:\/\/www.diarioimagen.net\/wp-content\/uploads\/2025\/11\/EDOMEX-1-ok-1-240x180.jpg 240w, https:\/\/www.diarioimagen.net\/wp-content\/uploads\/2025\/11\/EDOMEX-1-ok-1-768x576.jpg 768w, https:\/\/www.diarioimagen.net\/wp-content\/uploads\/2025\/11\/EDOMEX-1-ok-1.jpg 1500w\" sizes=\"auto, (max-width: 360px) 100vw, 360px\" \/><p id=\"caption-attachment-691909\" class=\"wp-caption-text\">La Secretar\u00eda del Trabajo del Estado de M\u00e9xico impulsa oportunidades laborales con el Plan Estatal de Empleo 2025-2027, el cual busca reducir el desempleo y la pobreza laboral.<\/p><\/div>\n<p>Toluca, Estado de M\u00e9xico.\u2013 El gobierno del Estado de M\u00e9xico, a trav\u00e9s de la Secretar\u00eda del Trabajo impulsa oportunidades laborales con el Plan Estatal de Empleo 2025-2027, el cual busca reducir el desempleo y la pobreza laboral para promover la pol\u00edtica de la Maestra Delfina G\u00f3mez basada en el bienestar y la justicia social.<\/p>\n<p>Al encabezar una reuni\u00f3n de trabajo con integrantes de la Comisi\u00f3n Legislativa de Trabajo, Previsi\u00f3n y Seguridad Social de la LXII Legislatura local, el Secretario del Trabajo del Gobierno del Estado de M\u00e9xico, Norberto Morales Poblete, destac\u00f3 que dicho plan representa un hito en la planeaci\u00f3n laboral del Estado de M\u00e9xico, al promover una estrategia integral para fortalecer el empleo formal, el autoempleo, las sociedades cooperativas y el apoyo a personas desempleadas.<\/p>\n<p>Espec\u00edficamente, dijo, el programa de Apoyo al Desempleo para el Bienestar ha apoyado econ\u00f3micamente a m\u00e1s de 12 mil mexiquenses mayores de edad que perdieron su empleo en los \u00faltimos 18 meses; el programa Autoempleo para el Bienestar, ha beneficiado a 4 mil 200 familias, con el otorgamiento de un apoyo en especie (mobiliario, equipo o herramienta) a personas interesadas en emprender o fortalecer un negocio.<\/p>\n<p>Asimismo, se abord\u00f3 el Programa de Fomento Cooperativo para el Bienestar, que busca fortalecer la econom\u00eda social y solidaria, a trav\u00e9s del apoyo a la creaci\u00f3n de cooperativas, donde en el 2024 se apoyaron 89 y 75 se apoyar\u00e1n en este a\u00f1o.<\/p>\n<p>En la reuni\u00f3n con legisladores, se discutieron temas relativos a la intermediaci\u00f3n laboral, inspecci\u00f3n del trabajo, laudos laborales y capacitaci\u00f3n para el empleo.<\/p>\n<p>El Secretario Norberto Morales Poblete subray\u00f3 que el Plan Estatal de Empleo 2025-2027 es una ruta de acci\u00f3n que, bajo el liderazgo de la Gobernadora Delfina G\u00f3mez \u00c1lvarez, busca garantizar m\u00e1s y mejores oportunidades laborales, fortalecer la econom\u00eda solidaria y promover el desarrollo con justicia social en todo el territorio mexiquense.<\/p>\n<p>En representaci\u00f3n de la LXII Legislatura, participaron el Diputado Ernesto Santill\u00e1n Ram\u00edrez, Presidente de la Comisi\u00f3n Legislativa de Trabajo, Previsi\u00f3n y Seguridad Social, y la Diputada Jennifer Nathalie Gonz\u00e1lez L\u00f3pez, integrante de dicha Comisi\u00f3n.<\/p>\n<p>&nbsp;<\/p>\n<p>&nbsp;<\/p>\n<p>&nbsp;<\/p>\n<p><strong>Gobierno mexiquense promueve la capacitaci\u00f3n artesanal <\/strong><\/p>\n<p>&nbsp;<\/p>\n<p>El gobierno del Estado de M\u00e9xico realiz\u00f3 en San Felipe del Progreso el \u201cPrimer Encuentro Intercultural para la Capacitaci\u00f3n en el Marco de la Resistencia de los Pueblos ind\u00edgenas\u201d, orientado a rescatar las tradiciones y fortalecer el trabajo artesanal mediante procesos formativos que vinculan la sabidur\u00eda ancestral con el conocimiento contempor\u00e1neo.<\/p>\n<p>Esta iniciativa fue organizada por el Instituto de Capacitaci\u00f3n y Adiestramiento para el Trabajo Industrial (ICATI), sectorizado en la Secretar\u00eda del Trabajo, que encabeza Norberto Morales Poblete, en coordinaci\u00f3n con el Ayuntamiento de San Felipe del Progreso.<\/p>\n<p><strong>\u00a0<\/strong><\/p>\n<p>&nbsp;<\/p>\n","protected":false},"excerpt":{"rendered":"<p>Impulso a oportunidades laborales con plan estrat\u00e9gico Se reafirm\u00f3 la pol\u00edtica laboral del Gobierno de Delfina G\u00f3mez \u00c1lvarez, basada en el bienestar y la justicia social Toluca, Estado de M\u00e9xico.\u2013 El gobierno del Estado de M\u00e9xico, a trav\u00e9s de la Secretar\u00eda del Trabajo impulsa oportunidades laborales con el Plan Estatal de Empleo 2025-2027, el cual [&hellip;]<\/p>\n","protected":false},"author":14,"featured_media":691909,"comment_status":"open","ping_status":"open","sticky":false,"template":"","format":"standard","meta":{"_monsterinsights_skip_tracking":false,"_monsterinsights_sitenote_active":false,"_monsterinsights_sitenote_note":"","_monsterinsights_sitenote_category":0,"footnotes":""},"categories":[5],"tags":[],"class_list":["post-691908","post","type-post","status-publish","format-standard","has-post-thumbnail","hentry","category-estado-de-mexico"],"_links":{"self":[{"href":"https:\/\/www.diarioimagen.net\/index.php?rest_route=\/wp\/v2\/posts\/691908","targetHints":{"allow":["GET"]}}],"collection":[{"href":"https:\/\/www.diarioimagen.net\/index.php?rest_route=\/wp\/v2\/posts"}],"about":[{"href":"https:\/\/www.diarioimagen.net\/index.php?rest_route=\/wp\/v2\/types\/post"}],"author":[{"embeddable":true,"href":"https:\/\/www.diarioimagen.net\/index.php?rest_route=\/wp\/v2\/users\/14"}],"replies":[{"embeddable":true,"href":"https:\/\/www.diarioimagen.net\/index.php?rest_route=%2Fwp%2Fv2%2Fcomments&post=691908"}],"version-history":[{"count":1,"href":"https:\/\/www.diarioimagen.net\/index.php?rest_route=\/wp\/v2\/posts\/691908\/revisions"}],"predecessor-version":[{"id":691910,"href":"https:\/\/www.diarioimagen.net\/index.php?rest_route=\/wp\/v2\/posts\/691908\/revisions\/691910"}],"wp:featuredmedia":[{"embeddable":true,"href":"https:\/\/www.diarioimagen.net\/index.php?rest_route=\/wp\/v2\/media\/691909"}],"wp:attachment":[{"href":"https:\/\/www.diarioimagen.net\/index.php?rest_route=%2Fwp%2Fv2%2Fmedia&parent=691908"}],"wp:term":[{"taxonomy":"category","embeddable":true,"href":"https:\/\/www.diarioimagen.net\/index.php?rest_route=%2Fwp%2Fv2%2Fcategories&post=691908"},{"taxonomy":"post_tag","embeddable":true,"href":"https:\/\/www.diarioimagen.net\/index.php?rest_route=%2Fwp%2Fv2%2Ftags&post=691908"}],"curies":[{"name":"wp","href":"https:\/\/api.w.org\/{rel}","templated":true}]}}