{"id":691914,"date":"2025-11-04T19:17:48","date_gmt":"2025-11-05T01:17:48","guid":{"rendered":"https:\/\/www.diarioimagen.net\/?p=691914"},"modified":"2025-11-04T19:17:48","modified_gmt":"2025-11-05T01:17:48","slug":"presidenta-sheinbaum-anuncia-plan-michoacan-por-la-paz-y-la-justicia","status":"publish","type":"post","link":"https:\/\/www.diarioimagen.net\/?p=691914","title":{"rendered":"Presidenta Sheinbaum  anuncia Plan Michoac\u00e1n  por la Paz y la Justicia  \u00a0"},"content":{"rendered":"<ul>\n<li><strong>\u201cLa seguridad no se sostiene con guerras\u201d<\/strong><\/li>\n<li><strong>Se basa en tres ejes: 1. Seguridad y Justicia; 2. Desarrollo econ\u00f3mico con Justicia; y 3. Educaci\u00f3n y Cultura para la Paz<\/strong><\/li>\n<\/ul>\n<div id=\"attachment_691915\" style=\"width: 415px\" class=\"wp-caption alignnone\"><img loading=\"lazy\" decoding=\"async\" aria-describedby=\"caption-attachment-691915\" class=\"wp-image-691915 size-large\" src=\"https:\/\/www.diarioimagen.net\/wp-content\/uploads\/2025\/11\/MANANERA-ok-2-405x270.jpg\" alt=\"\" width=\"405\" height=\"270\" srcset=\"https:\/\/www.diarioimagen.net\/wp-content\/uploads\/2025\/11\/MANANERA-ok-2-405x270.jpg 405w, https:\/\/www.diarioimagen.net\/wp-content\/uploads\/2025\/11\/MANANERA-ok-2-240x160.jpg 240w, https:\/\/www.diarioimagen.net\/wp-content\/uploads\/2025\/11\/MANANERA-ok-2-768x512.jpg 768w, https:\/\/www.diarioimagen.net\/wp-content\/uploads\/2025\/11\/MANANERA-ok-2.jpg 1500w\" sizes=\"auto, (max-width: 405px) 100vw, 405px\" \/><p id=\"caption-attachment-691915\" class=\"wp-caption-text\">Claudia Sheinbaum Pardo present\u00f3 el Plan Michoac\u00e1n por la Paz y la Justicia, estrategia integral que se basa en tres ejes: 1. Seguridad y Justicia; 2. Desarrollo Econ\u00f3mico con Justicia; y 3. Educaci\u00f3n y Cultura para la Paz.<\/p><\/div>\n<p>&nbsp;<\/p>\n<p>La Presidenta de M\u00e9xico, Claudia Sheinbaum Pardo, present\u00f3 el Plan Michoac\u00e1n por la Paz y la Justicia, estrategia integral que se basa en tres ejes: 1. Seguridad y Justicia; 2. Desarrollo Econ\u00f3mico con Justicia; y 3. Educaci\u00f3n y Cultura para la Paz; la cual se fortalecer\u00e1 con las opiniones de los pueblos originarios, de las mujeres, de los j\u00f3venes, de las autoridades tradicionales, municipales, estatales, de trabajadores del campo, de los sectores productivos y sociales, de las v\u00edctimas y de las familias.<\/p>\n<p>\u201cParte de una convicci\u00f3n profunda de que la seguridad no se sostiene con guerras, sino con justicia, con desarrollo y con respeto a la vida. La paz no se impone con la fuerza, se construye con las personas, con las comunidades y con el trabajo cotidiano de quienes aman su tierra\u00bb, puntualiz\u00f3.<\/p>\n<p>La Jefa del Ejecutivo federal se\u00f1al\u00f3 que el Gobierno de M\u00e9xico comparte el sentimiento de dolor e indignaci\u00f3n por el cobarde asesinato del presidente municipal de Uruapan, Carlos Manzo, por lo que se actuar\u00e1 con responsabilidad, con justicia y respeto a la gente.<\/p>\n<p>Detall\u00f3 que algunas de las acciones del Plan Michoac\u00e1n por la Paz y la Justicia son:<\/p>\n<ol>\n<li>Seguridad y Justicia. Fortalecimiento de las fuerzas federales a trav\u00e9s de unidades conjuntas: Guardia Nacional, Secretar\u00eda de Seguridad y Protecci\u00f3n Ciudadana, Seguridad y Fiscal\u00eda estatal, enfocadas en homicidios y extorsi\u00f3n. Propuesta al Congreso y al fiscal de Michoac\u00e1n para la creaci\u00f3n de una Fiscal\u00eda Especializada de Investigaci\u00f3n e Inteligencia en Delitos de Alto Impacto. Habr\u00e1 una Oficina de la Presidencia de la Rep\u00fablica en distintos municipios; Mesas de Seguridad quincenales con el Gabinete de Seguridad; un Sistema de Alerta para presidentes municipales, y fortalecimiento de la denuncia an\u00f3nima de extorsi\u00f3n.<\/li>\n<li>Desarrollo Econ\u00f3mico con Justicia. Garantizar seguridad social y salarios dignos a jornaleros agr\u00edcolas y trabajadoras de la agricultura de exportaci\u00f3n; inversi\u00f3n en infraestructura rural y el impulso a un convenio con el sector productivo para m\u00e1s Polos de Desarrollo Econ\u00f3mico para el Bienestar (PODECOBI).<\/li>\n<li>Educaci\u00f3n y Cultura para la Paz. Escuelas de Cultura de Paz; Programas de reinserci\u00f3n y atenci\u00f3n a v\u00edctimas; la campa\u00f1a estatal \u201cRecuperemos Michoac\u00e1n\u00bb; se realizar\u00e1n Mesas de Di\u00e1logo por la Paz; el programa \u201cEscuelas de Paz\u201d; otorgamiento de becas para ayuda en transporte a j\u00f3venes universitarios. Impulso al Deporte Comunitario y Centros de Alto Rendimiento locales, de Centros Comunitarios de Deporte y Bienestar; Centro Regional de Alto Rendimiento en distintos municipios de Michoac\u00e1n; Centros Regionales de Cultura y Memoria; la implementaci\u00f3n de un programa de \u201cArte y Territorio\u201d, el festival anual \u201cVoces de Michoac\u00e1n\u201d y la Red de Casas de Cultura Segura.<\/li>\n<\/ol>\n<p>\u201cA partir del d\u00eda de hoy comenzaremos este trabajo y esperamos que, con este di\u00e1logo abierto a distintos sectores, el fin de semana y si no, a principios de la pr\u00f3xima semana, podamos estar presentando este Plan Integral para la Paz y la Justicia en Michoac\u00e1n, sustentado no en la violencia, sino en la construcci\u00f3n de la paz, s\u00ed con seguridad, con justicia -como lo dijimos ayer-, pero con una serie de acciones que queremos construir con el pueblo de Michoac\u00e1n\u201d, agreg\u00f3.<\/p>\n<p>&nbsp;<\/p>\n<p><strong>Decisi\u00f3n de Per\u00fa no pone en riesgo las relaciones comerciales<\/strong><\/p>\n<p>&nbsp;<\/p>\n<p>Sobre el caso Per\u00fa, la presidenta Claudia Sheinbaum Pardo se\u00f1al\u00f3 que la decisi\u00f3n del gobierno interino de Jos\u00e9 Jer\u00ed de romper relaciones diplom\u00e1ticas con M\u00e9xico \u201cest\u00e1 fuera de toda proporci\u00f3n\u201d, pero pese a esta decisi\u00f3n, \u201cla relaci\u00f3n comercial contin\u00faa, son las relaciones diplom\u00e1ticas, las que se rompen.<\/p>\n<p>La jefa del Ejecutivo federal se\u00f1al\u00f3 que M\u00e9xico s\u00f3lo ha roto relaciones con Ecuador, esto debido a la invasi\u00f3n de la embajada mexicana en Quito, en abril de 2024; pero en el caso con Per\u00fa, \u201cla decisi\u00f3n fue de ellos\u201d.<\/p>\n<p>Reiter\u00f3 que las diferencias con los gobiernos peruanos se dieron a partir de la posici\u00f3n de M\u00e9xico de apoyar al depuesto mandatario Pedro Castillo.<\/p>\n<p>\u201cEn el caso de Per\u00fa fue totalmente injusta la detenci\u00f3n de Pedro Castillo y en realidad correspondi\u00f3 a un tema pol\u00edtico que ven\u00eda desarroll\u00e1ndose desde hace tiempo y tambi\u00e9n a una visi\u00f3n de mucha discriminaci\u00f3n, de una visi\u00f3n de lo que era la parte pol\u00edtica.<\/p>\n<p>\u201cCuando esta canciller estuvo presa (la ex primera ministra, Betssy Ch\u00e1vez), ya libre, decide pedir asilo a M\u00e9xico, y su solicitud se eval\u00faa en M\u00e9xico, (se acepta)\u00a0 y entra a la embajada de M\u00e9xico en Per\u00fa, que es donde permanece. Debido a esto, el actual presidente de Per\u00fa, toma la decisi\u00f3n, a trav\u00e9s de su canciller, de romper relaciones diplom\u00e1ticas con M\u00e9xico, que desde nuestra perspectiva est\u00e1 fuera de toda proporci\u00f3n\u201d.<\/p>\n<p>Indic\u00f3 que aun cuando se rompieron las relaciones diplom\u00e1ticas, las consulares se mantienen para apoyar tanto a los mexicanos en Per\u00fa como a los peruanos en M\u00e9xico.<\/p>\n<p>&nbsp;<\/p>\n<p><strong>\u00a0<\/strong><\/p>\n<p>&nbsp;<\/p>\n<p><strong>Ning\u00fan env\u00edo de tropas estadounidenses: CSP<\/strong><\/p>\n<p>&nbsp;<\/p>\n<p>Luego de que la cadena estadounidense NBC News se\u00f1alara este lunes que el gobierno de Estados Unidos est\u00e1 planeando enviar tropas y agentes de inteligencia a M\u00e9xico para combatir a los c\u00e1rteles de la droga en M\u00e9xico, la presidenta Claudia Sheinbaum descart\u00f3 totalmente esta posibilidad.<\/p>\n<p>\u201cEso no va ocurrir\u201d, afirm\u00f3 tajante y asegur\u00f3 que hay un mecanismo de entendimiento que se acord\u00f3 desde que el secretario de Estado, Marco Rubio visit\u00f3 M\u00e9xico para pactar mayores acciones de colaboraci\u00f3n bilateral.<\/p>\n<p>Sostuvo que las ocasiones que el presidente Donald Trump le ha sugerido la posibilidad de ampliar su participaci\u00f3n en el combate al crimen organizado en M\u00e9xico, siempre le ha respondido que agradec\u00eda su ofrecimiento pero que estas acciones las realizan las instituciones mexicanas en territorio nacional.<\/p>\n<p>\u201cSomos soberanos, podemos coordinarnos, se puede compartir la informaci\u00f3n, la capacitaci\u00f3n de ambos lados de la frontera\u201d, dijo Sheinbaum. Sin embargo, coment\u00f3 que recientemente hubo otra incautaci\u00f3n de armas en Estados Unidos, \u00aba nosotros nos interesa m\u00e1s que no pasen armas\u201d.<\/p>\n<p>&nbsp;<\/p>\n","protected":false},"excerpt":{"rendered":"<p>\u201cLa seguridad no se sostiene con guerras\u201d Se basa en tres ejes: 1. Seguridad y Justicia; 2. Desarrollo econ\u00f3mico con Justicia; y 3. Educaci\u00f3n y Cultura para la Paz &nbsp; La Presidenta de M\u00e9xico, Claudia Sheinbaum Pardo, present\u00f3 el Plan Michoac\u00e1n por la Paz y la Justicia, estrategia integral que se basa en tres ejes: [&hellip;]<\/p>\n","protected":false},"author":14,"featured_media":691915,"comment_status":"open","ping_status":"open","sticky":false,"template":"","format":"standard","meta":{"_monsterinsights_skip_tracking":false,"_monsterinsights_sitenote_active":false,"_monsterinsights_sitenote_note":"","_monsterinsights_sitenote_category":0,"footnotes":""},"categories":[3],"tags":[],"class_list":["post-691914","post","type-post","status-publish","format-standard","has-post-thumbnail","hentry","category-nacional"],"_links":{"self":[{"href":"https:\/\/www.diarioimagen.net\/index.php?rest_route=\/wp\/v2\/posts\/691914","targetHints":{"allow":["GET"]}}],"collection":[{"href":"https:\/\/www.diarioimagen.net\/index.php?rest_route=\/wp\/v2\/posts"}],"about":[{"href":"https:\/\/www.diarioimagen.net\/index.php?rest_route=\/wp\/v2\/types\/post"}],"author":[{"embeddable":true,"href":"https:\/\/www.diarioimagen.net\/index.php?rest_route=\/wp\/v2\/users\/14"}],"replies":[{"embeddable":true,"href":"https:\/\/www.diarioimagen.net\/index.php?rest_route=%2Fwp%2Fv2%2Fcomments&post=691914"}],"version-history":[{"count":1,"href":"https:\/\/www.diarioimagen.net\/index.php?rest_route=\/wp\/v2\/posts\/691914\/revisions"}],"predecessor-version":[{"id":691916,"href":"https:\/\/www.diarioimagen.net\/index.php?rest_route=\/wp\/v2\/posts\/691914\/revisions\/691916"}],"wp:featuredmedia":[{"embeddable":true,"href":"https:\/\/www.diarioimagen.net\/index.php?rest_route=\/wp\/v2\/media\/691915"}],"wp:attachment":[{"href":"https:\/\/www.diarioimagen.net\/index.php?rest_route=%2Fwp%2Fv2%2Fmedia&parent=691914"}],"wp:term":[{"taxonomy":"category","embeddable":true,"href":"https:\/\/www.diarioimagen.net\/index.php?rest_route=%2Fwp%2Fv2%2Fcategories&post=691914"},{"taxonomy":"post_tag","embeddable":true,"href":"https:\/\/www.diarioimagen.net\/index.php?rest_route=%2Fwp%2Fv2%2Ftags&post=691914"}],"curies":[{"name":"wp","href":"https:\/\/api.w.org\/{rel}","templated":true}]}}