{"id":691917,"date":"2025-11-04T19:22:49","date_gmt":"2025-11-05T01:22:49","guid":{"rendered":"https:\/\/www.diarioimagen.net\/?p=691917"},"modified":"2025-11-04T19:22:49","modified_gmt":"2025-11-05T01:22:49","slug":"mexicanto-ofrecera-intimo-concierto-en-el-lunario","status":"publish","type":"post","link":"https:\/\/www.diarioimagen.net\/?p=691917","title":{"rendered":"Mexicanto ofrecer\u00e1 \u00edntimo concierto en el Lunario"},"content":{"rendered":"<ul>\n<li><strong>La cita es el 14 de noviembre <\/strong><\/li>\n<li><strong>David Filio y Sergio F\u00e9lix festejan cuatro d\u00e9cadas de m\u00fasica <\/strong><\/li>\n<\/ul>\n<p><img loading=\"lazy\" decoding=\"async\" class=\"alignnone wp-image-691918 size-large\" src=\"https:\/\/www.diarioimagen.net\/wp-content\/uploads\/2025\/11\/MEXICANTO01-scaled-e1762305750736-460x231.jpeg\" alt=\"\" width=\"460\" height=\"231\" srcset=\"https:\/\/www.diarioimagen.net\/wp-content\/uploads\/2025\/11\/MEXICANTO01-scaled-e1762305750736-460x231.jpeg 460w, https:\/\/www.diarioimagen.net\/wp-content\/uploads\/2025\/11\/MEXICANTO01-scaled-e1762305750736-240x121.jpeg 240w, https:\/\/www.diarioimagen.net\/wp-content\/uploads\/2025\/11\/MEXICANTO01-scaled-e1762305750736-768x386.jpeg 768w, https:\/\/www.diarioimagen.net\/wp-content\/uploads\/2025\/11\/MEXICANTO01-scaled-e1762305750736-1536x771.jpeg 1536w, https:\/\/www.diarioimagen.net\/wp-content\/uploads\/2025\/11\/MEXICANTO01-scaled-e1762305750736.jpeg 1826w\" sizes=\"auto, (max-width: 460px) 100vw, 460px\" \/><\/p>\n<p><strong>Por Arturo Arellano <\/strong><\/p>\n<p>&nbsp;<\/p>\n<p>Tras una exitosa gira por M\u00e9xico y Latinoam\u00e9rica, David Filio y Sergio F\u00e9lix, el d\u00fao detr\u00e1s de Mexicanto, regresan a la Ciudad de M\u00e9xico para celebrar 40 a\u00f1os de trayectoria con un concierto \u00edntimo y emotivo. La velada promete ser un recorrido por sus canciones m\u00e1s entra\u00f1ables, aquellas que han marcado generaciones y que siguen resonando en el coraz\u00f3n de sus seguidores.<\/p>\n<p>&nbsp;<\/p>\n<p>\u201cVamos a festejar los primeros 40 a\u00f1os de Mexicanto. Se dice f\u00e1cil, pero es toda una vida\u201d, comenta Sergio F\u00e9lix en entrevista para DIARIO IMAGEN. \u201cHaremos un playlist de unas 20 o 23 canciones, lo cual es complicado porque hemos grabado m\u00e1s de 100. Incluiremos las infaltables como Coincidir, adem\u00e1s de temas que hace tiempo no cantamos, pero que nos gustan mucho. Ser\u00e1 una noche muy especial para la gente. Estamos preparados para complacerlos\u201d, a\u00f1adi\u00f3.<\/p>\n<p>&nbsp;<\/p>\n<p>M\u00e1s all\u00e1 de los \u00e9xitos, el d\u00fao celebra tambi\u00e9n su evoluci\u00f3n musical. \u201cNo nos hemos quedado en el pasado. Hemos crecido gracias al estudio constante de nuestro instrumento, tanto Filio como yo. Siempre queremos mejorar, reinventarnos. Eso nos mantiene motivados y vigentes\u201d, refiere.<\/p>\n<p>&nbsp;<\/p>\n<p>Han pisado los principales escenarios del pa\u00eds, desde las pe\u00f1as m\u00e1s modestas hasta el Festival Internacional Cervantino. \u201cNo podr\u00edamos elegir uno favorito. Todos nos emocionan por la hermandad de la gente, por el cari\u00f1o que nos tienen. Eso es lo mejor y se encuentra en cualquier recinto al que lleguemos. Ese es nuestro motor\u201d, afirma Filio.<\/p>\n<p>&nbsp;<\/p>\n<p>Mexicanto ha logrado conectar con nuevas generaciones, incluso en tiempos de redes sociales y g\u00e9neros emergentes. \u201cHoy llegamos a cualquier parte del mundo. Lo sabemos por las visualizaciones que tenemos en Australia, Jap\u00f3n, Canad\u00e1. A la juventud hemos llegado a trav\u00e9s de los padres y hasta de los abuelos\u201d, dice Filio con orgullo.<\/p>\n<p>&nbsp;<\/p>\n<p>En sus conciertos ya conviven tres generaciones. \u201cLo que engancha a los j\u00f3venes es el trabajo guitarr\u00edstico que hacemos. Y afortunadamente est\u00e1n surgiendo nuevos trovadores j\u00f3venes con profesionalismo y disciplina. Me sorprende y me llena de gozo escucharlos tocar\u201d, comenta F\u00e9lix.<\/p>\n<p>&nbsp;<\/p>\n<p>Para 2026, Mexicanto prepara una gira nacional que abarcar\u00e1 el mayor n\u00famero de ciudades posible. Mientras tanto, cerrar\u00e1n el a\u00f1o concentrados en la composici\u00f3n de un nuevo disco con temas in\u00e9ditos. \u201cHoy nuestro trabajo es intuitivo. Nos dejamos llevar por c\u00f3mo vivimos el d\u00eda a d\u00eda y c\u00f3mo evolucionamos musicalmente. No vemos competencia, no creemos que la haya. Nuestra forma de evolucionar nos permite seguir divirti\u00e9ndonos\u201d, concluyen.<\/p>\n<p>&nbsp;<\/p>\n<p>Poco a poco se han ganado el reconocimiento, hasta ser catalogados como: \u00abCanto Nuevo\u00bb, \u00abNueva Canci\u00f3n\u00bb o \u00abM\u00fasica de Trova\u00bb, pero que para ellos es sencillamente&#8230; \u201cMexicanto\u201d.<\/p>\n<p>&nbsp;<\/p>\n<p><strong>\u00a0<\/strong><\/p>\n<blockquote><p><strong>UNA HISTORIA DE \u00c9XITO COMPARTIDO<\/strong><\/p>\n<p><strong>\u00a0<\/strong><\/p>\n<p><strong>La propuesta art\u00edstica de Mexicanto naci\u00f3 en 1985, cuando el cantautor David Filio (originario de la Ciudad de M\u00e9xico) y el compositor Sergio F\u00e9lix (originario de Sinaloa) debutaron en Culiac\u00e1n. Desde entonces, han sido identificados con etiquetas como \u201cCanto Nuevo\u201d, \u201cNueva Canci\u00f3n\u201d o \u201cTrova\u201d, aunque para ellos, su estilo es simplemente\u2026 Mexicanto.<\/strong><\/p><\/blockquote>\n<p><strong>\u00a0<\/strong><\/p>\n<p>&nbsp;<\/p>\n","protected":false},"excerpt":{"rendered":"<p>La cita es el 14 de noviembre David Filio y Sergio F\u00e9lix festejan cuatro d\u00e9cadas de m\u00fasica Por Arturo Arellano &nbsp; Tras una exitosa gira por M\u00e9xico y Latinoam\u00e9rica, David Filio y Sergio F\u00e9lix, el d\u00fao detr\u00e1s de Mexicanto, regresan a la Ciudad de M\u00e9xico para celebrar 40 a\u00f1os de trayectoria con un concierto \u00edntimo [&hellip;]<\/p>\n","protected":false},"author":14,"featured_media":691918,"comment_status":"open","ping_status":"open","sticky":false,"template":"","format":"standard","meta":{"_monsterinsights_skip_tracking":false,"_monsterinsights_sitenote_active":false,"_monsterinsights_sitenote_note":"","_monsterinsights_sitenote_category":0,"footnotes":""},"categories":[16,12],"tags":[],"class_list":["post-691917","post","type-post","status-publish","format-standard","has-post-thumbnail","hentry","category-destacadas","category-espectaculos"],"_links":{"self":[{"href":"https:\/\/www.diarioimagen.net\/index.php?rest_route=\/wp\/v2\/posts\/691917","targetHints":{"allow":["GET"]}}],"collection":[{"href":"https:\/\/www.diarioimagen.net\/index.php?rest_route=\/wp\/v2\/posts"}],"about":[{"href":"https:\/\/www.diarioimagen.net\/index.php?rest_route=\/wp\/v2\/types\/post"}],"author":[{"embeddable":true,"href":"https:\/\/www.diarioimagen.net\/index.php?rest_route=\/wp\/v2\/users\/14"}],"replies":[{"embeddable":true,"href":"https:\/\/www.diarioimagen.net\/index.php?rest_route=%2Fwp%2Fv2%2Fcomments&post=691917"}],"version-history":[{"count":1,"href":"https:\/\/www.diarioimagen.net\/index.php?rest_route=\/wp\/v2\/posts\/691917\/revisions"}],"predecessor-version":[{"id":691919,"href":"https:\/\/www.diarioimagen.net\/index.php?rest_route=\/wp\/v2\/posts\/691917\/revisions\/691919"}],"wp:featuredmedia":[{"embeddable":true,"href":"https:\/\/www.diarioimagen.net\/index.php?rest_route=\/wp\/v2\/media\/691918"}],"wp:attachment":[{"href":"https:\/\/www.diarioimagen.net\/index.php?rest_route=%2Fwp%2Fv2%2Fmedia&parent=691917"}],"wp:term":[{"taxonomy":"category","embeddable":true,"href":"https:\/\/www.diarioimagen.net\/index.php?rest_route=%2Fwp%2Fv2%2Fcategories&post=691917"},{"taxonomy":"post_tag","embeddable":true,"href":"https:\/\/www.diarioimagen.net\/index.php?rest_route=%2Fwp%2Fv2%2Ftags&post=691917"}],"curies":[{"name":"wp","href":"https:\/\/api.w.org\/{rel}","templated":true}]}}