{"id":692313,"date":"2025-11-06T19:57:06","date_gmt":"2025-11-07T01:57:06","guid":{"rendered":"https:\/\/www.diarioimagen.net\/?p=692313"},"modified":"2025-11-06T19:57:06","modified_gmt":"2025-11-07T01:57:06","slug":"bdem-recorta-tasa-de-interes-en-otros-25-puntos-suman-11-bajas-consecutivas","status":"publish","type":"post","link":"https:\/\/www.diarioimagen.net\/?p=692313","title":{"rendered":"BdeM recorta tasa de inter\u00e9s en otros 25 puntos; suman 11 bajas consecutivas"},"content":{"rendered":"<p>&nbsp;<\/p>\n<p><img loading=\"lazy\" decoding=\"async\" class=\"alignnone wp-image-692314 size-large\" src=\"https:\/\/www.diarioimagen.net\/wp-content\/uploads\/2025\/11\/BANCO-DE-MEXICO-460x259.jpg\" alt=\"\" width=\"460\" height=\"259\" srcset=\"https:\/\/www.diarioimagen.net\/wp-content\/uploads\/2025\/11\/BANCO-DE-MEXICO-460x259.jpg 460w, https:\/\/www.diarioimagen.net\/wp-content\/uploads\/2025\/11\/BANCO-DE-MEXICO-240x135.jpg 240w, https:\/\/www.diarioimagen.net\/wp-content\/uploads\/2025\/11\/BANCO-DE-MEXICO-768x432.jpg 768w, https:\/\/www.diarioimagen.net\/wp-content\/uploads\/2025\/11\/BANCO-DE-MEXICO-1536x864.jpg 1536w, https:\/\/www.diarioimagen.net\/wp-content\/uploads\/2025\/11\/BANCO-DE-MEXICO-2048x1151.jpg 2048w, https:\/\/www.diarioimagen.net\/wp-content\/uploads\/2025\/11\/BANCO-DE-MEXICO-480x270.jpg 480w, https:\/\/www.diarioimagen.net\/wp-content\/uploads\/2025\/11\/BANCO-DE-MEXICO-235x132.jpg 235w, https:\/\/www.diarioimagen.net\/wp-content\/uploads\/2025\/11\/BANCO-DE-MEXICO-202x114.jpg 202w, https:\/\/www.diarioimagen.net\/wp-content\/uploads\/2025\/11\/BANCO-DE-MEXICO-350x196.jpg 350w, https:\/\/www.diarioimagen.net\/wp-content\/uploads\/2025\/11\/BANCO-DE-MEXICO-220x123.jpg 220w, https:\/\/www.diarioimagen.net\/wp-content\/uploads\/2025\/11\/BANCO-DE-MEXICO-237x132.jpg 237w\" sizes=\"auto, (max-width: 460px) 100vw, 460px\" \/><\/p>\n<p>&nbsp;<\/p>\n<p>&nbsp;<\/p>\n<p>La junta de gobierno del Banco de M\u00e9xico (BdeM) aprob\u00f3 por mayor\u00eda de votos disminuir en un cuarto de punto porcentual su tasa de inter\u00e9s de referencia para colocarla en 7.25 por ciento, con lo que acumula 11 recortes consecutivos desde agosto de 2024.<\/p>\n<p>Con la oposici\u00f3n de nuevo del Subgobernador, Jonathan Heath, el banco central mexicano ha completado una reducci\u00f3n de la tasa de 400 puntos en 12 movimientos: ocho de ellos de un cuarto de punto cada uno y cuatro m\u00e1s de 50 puntos. Un ciclo de recortes que inici\u00f3 en marzo del a\u00f1o 2024 y que ha tenido hasta ahora 20 meses de duraci\u00f3n.<\/p>\n<p>La decisi\u00f3n de la mayor\u00eda de los miembros de la Junta apoy\u00f3 su decisi\u00f3n en la depreciaci\u00f3n ligera que present\u00f3 el peso mexicano; en la contracci\u00f3n de la actividad econ\u00f3mica observada en el tercer trimestre respecto del cuarto previo y en el entorno de incertidumbre y tensiones comerciales globales que dijeron \u201csigue implicando importantes riesgos a la baja\u201d para la actividad.<\/p>\n<p>Cabe destacar que el Subgobernador Heath, quien es decano de la Junta de Gobierno, se ha opuesto a mover la tasa en las cuatro decisiones precedentes, esto desde el anuncio de junio, cuando vot\u00f3 a favor de dejar la tasa sin cambio, en 8.50 por ciento.<\/p>\n<p>Hacia delante, la Junta de Gobierno advirti\u00f3 que \u201ctomar\u00e1 en cuenta los efectos de todos los determinantes de la inflaci\u00f3n. Las acciones que se implementen ser\u00e1n tales que la tasa de referencia sea congruente en todo momento con la trayectoria requerida para propiciar la convergencia ordenada y sostenida de la inflaci\u00f3n general a la meta de 3% en el plazo previsto\u201d.<\/p>\n<p>En el comunicado de la decisi\u00f3n, informaron de \u201ccambios moderados para la inflaci\u00f3n general y subyacente para el corto plazo\u201d.<\/p>\n<p>En espec\u00edfico, dejaron sin cambio sus proyecciones de que la inflaci\u00f3n registrar\u00e1 una fluctuaci\u00f3n de 3.6% al cierre del tercer trimestre y ajustaron ligeramente a la baja su expectativa de que terminar\u00e1 el \u00faltimo cuarto de 2025, con una variaci\u00f3n anual de 3.5% en lugar del 3.6% estimado en el anuncio de septiembre.<\/p>\n<p>En contraste, revisaron al alza su estimaci\u00f3n para la inflaci\u00f3n subyacente que anticipan terminar\u00e1 el \u00faltimo trimestre del a\u00f1o con una variaci\u00f3n de 4.1% en lugar del 4% estimado por ellos mismos en septiembre. Este indicador es reconocido por los monetaristas como \u201cla inflaci\u00f3n m\u00e1s pura\u201d pues descuenta de la medici\u00f3n los precios m\u00e1s vol\u00e1tiles.<\/p>\n<p>Para el a\u00f1o entrante, elevaron sus previsiones de inflaci\u00f3n a 3.5% y 3.2% para el primer y segundo trimestre, desde el 3.4% y 3.1% que ten\u00edan en septiembre. Pero sostuvieron su proyecci\u00f3n para la llegada de la inflaci\u00f3n al objetivo de 3% para el tercer trimestre del pr\u00f3ximo a\u00f1o.<\/p>\n","protected":false},"excerpt":{"rendered":"<p>&nbsp; &nbsp; &nbsp; La junta de gobierno del Banco de M\u00e9xico (BdeM) aprob\u00f3 por mayor\u00eda de votos disminuir en un cuarto de punto porcentual su tasa de inter\u00e9s de referencia para colocarla en 7.25 por ciento, con lo que acumula 11 recortes consecutivos desde agosto de 2024. Con la oposici\u00f3n de nuevo del Subgobernador, Jonathan [&hellip;]<\/p>\n","protected":false},"author":14,"featured_media":692314,"comment_status":"open","ping_status":"open","sticky":false,"template":"","format":"standard","meta":{"_monsterinsights_skip_tracking":false,"_monsterinsights_sitenote_active":false,"_monsterinsights_sitenote_note":"","_monsterinsights_sitenote_category":0,"footnotes":""},"categories":[8],"tags":[],"class_list":["post-692313","post","type-post","status-publish","format-standard","has-post-thumbnail","hentry","category-finanzas"],"_links":{"self":[{"href":"https:\/\/www.diarioimagen.net\/index.php?rest_route=\/wp\/v2\/posts\/692313","targetHints":{"allow":["GET"]}}],"collection":[{"href":"https:\/\/www.diarioimagen.net\/index.php?rest_route=\/wp\/v2\/posts"}],"about":[{"href":"https:\/\/www.diarioimagen.net\/index.php?rest_route=\/wp\/v2\/types\/post"}],"author":[{"embeddable":true,"href":"https:\/\/www.diarioimagen.net\/index.php?rest_route=\/wp\/v2\/users\/14"}],"replies":[{"embeddable":true,"href":"https:\/\/www.diarioimagen.net\/index.php?rest_route=%2Fwp%2Fv2%2Fcomments&post=692313"}],"version-history":[{"count":1,"href":"https:\/\/www.diarioimagen.net\/index.php?rest_route=\/wp\/v2\/posts\/692313\/revisions"}],"predecessor-version":[{"id":692315,"href":"https:\/\/www.diarioimagen.net\/index.php?rest_route=\/wp\/v2\/posts\/692313\/revisions\/692315"}],"wp:featuredmedia":[{"embeddable":true,"href":"https:\/\/www.diarioimagen.net\/index.php?rest_route=\/wp\/v2\/media\/692314"}],"wp:attachment":[{"href":"https:\/\/www.diarioimagen.net\/index.php?rest_route=%2Fwp%2Fv2%2Fmedia&parent=692313"}],"wp:term":[{"taxonomy":"category","embeddable":true,"href":"https:\/\/www.diarioimagen.net\/index.php?rest_route=%2Fwp%2Fv2%2Fcategories&post=692313"},{"taxonomy":"post_tag","embeddable":true,"href":"https:\/\/www.diarioimagen.net\/index.php?rest_route=%2Fwp%2Fv2%2Ftags&post=692313"}],"curies":[{"name":"wp","href":"https:\/\/api.w.org\/{rel}","templated":true}]}}