{"id":692327,"date":"2025-11-06T20:08:07","date_gmt":"2025-11-07T02:08:07","guid":{"rendered":"https:\/\/www.diarioimagen.net\/?p=692327"},"modified":"2025-11-06T20:08:07","modified_gmt":"2025-11-07T02:08:07","slug":"realiza-grupo-relampagos-33-vuelos-de-auxilio-en-octubre","status":"publish","type":"post","link":"https:\/\/www.diarioimagen.net\/?p=692327","title":{"rendered":"Realiza \u201cGrupo Rel\u00e1mpagos\u201d 33 vuelos de auxilio en octubre"},"content":{"rendered":"<ul>\n<li><strong>Traslada \u00f3rganos y apoya en zonas de desastre<\/strong><\/li>\n<\/ul>\n<p><strong>\u00a0<\/strong><\/p>\n<p>&nbsp;<\/p>\n<div id=\"attachment_692328\" style=\"width: 470px\" class=\"wp-caption alignnone\"><img loading=\"lazy\" decoding=\"async\" aria-describedby=\"caption-attachment-692328\" class=\"wp-image-692328 size-large\" src=\"https:\/\/www.diarioimagen.net\/wp-content\/uploads\/2025\/11\/EDOMEX-2-ok-3-460x243.jpg\" alt=\"\" width=\"460\" height=\"243\" srcset=\"https:\/\/www.diarioimagen.net\/wp-content\/uploads\/2025\/11\/EDOMEX-2-ok-3-460x243.jpg 460w, https:\/\/www.diarioimagen.net\/wp-content\/uploads\/2025\/11\/EDOMEX-2-ok-3-240x127.jpg 240w, https:\/\/www.diarioimagen.net\/wp-content\/uploads\/2025\/11\/EDOMEX-2-ok-3-768x407.jpg 768w, https:\/\/www.diarioimagen.net\/wp-content\/uploads\/2025\/11\/EDOMEX-2-ok-3.jpg 1500w\" sizes=\"auto, (max-width: 460px) 100vw, 460px\" \/><p id=\"caption-attachment-692328\" class=\"wp-caption-text\">En octubre, Grupo Rel\u00e1mpagos llev\u00f3 a cabo 26 operaciones de emergencias m\u00e9dicas; seis operaciones de vigilancia a\u00e9rea y protecci\u00f3n civil, y una operaci\u00f3n de traslado de \u00f3rganos.<\/p><\/div>\n<p>Toluca, Estado de M\u00e9xico.\u2013 Con el Poder de Servir, que promueve la Gobernadora Delfina G\u00f3mez \u00c1lvarez, \u201cGrupo Rel\u00e1mpagos\u201d realiz\u00f3 durante octubre 33 operaciones a\u00e9reas orientadas al traslado de emergencias y las labores de vigilancia a\u00e9rea y protecci\u00f3n civil.<\/p>\n<p>Del 1 al 31 de octubre de 2025, se llevaron a cabo 26 operaciones de emergencias m\u00e9dicas; seis operaciones de vigilancia a\u00e9rea y protecci\u00f3n civil, y una operaci\u00f3n de traslado de \u00f3rganos, con un total de 31 horas de vuelo acumuladas.<\/p>\n<p>Entre las acciones m\u00e1s destacadas, la Coordinaci\u00f3n de Servicios Auxiliares a Contingencias y Emergencias, conocida como \u201cGrupo Rel\u00e1mpagos\u201d, colabor\u00f3 con el estado de Hidalgo ante las inundaciones registradas, en coordinaci\u00f3n con autoridades federales y como parte del Plan DNIII-E, mediante el traslado a\u00e9reo de pacientes, v\u00edveres e insumos m\u00e9dicos, adem\u00e1s de realizar labores de apoyo a la protecci\u00f3n civil.<\/p>\n<p>Asimismo, se efectu\u00f3 un traslado de tres \u00f3rganos \u2014coraz\u00f3n, ri\u00f1\u00f3n e h\u00edgado\u2014 en coordinaci\u00f3n con el Centro Nacional de Trasplantes (CENATRA), desde el Hospital General de Zacatecas \u201cLuz Gonz\u00e1lez Cos\u00edo\u201d, lo que permiti\u00f3 salvar vidas gracias a su entrega oportuna en hospitales de alta especialidad de la Ciudad de M\u00e9xico.<\/p>\n<p>Estas operaciones se realizaron en estrecha coordinaci\u00f3n con instituciones del sector salud y cuerpos de seguridad de los tres \u00f3rdenes de gobierno, entre ellas el Instituto Mexicano del Seguro Social (IMSS), Instituto Mexicano del Seguro Social para el Bienestar (IMSS-Bienestar), Instituto de Seguridad y Servicios Sociales de los Trabajadores del Estado (ISSSTE), Secretar\u00eda de la Defensa Nacional (Defensa), Secretar\u00eda de Marina (Semar), Guardia Nacional, as\u00ed como las Secretar\u00edas de Salud del Estado de M\u00e9xico y de Hidalgo, consolidando una red nacional de atenci\u00f3n y auxilio a\u00e9reo.<\/p>\n<p>A trav\u00e9s de la Oficial\u00eda Mayor, se garantiza que la Coordinaci\u00f3n de Servicios Auxiliares a Contingencias y Emergencias opere con seguridad, eficiencia y una capacitaci\u00f3n constante de su personal.<\/p>\n<p>&nbsp;<\/p>\n<p>&nbsp;<\/p>\n<p>&nbsp;<\/p>\n<p>&nbsp;<\/p>\n","protected":false},"excerpt":{"rendered":"<p>Traslada \u00f3rganos y apoya en zonas de desastre \u00a0 &nbsp; Toluca, Estado de M\u00e9xico.\u2013 Con el Poder de Servir, que promueve la Gobernadora Delfina G\u00f3mez \u00c1lvarez, \u201cGrupo Rel\u00e1mpagos\u201d realiz\u00f3 durante octubre 33 operaciones a\u00e9reas orientadas al traslado de emergencias y las labores de vigilancia a\u00e9rea y protecci\u00f3n civil. Del 1 al 31 de octubre de [&hellip;]<\/p>\n","protected":false},"author":14,"featured_media":692328,"comment_status":"open","ping_status":"open","sticky":false,"template":"","format":"standard","meta":{"_monsterinsights_skip_tracking":false,"_monsterinsights_sitenote_active":false,"_monsterinsights_sitenote_note":"","_monsterinsights_sitenote_category":0,"footnotes":""},"categories":[5],"tags":[],"class_list":["post-692327","post","type-post","status-publish","format-standard","has-post-thumbnail","hentry","category-estado-de-mexico"],"_links":{"self":[{"href":"https:\/\/www.diarioimagen.net\/index.php?rest_route=\/wp\/v2\/posts\/692327","targetHints":{"allow":["GET"]}}],"collection":[{"href":"https:\/\/www.diarioimagen.net\/index.php?rest_route=\/wp\/v2\/posts"}],"about":[{"href":"https:\/\/www.diarioimagen.net\/index.php?rest_route=\/wp\/v2\/types\/post"}],"author":[{"embeddable":true,"href":"https:\/\/www.diarioimagen.net\/index.php?rest_route=\/wp\/v2\/users\/14"}],"replies":[{"embeddable":true,"href":"https:\/\/www.diarioimagen.net\/index.php?rest_route=%2Fwp%2Fv2%2Fcomments&post=692327"}],"version-history":[{"count":1,"href":"https:\/\/www.diarioimagen.net\/index.php?rest_route=\/wp\/v2\/posts\/692327\/revisions"}],"predecessor-version":[{"id":692329,"href":"https:\/\/www.diarioimagen.net\/index.php?rest_route=\/wp\/v2\/posts\/692327\/revisions\/692329"}],"wp:featuredmedia":[{"embeddable":true,"href":"https:\/\/www.diarioimagen.net\/index.php?rest_route=\/wp\/v2\/media\/692328"}],"wp:attachment":[{"href":"https:\/\/www.diarioimagen.net\/index.php?rest_route=%2Fwp%2Fv2%2Fmedia&parent=692327"}],"wp:term":[{"taxonomy":"category","embeddable":true,"href":"https:\/\/www.diarioimagen.net\/index.php?rest_route=%2Fwp%2Fv2%2Fcategories&post=692327"},{"taxonomy":"post_tag","embeddable":true,"href":"https:\/\/www.diarioimagen.net\/index.php?rest_route=%2Fwp%2Fv2%2Ftags&post=692327"}],"curies":[{"name":"wp","href":"https:\/\/api.w.org\/{rel}","templated":true}]}}