{"id":692378,"date":"2025-11-06T22:22:06","date_gmt":"2025-11-07T04:22:06","guid":{"rendered":"https:\/\/www.diarioimagen.net\/?p=692378"},"modified":"2025-11-06T22:22:06","modified_gmt":"2025-11-07T04:22:06","slug":"facultad-de-medicina-realizara-xvii-carrera-atletica-dia-de-la-y-el-medico","status":"publish","type":"post","link":"https:\/\/www.diarioimagen.net\/?p=692378","title":{"rendered":"Facultad de Medicina realizar\u00e1 XVII Carrera Atl\u00e9tica D\u00eda de la y el M\u00e9dico"},"content":{"rendered":"<p>&nbsp;<\/p>\n<div id=\"attachment_692379\" style=\"width: 415px\" class=\"wp-caption alignnone\"><img loading=\"lazy\" decoding=\"async\" aria-describedby=\"caption-attachment-692379\" class=\"wp-image-692379 size-large\" src=\"https:\/\/www.diarioimagen.net\/wp-content\/uploads\/2025\/11\/UAEM-2-3-405x270.jpg\" alt=\"\" width=\"405\" height=\"270\" srcset=\"https:\/\/www.diarioimagen.net\/wp-content\/uploads\/2025\/11\/UAEM-2-3-405x270.jpg 405w, https:\/\/www.diarioimagen.net\/wp-content\/uploads\/2025\/11\/UAEM-2-3-240x160.jpg 240w, https:\/\/www.diarioimagen.net\/wp-content\/uploads\/2025\/11\/UAEM-2-3-768x512.jpg 768w, https:\/\/www.diarioimagen.net\/wp-content\/uploads\/2025\/11\/UAEM-2-3-1536x1023.jpg 1536w, https:\/\/www.diarioimagen.net\/wp-content\/uploads\/2025\/11\/UAEM-2-3-2048x1364.jpg 2048w\" sizes=\"auto, (max-width: 405px) 100vw, 405px\" \/><p id=\"caption-attachment-692379\" class=\"wp-caption-text\">El director de la Facultad de Medicina, Hugo Mendieta Zer\u00f3n, se\u00f1al\u00f3 que esta carrera forma parte de las acciones institucionales orientadas a fortalecer h\u00e1bitos saludables y bienestar f\u00edsico y mental.<\/p><\/div>\n<p>&nbsp;<\/p>\n<p>Toluca, M\u00e9x.- La Facultad de Medicina de la Universidad Aut\u00f3noma del Estado de M\u00e9xico (UAEM\u00e9x) present\u00f3 oficialmente la XVII Carrera Atl\u00e9tica D\u00eda de la y el M\u00e9dico, que tiene como prop\u00f3sito fomentar el deporte, la salud y la convivencia entre la comunidad universitaria.<\/p>\n<p>En conferencia de prensa, encabezada por el director de la Facultad de Medicina, Hugo Mendieta Zer\u00f3n, se destac\u00f3 que esta carrera forma parte de las acciones institucionales orientadas a fortalecer h\u00e1bitos saludables, bienestar f\u00edsico y mental, as\u00ed como el sentido de identidad universitaria.<\/p>\n<p>Adem\u00e1s, se subray\u00f3 la importancia de mantener espacios que impulsen el desarrollo integral de las y los estudiantes y que la pr\u00e1ctica deportiva mejora la condici\u00f3n f\u00edsica, fortalece la disciplina, la perseverancia y el trabajo en equipo, valores fundamentales en la formaci\u00f3n de los futuros profesionales de la salud.<\/p>\n<p>La XVII Carrera Atl\u00e9tica D\u00eda de la y el M\u00e9dico se llevar\u00e1 a cabo el domingo 16 de noviembre de 2025, a las 7:00 horas, con salida y meta en la Facultad de Medicina. El evento contempla dos distancias \u20145 y 10 kil\u00f3metros, as\u00ed como una caminata de 2 kil\u00f3metros\u2014, en la rama femenil y varonil, abiertas a estudiantes, docentes, personal administrativo y p\u00fablico en general; adem\u00e1s, se premiar\u00e1 a los tres primeros lugares de cada una de las categor\u00edas.<\/p>\n<p>El recorrido incluir\u00e1 parte del circuito universitario y zonas aleda\u00f1as a Ciudad Universitaria, garantizando un entorno seguro para todas y todos los participantes. Las inscripciones estar\u00e1n abiertas hasta el viernes 14 de noviembre en las oficinas de Promoci\u00f3n Deportiva de la Facultad de Medicina, con cupo limitado.<\/p>\n<p>La carrera ofrece hidrataci\u00f3n, seguridad vial, playera, medalla conmemorativa y dorsal con chip. El costo de recuperaci\u00f3n es simb\u00f3lico: $350 para p\u00fablico general y $200 para estudiantes de la UAEM\u00e9x, detall\u00f3.<\/p>\n<p>La entrega de kits se realizar\u00e1 un d\u00eda antes del evento, directamente en la Facultad de Medicina. Los interesados pueden consultar requisitos, rutas y categor\u00edas a trav\u00e9s de las redes sociales oficiales de la Facultad de Medicina.<\/p>\n<p>Finalmente, las autoridades universitarias reiteraron la invitaci\u00f3n a sumarse a este evento que reafirma el compromiso de la UAEM\u00e9x con la promoci\u00f3n de estilos de vida saludables, la cultura del deporte y la formaci\u00f3n integral de su comunidad.<\/p>\n<p>&nbsp;<\/p>\n<p>&nbsp;<\/p>\n","protected":false},"excerpt":{"rendered":"<p>&nbsp; &nbsp; Toluca, M\u00e9x.- La Facultad de Medicina de la Universidad Aut\u00f3noma del Estado de M\u00e9xico (UAEM\u00e9x) present\u00f3 oficialmente la XVII Carrera Atl\u00e9tica D\u00eda de la y el M\u00e9dico, que tiene como prop\u00f3sito fomentar el deporte, la salud y la convivencia entre la comunidad universitaria. En conferencia de prensa, encabezada por el director de la [&hellip;]<\/p>\n","protected":false},"author":14,"featured_media":692379,"comment_status":"open","ping_status":"open","sticky":false,"template":"","format":"standard","meta":{"_monsterinsights_skip_tracking":false,"_monsterinsights_sitenote_active":false,"_monsterinsights_sitenote_note":"","_monsterinsights_sitenote_category":0,"footnotes":""},"categories":[16,5],"tags":[],"class_list":["post-692378","post","type-post","status-publish","format-standard","has-post-thumbnail","hentry","category-destacadas","category-estado-de-mexico"],"_links":{"self":[{"href":"https:\/\/www.diarioimagen.net\/index.php?rest_route=\/wp\/v2\/posts\/692378","targetHints":{"allow":["GET"]}}],"collection":[{"href":"https:\/\/www.diarioimagen.net\/index.php?rest_route=\/wp\/v2\/posts"}],"about":[{"href":"https:\/\/www.diarioimagen.net\/index.php?rest_route=\/wp\/v2\/types\/post"}],"author":[{"embeddable":true,"href":"https:\/\/www.diarioimagen.net\/index.php?rest_route=\/wp\/v2\/users\/14"}],"replies":[{"embeddable":true,"href":"https:\/\/www.diarioimagen.net\/index.php?rest_route=%2Fwp%2Fv2%2Fcomments&post=692378"}],"version-history":[{"count":1,"href":"https:\/\/www.diarioimagen.net\/index.php?rest_route=\/wp\/v2\/posts\/692378\/revisions"}],"predecessor-version":[{"id":692380,"href":"https:\/\/www.diarioimagen.net\/index.php?rest_route=\/wp\/v2\/posts\/692378\/revisions\/692380"}],"wp:featuredmedia":[{"embeddable":true,"href":"https:\/\/www.diarioimagen.net\/index.php?rest_route=\/wp\/v2\/media\/692379"}],"wp:attachment":[{"href":"https:\/\/www.diarioimagen.net\/index.php?rest_route=%2Fwp%2Fv2%2Fmedia&parent=692378"}],"wp:term":[{"taxonomy":"category","embeddable":true,"href":"https:\/\/www.diarioimagen.net\/index.php?rest_route=%2Fwp%2Fv2%2Fcategories&post=692378"},{"taxonomy":"post_tag","embeddable":true,"href":"https:\/\/www.diarioimagen.net\/index.php?rest_route=%2Fwp%2Fv2%2Ftags&post=692378"}],"curies":[{"name":"wp","href":"https:\/\/api.w.org\/{rel}","templated":true}]}}