{"id":692536,"date":"2025-11-09T20:06:11","date_gmt":"2025-11-10T02:06:11","guid":{"rendered":"https:\/\/www.diarioimagen.net\/?p=692536"},"modified":"2025-11-09T20:07:07","modified_gmt":"2025-11-10T02:07:07","slug":"pide-raciel-perez-otra-investigacion-sobre-el-homicidio-de-ex-funcionario","status":"publish","type":"post","link":"https:\/\/www.diarioimagen.net\/?p=692536","title":{"rendered":"\u00a0  Pide Raciel P\u00e9rez otra investigaci\u00f3n  sobre el homicidio de ex funcionario"},"content":{"rendered":"<ul>\n<li><strong>Denuncia penal por falsificaci\u00f3n de firmas<\/strong><\/li>\n<\/ul>\n<p>&nbsp;<\/p>\n<div class=\"mceTemp\"><\/div>\n<p><img loading=\"lazy\" decoding=\"async\" class=\"alignnone wp-image-692539 size-large\" src=\"https:\/\/www.diarioimagen.net\/wp-content\/uploads\/2025\/11\/BAENA-3-ok-5-345x270.jpg\" alt=\"\" width=\"345\" height=\"270\" srcset=\"https:\/\/www.diarioimagen.net\/wp-content\/uploads\/2025\/11\/BAENA-3-ok-5-345x270.jpg 345w, https:\/\/www.diarioimagen.net\/wp-content\/uploads\/2025\/11\/BAENA-3-ok-5-240x188.jpg 240w, https:\/\/www.diarioimagen.net\/wp-content\/uploads\/2025\/11\/BAENA-3-ok-5-768x601.jpg 768w, https:\/\/www.diarioimagen.net\/wp-content\/uploads\/2025\/11\/BAENA-3-ok-5.jpg 1500w\" sizes=\"auto, (max-width: 345px) 100vw, 345px\" \/><\/p>\n<p>Tlalnepantla, M\u00e9x.- El gobierno de esta localidad solicit\u00f3 a la Fiscal\u00eda General de Justicia del Estado de M\u00e9xico (FGJEM) inicie una nueva l\u00ednea de investigaci\u00f3n sobre el homicidio del ex director de Administraci\u00f3n del Gobierno 2022-2024, durante la gesti\u00f3n de Antonio Rodr\u00edguez Hurtado.<\/p>\n<p>&nbsp;<\/p>\n<p>En entrevista con medios de comunicaci\u00f3n, el presidente municipal Raciel P\u00e9rez Cruz refiri\u00f3 que la denuncia penal de falsificaci\u00f3n de firmas de la v\u00edctima en expedientes de contrataci\u00f3n p\u00fablica de adquisiciones de bienes y servicios suma un monto superior a los 300 millones de pesos.<\/p>\n<p>&nbsp;<\/p>\n<p>Las posibles falsificaciones de firmas del ex funcionario, que fue ultimado el 27 de abril del a\u00f1o 2024, fueron plasmadas en al menos 40 expedientes de contrataci\u00f3n p\u00fablica del periodo 2022- 2023.<\/p>\n<p>&nbsp;<\/p>\n<p>Entre los contratos se encuentran la compra de uniformes para las direcciones de Seguridad P\u00fablica y Protecci\u00f3n Civil, as\u00ed como en servicios de tecnolog\u00eda, celebraci\u00f3n de eventos, materiales el\u00e9ctricos, refacciones y de construcci\u00f3n, mezcla asf\u00e1ltica y arrendamientos de veh\u00edculos.<\/p>\n<p>&nbsp;<\/p>\n<p>El trabajo de peritaje compar\u00f3 las firmas en los contratos investigados con sus recibos de n\u00f3mina y las existentes en documentos oficiales.<\/p>\n<p>&nbsp;<\/p>\n<p>El dictamen concluy\u00f3 que las firmas cuestionadas no provienen y no fueron realizadas por el pu\u00f1o y letra de Luis Antonio Guti\u00e9rrez Herrera, ya que existen alteraciones y modificaciones.<\/p>\n<p>&nbsp;<\/p>\n","protected":false},"excerpt":{"rendered":"<p>Denuncia penal por falsificaci\u00f3n de firmas &nbsp; Tlalnepantla, M\u00e9x.- El gobierno de esta localidad solicit\u00f3 a la Fiscal\u00eda General de Justicia del Estado de M\u00e9xico (FGJEM) inicie una nueva l\u00ednea de investigaci\u00f3n sobre el homicidio del ex director de Administraci\u00f3n del Gobierno 2022-2024, durante la gesti\u00f3n de Antonio Rodr\u00edguez Hurtado. &nbsp; En entrevista con medios [&hellip;]<\/p>\n","protected":false},"author":14,"featured_media":692539,"comment_status":"open","ping_status":"open","sticky":false,"template":"","format":"standard","meta":{"_monsterinsights_skip_tracking":false,"_monsterinsights_sitenote_active":false,"_monsterinsights_sitenote_note":"","_monsterinsights_sitenote_category":0,"footnotes":""},"categories":[5],"tags":[],"class_list":["post-692536","post","type-post","status-publish","format-standard","has-post-thumbnail","hentry","category-estado-de-mexico"],"_links":{"self":[{"href":"https:\/\/www.diarioimagen.net\/index.php?rest_route=\/wp\/v2\/posts\/692536","targetHints":{"allow":["GET"]}}],"collection":[{"href":"https:\/\/www.diarioimagen.net\/index.php?rest_route=\/wp\/v2\/posts"}],"about":[{"href":"https:\/\/www.diarioimagen.net\/index.php?rest_route=\/wp\/v2\/types\/post"}],"author":[{"embeddable":true,"href":"https:\/\/www.diarioimagen.net\/index.php?rest_route=\/wp\/v2\/users\/14"}],"replies":[{"embeddable":true,"href":"https:\/\/www.diarioimagen.net\/index.php?rest_route=%2Fwp%2Fv2%2Fcomments&post=692536"}],"version-history":[{"count":2,"href":"https:\/\/www.diarioimagen.net\/index.php?rest_route=\/wp\/v2\/posts\/692536\/revisions"}],"predecessor-version":[{"id":692540,"href":"https:\/\/www.diarioimagen.net\/index.php?rest_route=\/wp\/v2\/posts\/692536\/revisions\/692540"}],"wp:featuredmedia":[{"embeddable":true,"href":"https:\/\/www.diarioimagen.net\/index.php?rest_route=\/wp\/v2\/media\/692539"}],"wp:attachment":[{"href":"https:\/\/www.diarioimagen.net\/index.php?rest_route=%2Fwp%2Fv2%2Fmedia&parent=692536"}],"wp:term":[{"taxonomy":"category","embeddable":true,"href":"https:\/\/www.diarioimagen.net\/index.php?rest_route=%2Fwp%2Fv2%2Fcategories&post=692536"},{"taxonomy":"post_tag","embeddable":true,"href":"https:\/\/www.diarioimagen.net\/index.php?rest_route=%2Fwp%2Fv2%2Ftags&post=692536"}],"curies":[{"name":"wp","href":"https:\/\/api.w.org\/{rel}","templated":true}]}}