{"id":692548,"date":"2025-11-09T20:42:30","date_gmt":"2025-11-10T02:42:30","guid":{"rendered":"https:\/\/www.diarioimagen.net\/?p=692548"},"modified":"2025-11-09T20:42:30","modified_gmt":"2025-11-10T02:42:30","slug":"regresa-agua-al-pueblo-con-liberacion-de-13-pozos-comunitarios-en-edomex","status":"publish","type":"post","link":"https:\/\/www.diarioimagen.net\/?p=692548","title":{"rendered":"Regresa agua al pueblo con liberaci\u00f3n  de 13 pozos comunitarios en Edomex"},"content":{"rendered":"<ul>\n<li><strong>\u201cOperaci\u00f3n Caudal\u201d<\/strong><\/li>\n<li><strong>Avanza la regularizaci\u00f3n h\u00eddrica que busca terminar con la cadena de comercio il\u00edcito del vital l\u00edquido<\/strong><\/li>\n<\/ul>\n<p>&nbsp;<\/p>\n<div id=\"attachment_692549\" style=\"width: 470px\" class=\"wp-caption alignnone\"><img loading=\"lazy\" decoding=\"async\" aria-describedby=\"caption-attachment-692549\" class=\"wp-image-692549 size-large\" src=\"https:\/\/www.diarioimagen.net\/wp-content\/uploads\/2025\/11\/EDOMEX-1-ok-4-460x259.jpg\" alt=\"\" width=\"460\" height=\"259\" srcset=\"https:\/\/www.diarioimagen.net\/wp-content\/uploads\/2025\/11\/EDOMEX-1-ok-4-460x259.jpg 460w, https:\/\/www.diarioimagen.net\/wp-content\/uploads\/2025\/11\/EDOMEX-1-ok-4-240x135.jpg 240w, https:\/\/www.diarioimagen.net\/wp-content\/uploads\/2025\/11\/EDOMEX-1-ok-4-768x432.jpg 768w, https:\/\/www.diarioimagen.net\/wp-content\/uploads\/2025\/11\/EDOMEX-1-ok-4-480x270.jpg 480w, https:\/\/www.diarioimagen.net\/wp-content\/uploads\/2025\/11\/EDOMEX-1-ok-4-235x132.jpg 235w, https:\/\/www.diarioimagen.net\/wp-content\/uploads\/2025\/11\/EDOMEX-1-ok-4-202x114.jpg 202w, https:\/\/www.diarioimagen.net\/wp-content\/uploads\/2025\/11\/EDOMEX-1-ok-4-350x196.jpg 350w, https:\/\/www.diarioimagen.net\/wp-content\/uploads\/2025\/11\/EDOMEX-1-ok-4-220x123.jpg 220w, https:\/\/www.diarioimagen.net\/wp-content\/uploads\/2025\/11\/EDOMEX-1-ok-4-237x132.jpg 237w, https:\/\/www.diarioimagen.net\/wp-content\/uploads\/2025\/11\/EDOMEX-1-ok-4.jpg 1500w\" sizes=\"auto, (max-width: 460px) 100vw, 460px\" \/><p id=\"caption-attachment-692549\" class=\"wp-caption-text\">La Comisi\u00f3n del Agua del Estado de M\u00e9xico, en coordinaci\u00f3n con la Fiscal\u00eda General de Justicia, realiz\u00f3 la entrega en depositar\u00eda de 13 pozos comunitarios, con lo que el recurso h\u00eddrico vuelve a manos de los pueblos a los que pertenece.<\/p><\/div>\n<p>&nbsp;<\/p>\n<p>Toluca, Estado de M\u00e9xico.\u2013 En el marco de la \u201cOperaci\u00f3n Caudal\u201d, el gobierno del Estado de M\u00e9xico, a trav\u00e9s de la Comisi\u00f3n del Agua del Estado de M\u00e9xico (CAEM) y en coordinaci\u00f3n con la Fiscal\u00eda General de Justicia del Estado de M\u00e9xico (FGJEM), realiz\u00f3 la entrega en depositar\u00eda de 13 pozos comunitarios, con lo que el recurso h\u00eddrico vuelve a manos de los pueblos y municipios a los que pertenece.<\/p>\n<p>La Vocal Ejecutiva de la CAEM, Beatriz Garc\u00eda Villegas, destac\u00f3 que este proceso reafirma el compromiso de la administraci\u00f3n estatal con la justicia h\u00eddrica y la transparencia en el manejo del agua.<\/p>\n<p>\u201cEstamos regresando el agua al pueblo. Estos 13 pozos son para las comunidades, no para la venta. Nuestro objetivo es que el agua cumpla su prop\u00f3sito social y llegue directamente a los hogares mexiquenses\u201d, se\u00f1al\u00f3 Garc\u00eda Villegas.<\/p>\n<p>La funcionaria inform\u00f3 que la entrega en depositar\u00eda de estos pozos fue resultado de resoluciones de la Fiscal\u00eda mexiquense, en las cuales se acredit\u00f3 legalmente la propiedad y regulaci\u00f3n de los mismos por parte de municipios y comunidades, no obstante que las investigaciones contin\u00faan.<\/p>\n<p>Estos 13 pozos ser\u00e1n operados por representantes de la comunidad, los organismos de agua municipales o ambos, con el fin de reanudar la distribuci\u00f3n del l\u00edquido vital para el uso dom\u00e9stico por lo que no podr\u00e1 excederse del volumen permitido de extracci\u00f3n y tampoco podr\u00e1 comercializarse.<\/p>\n<p>Entre los puntos que han reanudado actividad en favor de la poblaci\u00f3n se encuentran ubicados en Amecameca, Ixtapaluca, Calimaya, Cuautitl\u00e1n Izcalli, Chimalhuac\u00e1n, Tec\u00e1mac, Texcoco, Tezoyuca, Toluca y Tultepec, los cuales estar\u00e1n bajo la responsabilidad directa de los gobiernos locales, comunidades o ejidos, seg\u00fan corresponda.<\/p>\n<p>Con estas acciones, el gobierno del Estado de M\u00e9xico impulsa una nueva etapa de orden, legalidad y equidad en la gesti\u00f3n del agua, asegurando que los recursos naturales sean utilizados con transparencia, corresponsabilidad y beneficio colectivo.<\/p>\n<p>&nbsp;<\/p>\n<p><strong>Acercan tr\u00e1mites y servicios a los mexiquenses<\/strong><\/p>\n<p><strong>\u00a0<\/strong><\/p>\n<p>El Gobierno de la Maestra Delfina G\u00f3mez \u00c1lvarez llev\u00f3 la semana p\u00e0sada 125 tr\u00e1mites y servicios gratuitos y otros a bajo costo a nueve municipios del Estado de M\u00e9xico a trav\u00e9s de las Caravanas Itinerantes por la Justicia Social; visitar\u00e1n Valle de Bravo, Papalotla, Atenco, Texcalyacac, Ray\u00f3n, Zinacantepec, Nezahualc\u00f3yotl, Mexicaltzingo y Jilotzingo.<\/p>\n<p>\u201cYo quiero destacar porque las Caravanas son importantes en este momento de transformaci\u00f3n, se basan en tres ejes, uno es el eje de cercan\u00eda, otro eje es la gratuidad y otro eje es de inmediatez\u201d, se\u00f1al\u00f3 Jes\u00fas George Zamora, Consejero Jur\u00eddico del Estado de M\u00e9xico, al inaugurar las Caravanas Itinerantes en el municipio de Texcalyacac.<\/p>\n<p>Indic\u00f3 que este programa trabaja en colaboraci\u00f3n con los Poderes Legislativo y Judicial, as\u00ed como con los ayuntamientos para brindar m\u00e1s beneficios a las familias mexiquenses.<\/p>\n<p>Entre los tr\u00e1mites que se pueden llevar a cabo se encuentran la expedici\u00f3n de actas del registro civil, regularizaci\u00f3n de predios, elaboraci\u00f3n de testamentos, expedici\u00f3n de licencias de conducir, entre otros.<\/p>\n<p>&nbsp;<\/p>\n<p>&nbsp;<\/p>\n","protected":false},"excerpt":{"rendered":"<p>\u201cOperaci\u00f3n Caudal\u201d Avanza la regularizaci\u00f3n h\u00eddrica que busca terminar con la cadena de comercio il\u00edcito del vital l\u00edquido &nbsp; &nbsp; Toluca, Estado de M\u00e9xico.\u2013 En el marco de la \u201cOperaci\u00f3n Caudal\u201d, el gobierno del Estado de M\u00e9xico, a trav\u00e9s de la Comisi\u00f3n del Agua del Estado de M\u00e9xico (CAEM) y en coordinaci\u00f3n con la Fiscal\u00eda [&hellip;]<\/p>\n","protected":false},"author":14,"featured_media":692549,"comment_status":"open","ping_status":"open","sticky":false,"template":"","format":"standard","meta":{"_monsterinsights_skip_tracking":false,"_monsterinsights_sitenote_active":false,"_monsterinsights_sitenote_note":"","_monsterinsights_sitenote_category":0,"footnotes":""},"categories":[5],"tags":[],"class_list":["post-692548","post","type-post","status-publish","format-standard","has-post-thumbnail","hentry","category-estado-de-mexico"],"_links":{"self":[{"href":"https:\/\/www.diarioimagen.net\/index.php?rest_route=\/wp\/v2\/posts\/692548","targetHints":{"allow":["GET"]}}],"collection":[{"href":"https:\/\/www.diarioimagen.net\/index.php?rest_route=\/wp\/v2\/posts"}],"about":[{"href":"https:\/\/www.diarioimagen.net\/index.php?rest_route=\/wp\/v2\/types\/post"}],"author":[{"embeddable":true,"href":"https:\/\/www.diarioimagen.net\/index.php?rest_route=\/wp\/v2\/users\/14"}],"replies":[{"embeddable":true,"href":"https:\/\/www.diarioimagen.net\/index.php?rest_route=%2Fwp%2Fv2%2Fcomments&post=692548"}],"version-history":[{"count":1,"href":"https:\/\/www.diarioimagen.net\/index.php?rest_route=\/wp\/v2\/posts\/692548\/revisions"}],"predecessor-version":[{"id":692550,"href":"https:\/\/www.diarioimagen.net\/index.php?rest_route=\/wp\/v2\/posts\/692548\/revisions\/692550"}],"wp:featuredmedia":[{"embeddable":true,"href":"https:\/\/www.diarioimagen.net\/index.php?rest_route=\/wp\/v2\/media\/692549"}],"wp:attachment":[{"href":"https:\/\/www.diarioimagen.net\/index.php?rest_route=%2Fwp%2Fv2%2Fmedia&parent=692548"}],"wp:term":[{"taxonomy":"category","embeddable":true,"href":"https:\/\/www.diarioimagen.net\/index.php?rest_route=%2Fwp%2Fv2%2Fcategories&post=692548"},{"taxonomy":"post_tag","embeddable":true,"href":"https:\/\/www.diarioimagen.net\/index.php?rest_route=%2Fwp%2Fv2%2Ftags&post=692548"}],"curies":[{"name":"wp","href":"https:\/\/api.w.org\/{rel}","templated":true}]}}