{"id":692595,"date":"2025-11-09T22:25:36","date_gmt":"2025-11-10T04:25:36","guid":{"rendered":"https:\/\/www.diarioimagen.net\/?p=692595"},"modified":"2025-11-09T22:25:36","modified_gmt":"2025-11-10T04:25:36","slug":"el-dialogo-eje-de-atencion-a-proceso-sobre-la-toma-del-edificio-de-rectoria-paty-zarza","status":"publish","type":"post","link":"https:\/\/www.diarioimagen.net\/?p=692595","title":{"rendered":"El di\u00e1logo, eje de atenci\u00f3n a proceso sobre  la toma del Edificio de Rector\u00eda: Paty Zarza  \u00a0"},"content":{"rendered":"<p>&nbsp;<\/p>\n<p><strong>\u00a0<\/strong><\/p>\n<ul>\n<li><strong>Enfatiz\u00f3 la importancia de liberarlo para concretar diversos procesos acad\u00e9micos y administrativos, lo que abonar\u00e1 a la transparencia y rendici\u00f3n de cuentas en la UAEM\u00e9x<\/strong><\/li>\n<\/ul>\n<div id=\"attachment_692596\" style=\"width: 415px\" class=\"wp-caption alignnone\"><img loading=\"lazy\" decoding=\"async\" aria-describedby=\"caption-attachment-692596\" class=\"wp-image-692596 size-large\" src=\"https:\/\/www.diarioimagen.net\/wp-content\/uploads\/2025\/11\/UAEM-1-3-405x270.jpg\" alt=\"\" width=\"405\" height=\"270\" srcset=\"https:\/\/www.diarioimagen.net\/wp-content\/uploads\/2025\/11\/UAEM-1-3-405x270.jpg 405w, https:\/\/www.diarioimagen.net\/wp-content\/uploads\/2025\/11\/UAEM-1-3-240x160.jpg 240w, https:\/\/www.diarioimagen.net\/wp-content\/uploads\/2025\/11\/UAEM-1-3-768x512.jpg 768w, https:\/\/www.diarioimagen.net\/wp-content\/uploads\/2025\/11\/UAEM-1-3-1536x1024.jpg 1536w, https:\/\/www.diarioimagen.net\/wp-content\/uploads\/2025\/11\/UAEM-1-3-2048x1365.jpg 2048w\" sizes=\"auto, (max-width: 405px) 100vw, 405px\" \/><p id=\"caption-attachment-692596\" class=\"wp-caption-text\">La rectora Martha Patricia Zarza enfatiz\u00f3 la importancia de liberar el Edificio de Rector\u00eda de la UAEM\u00e9x para concretar diversos procesos acad\u00e9micos y administrativos.<\/p><\/div>\n<p>Toluca, M\u00e9x.- El di\u00e1logo seguir\u00e1 siendo el eje de la atenci\u00f3n a las inquietudes y para dar seguimiento a los procesos relacionados con la toma del Edificio de Rector\u00eda, que se mantiene desde hace seis meses, puntualiz\u00f3, en conferencia de prensa, la rectora de la Universidad Aut\u00f3noma del Estado de M\u00e9xico (UAEM\u00e9x), Martha Patricia Zarza Delgado.<\/p>\n<p>Ante representantes de los medios de comunicaci\u00f3n, consejeros universitarios, atletas universitarios, integrantes del Contingente C\u00edvico y Deportivo Universitario e integrantes del gabinete universitario, Zarza Delgado inform\u00f3 que representantes de la instituci\u00f3n acudieron al Edificio Hist\u00f3rico de Rector\u00eda, en compa\u00f1\u00eda de personal del \u00d3rgano Interno de Control y la Fiscal\u00eda General de Justicia del Estado de M\u00e9xico, con el prop\u00f3sito de explicar a las personas que mantienen retenido este espacio los procedimientos que deben atenderse en relaci\u00f3n con la denuncia presentada por los hechos ocurridos el pasado 29 de julio.<\/p>\n<p>En el Centro Cultural Universitario \u201cCasa de las Diligencias\u201d, destac\u00f3 que este encuentro busca brindar claridad sobre las acciones legales en curso y para avanzar en el proceso de di\u00e1logo para alcanzar acuerdos que permitan resolver la situaci\u00f3n de manera institucional y transparente.<\/p>\n<p>De igual manera, enfatiz\u00f3 la importancia de liberar el Edificio de Rector\u00eda para concretar diversos procesos acad\u00e9micos y administrativos como la entrega- recepci\u00f3n de la anterior administraci\u00f3n y la actual, lo cual abonar\u00e1 a la transparencia y rendici\u00f3n de cuentas.<\/p>\n<p>El Edificio de Rector\u00eda es el coraz\u00f3n administrativo de la UAEM\u00e9x. Resguarda documentaci\u00f3n importante sobre estudios de posgrado, proyectos de investigaci\u00f3n y financiamientos del \u00e1rea cient\u00edfica. En este edificio se encuentra Control Escolar, que resguarda documentaci\u00f3n oficial del estudiantado, como certificados y expedientes escolares. Adem\u00e1s, dijo, el Edificio de Rector\u00eda, patrimonio cultural del Estado de M\u00e9xico y el pa\u00eds, requiere mantenimiento urgente.<\/p>\n<p>En el Edificio tambi\u00e9n se encuentra documentaci\u00f3n de la Secretar\u00eda de Finanzas y la Secretar\u00eda Acad\u00e9mica, as\u00ed como la oficina de Rector\u00eda, adem\u00e1s de los diferentes museos como el de Historia Natural y el Observatorio Meteorol\u00f3gico.<\/p>\n<p>La rectora anunci\u00f3 que la instituci\u00f3n continuar\u00e1 trabajando de la mano de las instancias pertinentes, como el \u00d3rgano Interno de Control y la Fiscal\u00eda General de Justicia del Estado de M\u00e9xico, con el prop\u00f3sito de aclarar procedimientos y garantizar la transparencia en la gesti\u00f3n universitaria.<\/p>\n<p>Subray\u00f3 que es fundamental dar continuidad al proceso de di\u00e1logo para alcanzar acuerdos que beneficien a toda la comunidad. \u201cDesde el d\u00eda que tom\u00e9 protesta puse el di\u00e1logo como centro para entender y comprender, pero para que funcione, se necesita la disposici\u00f3n de todas las partes; s\u00f3lo as\u00ed podremos avanzar en una ruta de entendimiento y respeto\u201d, expres\u00f3.<\/p>\n<p>Resalt\u00f3 que durante los primeros tres meses de su gesti\u00f3n se han llevado a cabo m\u00e1s de 50 mesas de trabajo con distintos sectores de la comunidad universitaria, en las que se ha llegado a acuerdos mediante el intercambio respetuoso de ideas.<\/p>\n<p>Asimismo, destac\u00f3 que todos los espacios acad\u00e9micos se encuentran en actividades presenciales, lo que refleja el compromiso y palabra para atender las necesidades de la comunidad.<\/p>\n<p>&nbsp;<\/p>\n<p>&nbsp;<\/p>\n","protected":false},"excerpt":{"rendered":"<p>&nbsp; \u00a0 Enfatiz\u00f3 la importancia de liberarlo para concretar diversos procesos acad\u00e9micos y administrativos, lo que abonar\u00e1 a la transparencia y rendici\u00f3n de cuentas en la UAEM\u00e9x Toluca, M\u00e9x.- El di\u00e1logo seguir\u00e1 siendo el eje de la atenci\u00f3n a las inquietudes y para dar seguimiento a los procesos relacionados con la toma del Edificio de [&hellip;]<\/p>\n","protected":false},"author":14,"featured_media":692596,"comment_status":"open","ping_status":"open","sticky":false,"template":"","format":"standard","meta":{"_monsterinsights_skip_tracking":false,"_monsterinsights_sitenote_active":false,"_monsterinsights_sitenote_note":"","_monsterinsights_sitenote_category":0,"footnotes":""},"categories":[16,5],"tags":[],"class_list":["post-692595","post","type-post","status-publish","format-standard","has-post-thumbnail","hentry","category-destacadas","category-estado-de-mexico"],"_links":{"self":[{"href":"https:\/\/www.diarioimagen.net\/index.php?rest_route=\/wp\/v2\/posts\/692595","targetHints":{"allow":["GET"]}}],"collection":[{"href":"https:\/\/www.diarioimagen.net\/index.php?rest_route=\/wp\/v2\/posts"}],"about":[{"href":"https:\/\/www.diarioimagen.net\/index.php?rest_route=\/wp\/v2\/types\/post"}],"author":[{"embeddable":true,"href":"https:\/\/www.diarioimagen.net\/index.php?rest_route=\/wp\/v2\/users\/14"}],"replies":[{"embeddable":true,"href":"https:\/\/www.diarioimagen.net\/index.php?rest_route=%2Fwp%2Fv2%2Fcomments&post=692595"}],"version-history":[{"count":1,"href":"https:\/\/www.diarioimagen.net\/index.php?rest_route=\/wp\/v2\/posts\/692595\/revisions"}],"predecessor-version":[{"id":692597,"href":"https:\/\/www.diarioimagen.net\/index.php?rest_route=\/wp\/v2\/posts\/692595\/revisions\/692597"}],"wp:featuredmedia":[{"embeddable":true,"href":"https:\/\/www.diarioimagen.net\/index.php?rest_route=\/wp\/v2\/media\/692596"}],"wp:attachment":[{"href":"https:\/\/www.diarioimagen.net\/index.php?rest_route=%2Fwp%2Fv2%2Fmedia&parent=692595"}],"wp:term":[{"taxonomy":"category","embeddable":true,"href":"https:\/\/www.diarioimagen.net\/index.php?rest_route=%2Fwp%2Fv2%2Fcategories&post=692595"},{"taxonomy":"post_tag","embeddable":true,"href":"https:\/\/www.diarioimagen.net\/index.php?rest_route=%2Fwp%2Fv2%2Ftags&post=692595"}],"curies":[{"name":"wp","href":"https:\/\/api.w.org\/{rel}","templated":true}]}}