{"id":692598,"date":"2025-11-09T22:26:52","date_gmt":"2025-11-10T04:26:52","guid":{"rendered":"https:\/\/www.diarioimagen.net\/?p=692598"},"modified":"2025-11-09T22:26:52","modified_gmt":"2025-11-10T04:26:52","slug":"presentan-modelo-educativo-que-guiara-la-gestion-2025-2029","status":"publish","type":"post","link":"https:\/\/www.diarioimagen.net\/?p=692598","title":{"rendered":"Presentan modelo educativo que guiar\u00e1 la gesti\u00f3n 2025\u20132029"},"content":{"rendered":"<div id=\"attachment_692599\" style=\"width: 415px\" class=\"wp-caption alignnone\"><img loading=\"lazy\" decoding=\"async\" aria-describedby=\"caption-attachment-692599\" class=\"wp-image-692599 size-large\" src=\"https:\/\/www.diarioimagen.net\/wp-content\/uploads\/2025\/11\/UAEM2-1-405x270.jpg\" alt=\"\" width=\"405\" height=\"270\" srcset=\"https:\/\/www.diarioimagen.net\/wp-content\/uploads\/2025\/11\/UAEM2-1-405x270.jpg 405w, https:\/\/www.diarioimagen.net\/wp-content\/uploads\/2025\/11\/UAEM2-1-240x160.jpg 240w, https:\/\/www.diarioimagen.net\/wp-content\/uploads\/2025\/11\/UAEM2-1-768x512.jpg 768w, https:\/\/www.diarioimagen.net\/wp-content\/uploads\/2025\/11\/UAEM2-1-1536x1023.jpg 1536w, https:\/\/www.diarioimagen.net\/wp-content\/uploads\/2025\/11\/UAEM2-1-2048x1364.jpg 2048w\" sizes=\"auto, (max-width: 405px) 100vw, 405px\" \/><p id=\"caption-attachment-692599\" class=\"wp-caption-text\"><br \/>Martha Patricia Zarza Delgado reconoci\u00f3 la trayectoria y labor de 24 acad\u00e9micas y acad\u00e9micos distinguidos con la Nota Laudatoria.<\/p><\/div>\n<p>Toluca, M\u00e9x.- La rectora Martha Patricia Zarza Delgado encabez\u00f3 la presentaci\u00f3n de la Secretar\u00eda Acad\u00e9mica y la entrega de la Nota Laudatoria 2025, un acto que reafirma el compromiso de la Universidad Aut\u00f3noma del Estado de M\u00e9xico (UAEM\u00e9x) con la calidad educativa y la dignificaci\u00f3n del trabajo docente.<\/p>\n<p>En el Centro Cultural Universitario \u201cCasa de las Diligencias\u201d, Zarza Delgado reconoci\u00f3 la trayectoria y labor de 24 acad\u00e9micas y acad\u00e9micos distinguidos con la Nota Laudatoria, un galard\u00f3n que simboliza la productividad, eficiencia y pasi\u00f3n por la mejora continua del profesorado universitario.<\/p>\n<p>\u201cSigamos avanzando con compromiso para construir una universidad con esp\u00edritu progresista que ofrezca a toda su comunidad las mismas oportunidades de desarrollo profesional, donde la educaci\u00f3n p\u00fablica siga siendo la herramienta m\u00e1s poderosa para el progreso y la transformaci\u00f3n social\u201d, destac\u00f3.<\/p>\n<p>En este marco, el secretario Acad\u00e9mico, Francisco Herrera Tapia, present\u00f3 la nueva denominaci\u00f3n y funciones de la Secretar\u00eda Acad\u00e9mica, as\u00ed como el modelo educativo con sentido transformador que guiar\u00e1 la gesti\u00f3n universitaria 2025\u20132029. Este modelo, de enfoque socio-cr\u00edtico y humanista, coloca al estudiantado al centro de la atenci\u00f3n universitaria, con el prop\u00f3sito de fortalecer la calidad, la pertinencia social y la innovaci\u00f3n pedag\u00f3gica.<\/p>\n<p>Asimismo, Herrera Tapia subray\u00f3 que la excelencia acad\u00e9mica de la UAEM\u00e9x se vincula directamente con la innovaci\u00f3n y la evoluci\u00f3n continua, y explic\u00f3 que el proyecto institucional promueve principios como la equidad, la interculturalidad, la sostenibilidad y la cultura de paz.<\/p>\n<p>\u201cSe trata de una educaci\u00f3n cercana, incluyente y progresista, que fortalezca el pensamiento cr\u00edtico del estudiantado y su capacidad para resolver los desaf\u00edos de la sociedad contempor\u00e1nea\u201d, puntualiz\u00f3.<\/p>\n<p>&nbsp;<\/p>\n","protected":false},"excerpt":{"rendered":"<p>Toluca, M\u00e9x.- La rectora Martha Patricia Zarza Delgado encabez\u00f3 la presentaci\u00f3n de la Secretar\u00eda Acad\u00e9mica y la entrega de la Nota Laudatoria 2025, un acto que reafirma el compromiso de la Universidad Aut\u00f3noma del Estado de M\u00e9xico (UAEM\u00e9x) con la calidad educativa y la dignificaci\u00f3n del trabajo docente. En el Centro Cultural Universitario \u201cCasa de [&hellip;]<\/p>\n","protected":false},"author":14,"featured_media":692599,"comment_status":"open","ping_status":"open","sticky":false,"template":"","format":"standard","meta":{"_monsterinsights_skip_tracking":false,"_monsterinsights_sitenote_active":false,"_monsterinsights_sitenote_note":"","_monsterinsights_sitenote_category":0,"footnotes":""},"categories":[16,5],"tags":[],"class_list":["post-692598","post","type-post","status-publish","format-standard","has-post-thumbnail","hentry","category-destacadas","category-estado-de-mexico"],"_links":{"self":[{"href":"https:\/\/www.diarioimagen.net\/index.php?rest_route=\/wp\/v2\/posts\/692598","targetHints":{"allow":["GET"]}}],"collection":[{"href":"https:\/\/www.diarioimagen.net\/index.php?rest_route=\/wp\/v2\/posts"}],"about":[{"href":"https:\/\/www.diarioimagen.net\/index.php?rest_route=\/wp\/v2\/types\/post"}],"author":[{"embeddable":true,"href":"https:\/\/www.diarioimagen.net\/index.php?rest_route=\/wp\/v2\/users\/14"}],"replies":[{"embeddable":true,"href":"https:\/\/www.diarioimagen.net\/index.php?rest_route=%2Fwp%2Fv2%2Fcomments&post=692598"}],"version-history":[{"count":1,"href":"https:\/\/www.diarioimagen.net\/index.php?rest_route=\/wp\/v2\/posts\/692598\/revisions"}],"predecessor-version":[{"id":692600,"href":"https:\/\/www.diarioimagen.net\/index.php?rest_route=\/wp\/v2\/posts\/692598\/revisions\/692600"}],"wp:featuredmedia":[{"embeddable":true,"href":"https:\/\/www.diarioimagen.net\/index.php?rest_route=\/wp\/v2\/media\/692599"}],"wp:attachment":[{"href":"https:\/\/www.diarioimagen.net\/index.php?rest_route=%2Fwp%2Fv2%2Fmedia&parent=692598"}],"wp:term":[{"taxonomy":"category","embeddable":true,"href":"https:\/\/www.diarioimagen.net\/index.php?rest_route=%2Fwp%2Fv2%2Fcategories&post=692598"},{"taxonomy":"post_tag","embeddable":true,"href":"https:\/\/www.diarioimagen.net\/index.php?rest_route=%2Fwp%2Fv2%2Ftags&post=692598"}],"curies":[{"name":"wp","href":"https:\/\/api.w.org\/{rel}","templated":true}]}}