{"id":692754,"date":"2025-11-10T22:02:24","date_gmt":"2025-11-11T04:02:24","guid":{"rendered":"https:\/\/www.diarioimagen.net\/?p=692754"},"modified":"2025-11-10T22:02:24","modified_gmt":"2025-11-11T04:02:24","slug":"quien-ordeno-suspender-el-proceso-para-la-revocacion-de-mandato","status":"publish","type":"post","link":"https:\/\/www.diarioimagen.net\/?p=692754","title":{"rendered":"Qui\u00e9n orden\u00f3 suspender el proceso  para la revocaci\u00f3n de mandato?\u00a0"},"content":{"rendered":"<p><strong>CLASE POLITICA\u00a0 <\/strong>Miguel \u00c1ngel Rivera<\/p>\n<p><strong>\u00a0<\/strong><\/p>\n<p><strong>\u00a0<\/strong><\/p>\n<p>&nbsp;<\/p>\n<p>&nbsp;<\/p>\n<p>\u00bfDesde cu\u00e1ndo el gobierno encargado de la construcci\u00f3n del segundo piso de la llamada Cuarta Transformaci\u00f3n se preocupa por lo que opina la oposici\u00f3n?<\/p>\n<p>Esta es la primera pregunta que salta luego de que se anunciara que la Comisi\u00f3n de Puntos Constitucionales de la C\u00e1mara de Diputados cancel\u00f3 su asamblea en donde deber\u00eda revisar y eventualmente aprobar la iniciativa del Poder Ejecutivo de reformar el art\u00edculo 35 constitucional para realizar la consulta de revocaci\u00f3n del mandato presidencial al mismo tiempo que las elecciones para renovar la C\u00e1mara de Diputados federal y los gobiernos de 17 estados, junto con miles de diputados locales y otros tantos ayuntamientos.<\/p>\n<p>Todo estaba preparado para que en esa sesi\u00f3n de la mencionada Comisi\u00f3n de Puntos Constitucionales se revisara y ratificara la iniciativa, para presentarla \u2013y aprobarla\u2013 en la asamblea de hoy de la C\u00e1mara de Diputados.<\/p>\n<p>Hubo numerosas y fundamentadas protestas de parte de la oposici\u00f3n y de otras instituciones interesadas en las cuestiones legislativas por considerarse que se trataba de un subterfugio para aprovechar el respaldo popular a la presidenta (con A) Claudia Sheinbaum Pardo, quien seg\u00fan algunas encuestas tiene la aprobaci\u00f3n de m\u00e1s del 70 por ciento de los mexicanos. En consecuencia, su aparici\u00f3n en las boletas electorales, se considera un recurso para ayudar a los candidatos de su partido, Morena y sus sat\u00e9lites, quienes se supone que podr\u00edan ser afectados por el \u201cvoto de castigo\u201d derivado de la mala actuaci\u00f3n y peor fama de muchos de los gobernadores oficialistas.<\/p>\n<p>S\u00f3lo para mencionar algunos casos de riesgo electoral para los candidatos del oficialismo se pueden mencionar los estados de Sonora, Tamaulipas y, sobre todo, Guerrero, Sinaloa y Michoac\u00e1n, en particular a partir del asesinato del presidente municipal de Uruapan, Carlos Manzo, quien encabezaba un popular movimiento de oposici\u00f3n, ahora conducido por su viuda, Grecia Quiroz, a quien muchos analistas le conceden facultades para continuar con esa lucha de renovaci\u00f3n del gobierno estatal para reducir la influencia de los grupos criminales que dominan ese estado desde hace muchos a\u00f1os, al menos desde el mandato del ex presidente Felipe Calder\u00f3n Hinojosa, a quien ahora la llamada Cuarta Transformaci\u00f3n le carga todas las culpas.<\/p>\n<p>Con todo, el oficialismo ha demostrado de manera reiterada que no le preocupa para nada el descontento de la oposici\u00f3n. Esto se aprecia en especial en las asambleas de las c\u00e1maras de Diputados y Senadores, en donde se conceden horas para que los inconformes expresen sus desacuerdos y por m\u00e1s que sus argumentos est\u00e9n justificados, a final de cuentas se imponen los votos de la artificial mayor\u00eda calificada del oficialismo en los dos organismos del Poder Legislativo federal.<\/p>\n<p>En el caso presente ya todo estaba preparado.<\/p>\n<p>Entonces, vale insistir \u00bfpor qu\u00e9 se cancel\u00f3 el c\u00f3nclave de la Comisi\u00f3n de Puntos Constitucionales convocado de \u00faltima hora, para sesionar a toda prisa como acostumbra la llamada Cuarta Transformaci\u00f3n y presentar el dictamen al d\u00eda siguiente y, con la dispensa de todos los tr\u00e1mites, aprobarlo y presentarlo como ofrenda a la jefa del Ejecutivo federal?<\/p>\n<p>El ex priista ahora coordinador de la bancada mayoritaria de Morena y presidente de la Junta de Coordinaci\u00f3n Pol\u00edtica (Jucopo) de la C\u00e1mara de Diputados, el verdadero \u00f3rgano de gobierno de ese organismo legislativo, Ricardo Monreal \u00c1vila, declar\u00f3 que el aplazamiento tiene como prop\u00f3sito atender las solicitudes de los grupos parlamentarios de PAN y PRI.<\/p>\n<p>Por ello, agreg\u00f3, la bancada de Morena en la C\u00e1mara de Diputados decidi\u00f3 solicitar a la Comisi\u00f3n de Puntos Constitucionales posponer unos d\u00edas la votaci\u00f3n del dictamen de reforma al art\u00edculo 35 de la Constituci\u00f3n, que propone adelantar a 2027 la consulta de revocaci\u00f3n de mandato presidencial y hacerla concurrente con las elecciones para renovar la c\u00e1mara y 17 gubernaturas.<\/p>\n<p>Los mismos argumentos adujo el diputado que se encarg\u00f3 de patrocinar la iniciativa que le enviaron desde Palacio Nacional, Alfonso Ram\u00edrez Cu\u00e9llar, quien presume ser un \u201cluchador de izquierda\u201d.<\/p>\n<p>Este legislador, al que se supone uno de los alfiles de la presidenta (con A) Sheinbaum en el Legislativo, expres\u00f3 argumentos similares y adem\u00e1s recurri\u00f3 al argumento del ahorro de dinero, al realizar todas las votaciones al mismo tiempo.<\/p>\n<p>En entrevista con el colega Jos\u00e9 \u201cPepe\u201d C\u00e1rdenas destac\u00f3 adem\u00e1s que la supuesta revocaci\u00f3n es una oportunidad para que el pueblo exprese si est\u00e1 o no de acuerdo con el gobierno en funciones.<\/p>\n<p>Mencion\u00f3 que la consulta se hace a partir de la solicitud de una parte de los ciudadanos. Lo que olvid\u00f3 mencionar es que la convocatoria para realizar el proceso de revocaci\u00f3n de mandato no es obligatoria, pues primero se tiene que tramitar la solicitud de un importante sector de los ciudadanos registrados en el padr\u00f3n electoral.<\/p>\n<p>Ese art\u00edculo 35 constitucional que pretenden modificar \u201cmorenos\u201d y sus sat\u00e9lites establece que, para convocar a una consulta popular, como es el caso de la renovaci\u00f3n de mandato, se requiere el respaldo de al menos el tres por ciento de los registrados en la lista nominal y tiene que estar distribuidos en, al menos, 17 entidades federativas.<\/p>\n<p>Esto significa que la petici\u00f3n tiene que ser suscrita por alrededor de 300 mil ciudadanos y hasta ahora no se conoce que ning\u00fan grupo o asociaci\u00f3n haya promovido la iniciativa para pedir que se realice la consulta. Adem\u00e1s, \u201cpara que el proceso de revocaci\u00f3n de mandato sea v\u00e1lido deber\u00e1 haber una participaci\u00f3n de, por lo menos, el cuarenta por ciento de las personas inscritas en la lista nominal de electores.<\/p>\n<p>\u201cLa revocaci\u00f3n de mandato s\u00f3lo proceder\u00e1 por mayor\u00eda absoluta\u201d, precisa.<\/p>\n<p>Aqu\u00ed es donde cabe la sospecha de la oposici\u00f3n de lo que trata el oficialismo es de utilizar la figura presidencial para atraer simpatizantes para sus candidatos.<\/p>\n<p>Pero tambi\u00e9n en este aspecto, se requiere primero de la reforma constitucional, pues de acuerdo con la redacci\u00f3n del vigente art\u00edculo 35 constitucional, en caso de una consulta para la revocaci\u00f3n de mandato se tienen que cumplir otros muchos requisitos que dificultan el proceso, a saber:<\/p>\n<p>\u201cQueda prohibido el uso de recursos p\u00fablicos para la recolecci\u00f3n de firmas, as\u00ed como con fines de promoci\u00f3n y propaganda relacionados con los procesos de revocaci\u00f3n de mandato.<\/p>\n<p>\u201cEl Instituto y los organismos p\u00fablicos locales, seg\u00fan corresponda, promover\u00e1n la participaci\u00f3n ciudadana y ser\u00e1n la \u00fanica instancia a cargo de la difusi\u00f3n de los mismos.<\/p>\n<p>\u201cLa promoci\u00f3n ser\u00e1 objetiva, imparcial y con fines informativos.<\/p>\n<p>\u201cNinguna otra persona f\u00edsica o moral, sea a t\u00edtulo propio o por cuenta de terceros, podr\u00e1 contratar propaganda en radio y televisi\u00f3n dirigida a influir en la opini\u00f3n de los ciudadanos y ciudadanas.<\/p>\n<p>\u201cDurante el tiempo que comprende el proceso de revocaci\u00f3n de mandato, desde la convocatoria y hasta la conclusi\u00f3n de la jornada, deber\u00e1 suspenderse la difusi\u00f3n en los medios de comunicaci\u00f3n de toda propaganda gubernamental de cualquier orden de gobierno.<\/p>\n<p>\u201cLos poderes p\u00fablicos, los \u00f3rganos aut\u00f3nomos, las dependencias y entidades de la administraci\u00f3n p\u00fablica y cualquier otro ente de los tres \u00f3rdenes de gobierno, s\u00f3lo podr\u00e1n difundir las campa\u00f1as de informaci\u00f3n relativas a los servicios educativos y de salud o las necesarias para la protecci\u00f3n civil\u201d.<\/p>\n<p>Esta puede ser la respuesta a las dudas expresadas anteriormente.<\/p>\n<p>Si lo que el oficialismo desea es incorporar la figura presidencial a las m\u00faltiples campa\u00f1as a realizarse en junio de 2027, tendr\u00e1 que eliminar las prohibiciones que impone el vigente art\u00edculo 35 constitucional, pues no se admite la propaganda oficial en esta clase de procesos.<\/p>\n<p>Claro, con su artificial mayor\u00eda calificada en las dos c\u00e1maras del Congreso de la Uni\u00f3n, Morena y sus r\u00e9moras pueden imponer los cambios que consideren necesarios, pero no podr\u00e1n justificarlo ante la opini\u00f3n p\u00fablica.<\/p>\n<p>Limitar la intervenci\u00f3n oficial en los procesos electorales se considera uno de los principales avances de nuestra endeble democracia, adem\u00e1s de que fue durante muchos a\u00f1os exigencia de las organizaciones de izquierda.<\/p>\n<p>\u201cManos (del gobierno) fuera de elecciones\u201d, dec\u00eda en 2023 el caudillo de la 4T\u201d, ya sabes qui\u00e9n, un pol\u00edtico que ahora reside en una finca de sonoro nombre en Palenque, Chiapas.<\/p>\n<p>&nbsp;<\/p>\n<p>&nbsp;<\/p>\n<p>&nbsp;<\/p>\n","protected":false},"excerpt":{"rendered":"<p>CLASE POLITICA\u00a0 Miguel \u00c1ngel Rivera \u00a0 \u00a0 &nbsp; &nbsp; \u00bfDesde cu\u00e1ndo el gobierno encargado de la construcci\u00f3n del segundo piso de la llamada Cuarta Transformaci\u00f3n se preocupa por lo que opina la oposici\u00f3n? Esta es la primera pregunta que salta luego de que se anunciara que la Comisi\u00f3n de Puntos Constitucionales de la C\u00e1mara de [&hellip;]<\/p>\n","protected":false},"author":14,"featured_media":0,"comment_status":"open","ping_status":"open","sticky":false,"template":"","format":"standard","meta":{"_monsterinsights_skip_tracking":false,"_monsterinsights_sitenote_active":false,"_monsterinsights_sitenote_note":"","_monsterinsights_sitenote_category":0,"footnotes":""},"categories":[84119,4],"tags":[],"class_list":["post-692754","post","type-post","status-publish","format-standard","hentry","category-miguel-angel-rivera","category-opinion"],"_links":{"self":[{"href":"https:\/\/www.diarioimagen.net\/index.php?rest_route=\/wp\/v2\/posts\/692754","targetHints":{"allow":["GET"]}}],"collection":[{"href":"https:\/\/www.diarioimagen.net\/index.php?rest_route=\/wp\/v2\/posts"}],"about":[{"href":"https:\/\/www.diarioimagen.net\/index.php?rest_route=\/wp\/v2\/types\/post"}],"author":[{"embeddable":true,"href":"https:\/\/www.diarioimagen.net\/index.php?rest_route=\/wp\/v2\/users\/14"}],"replies":[{"embeddable":true,"href":"https:\/\/www.diarioimagen.net\/index.php?rest_route=%2Fwp%2Fv2%2Fcomments&post=692754"}],"version-history":[{"count":1,"href":"https:\/\/www.diarioimagen.net\/index.php?rest_route=\/wp\/v2\/posts\/692754\/revisions"}],"predecessor-version":[{"id":692755,"href":"https:\/\/www.diarioimagen.net\/index.php?rest_route=\/wp\/v2\/posts\/692754\/revisions\/692755"}],"wp:attachment":[{"href":"https:\/\/www.diarioimagen.net\/index.php?rest_route=%2Fwp%2Fv2%2Fmedia&parent=692754"}],"wp:term":[{"taxonomy":"category","embeddable":true,"href":"https:\/\/www.diarioimagen.net\/index.php?rest_route=%2Fwp%2Fv2%2Fcategories&post=692754"},{"taxonomy":"post_tag","embeddable":true,"href":"https:\/\/www.diarioimagen.net\/index.php?rest_route=%2Fwp%2Fv2%2Ftags&post=692754"}],"curies":[{"name":"wp","href":"https:\/\/api.w.org\/{rel}","templated":true}]}}