{"id":692823,"date":"2025-11-10T22:34:31","date_gmt":"2025-11-11T04:34:31","guid":{"rendered":"https:\/\/www.diarioimagen.net\/?p=692823"},"modified":"2025-11-10T22:34:31","modified_gmt":"2025-11-11T04:34:31","slug":"inaugura-clara-brugada-centro-de-atencion-integral-para-la-busqueda-de-personas","status":"publish","type":"post","link":"https:\/\/www.diarioimagen.net\/?p=692823","title":{"rendered":"Inaugura Clara Brugada  Centro de Atenci\u00f3n Integral  para la B\u00fasqueda de Personas"},"content":{"rendered":"<p>&nbsp;<\/p>\n<ul>\n<li><strong>Reconoce lucha de colectivos\u00a0 <\/strong><\/li>\n<li><strong>Reunir\u00e1, en un solo lugar, instituciones y esfuerzos para la atenci\u00f3n en la b\u00fasqueda de desaparecidos<\/strong><\/li>\n<\/ul>\n<p>&nbsp;<\/p>\n<p><img loading=\"lazy\" decoding=\"async\" class=\"alignnone wp-image-692824 size-large\" src=\"https:\/\/www.diarioimagen.net\/wp-content\/uploads\/2025\/11\/BRUGADA-OK-5-405x270.jpg\" alt=\"\" width=\"405\" height=\"270\" srcset=\"https:\/\/www.diarioimagen.net\/wp-content\/uploads\/2025\/11\/BRUGADA-OK-5-405x270.jpg 405w, https:\/\/www.diarioimagen.net\/wp-content\/uploads\/2025\/11\/BRUGADA-OK-5-240x160.jpg 240w, https:\/\/www.diarioimagen.net\/wp-content\/uploads\/2025\/11\/BRUGADA-OK-5-768x511.jpg 768w, https:\/\/www.diarioimagen.net\/wp-content\/uploads\/2025\/11\/BRUGADA-OK-5.jpg 1500w\" sizes=\"auto, (max-width: 405px) 100vw, 405px\" \/><\/p>\n<p>&nbsp;<\/p>\n<p>La Jefa de Gobierno de la Ciudad de M\u00e9xico, Clara Brugada Molina, encabez\u00f3 la inauguraci\u00f3n de las instalaciones del Centro de Atenci\u00f3n Integral para la B\u00fasqueda de Personas (CAIBP), en la colonia Doctores, alcald\u00eda Cuauht\u00e9moc, donde reconoci\u00f3 la labor fundamental hecha por los colectivos de personas buscadoras, al refrendar el compromiso \u00e9tico de su gobierno para trabajar de forma coordinada en la b\u00fasqueda de personas desaparecidas.<\/p>\n<p>&nbsp;<\/p>\n<p>\u201cNada de lo que hoy se ha dicho ac\u00e1, de los avances que hemos tenido en este rubro, ser\u00eda posible sin la lucha y la resistencia de ustedes (los colectivos). Ustedes han sostenido con dignidad y esperanza esta lucha (&#8230;) Esta ciudad les debe a ustedes los avances que tengamos al respecto. Desde el Gobierno de la Ciudad de M\u00e9xico hemos asumido el mandato \u00e9tico de buscar a quienes no est\u00e1n\u201d, declar\u00f3.<\/p>\n<p>&nbsp;<\/p>\n<p>Ante integrantes de colectivos de b\u00fasqueda de personas desaparecidas, la mandataria capitalina destac\u00f3 las labores hechas en la materia como la instalaci\u00f3n del Gabinete de B\u00fasqueda de Personas Desaparecidas, que sesiona de manera permanente; la creaci\u00f3n del centro de resguardo temporal para dignificar los restos de personas no identificadas, el cual tendr\u00e1 5 mil gavetas y 4 mil osarios, as\u00ed como la duplicaci\u00f3n del presupuesto para la Comisi\u00f3n de B\u00fasqueda, mismo que se comprometi\u00f3 a aumentar el pr\u00f3ximo a\u00f1o<\/p>\n<p>&nbsp;<\/p>\n<p>&nbsp;<\/p>\n<p>\u201cSe ha triplicado la capacidad de acci\u00f3n en campo mediante la incorporaci\u00f3n de cientos de elementos especializados que trabajan de manera directa con las familias. Estos equipos han recorrido m\u00e1s de 6.2 kil\u00f3metros cuadrados en operativos de b\u00fasqueda terrestre con el apoyo de miles de personas. Por ejemplo, en la Sierra de Guadalupe, donde se han localizado 11 hallazgos en pocas semanas\u201d, detall\u00f3.<\/p>\n<p>&nbsp;<\/p>\n<p>Entre las acciones implementadas, Brugada Molina mencion\u00f3 el banco de ADN, con el cual se han generado m\u00e1s de 500 perfiles gen\u00e9ticos durante el a\u00f1o y se han hecho cruces con m\u00e1s de 8 mil\u00a0 perfiles de personas fallecidas; la identificaci\u00f3n de 456 personas fallecidas que se encontraban en calidad de desconocidas; la creaci\u00f3n de un sistema informativo \u00fanico para la gesti\u00f3n de casos y un solo fotobolet\u00edn que facilita la b\u00fasqueda, y la entrega digna a familiares de cuerpos de 196 personas que no hab\u00edan sido reclamadas, entre otras.<\/p>\n<p>&nbsp;<\/p>\n<p>\u201cEstos datos no son fruto de un trabajo aislado, hoy no se viene a informar aqu\u00ed lo que hizo cada instituci\u00f3n, sino lo m\u00e1s importante, lo que ha sido fruto de la coordinaci\u00f3n de todas las instituciones, un trabajo articulado en el que han participado m\u00e1s de 20 dependencias\u201d, se\u00f1al\u00f3 y agreg\u00f3: \u201caqu\u00ed se va a acabar el peregrinar en varias instituciones\u201d.<\/p>\n<p>&nbsp;<\/p>\n<p>Desde las instalaciones del CAIBP, ubicado en la antigua sede del Servicio M\u00e9dico Forense (Semefo), la Jefa de Gobierno resalt\u00f3 que por primera vez en la Ciudad de M\u00e9xico se cuenta con un gabinete metropolitano de b\u00fasqueda, donde participan entidades federativas vecinas como el Estado de M\u00e9xico, Hidalgo, Quer\u00e9taro, Morelos, Puebla y Tlaxcala.<\/p>\n<p>&nbsp;<\/p>\n<p>En ese sentido, la titular del Ejecutivo local reafirm\u00f3 su apoyo total a fin de brindar a las familias de personas desaparecidas el apoyo necesario para encontrar a sus desaparecidos: \u201cQueremos garantizar el derecho a que sean nombrados, identificados y devueltos a sus familias de todas y cada una de las personas que no han sido identificadas\u201d.<\/p>\n<p>&nbsp;<\/p>\n<p>Hizo \u00e9nfasis en que la tarea de b\u00fasqueda de personas \u201cno puede estar fragmentada; no puede perderse en ventanillas ni obstaculizarse por competencias institucionales\u201d, incluso subray\u00f3 que \u201cno podemos fallarle a las familias\u201d como tampoco el Gobierno de esta ciudad va a evadir el tama\u00f1o del reto, pues \u201cla b\u00fasqueda de personas desaparecidas es un acto de justicia, de humanidad y de Estado\u201d.<\/p>\n<p>&nbsp;<\/p>\n<p>En su intervenci\u00f3n, la titular de la Fiscal\u00eda General de Justicia de la Ciudad de M\u00e9xico (FGJCDMX), Bertha Alcalde Luj\u00e1n, refiri\u00f3 que el CAIBP se cre\u00f3 como respuesta a las exigencias de familias por una coordinaci\u00f3n real entre la instancia a su cargo, la Comisi\u00f3n de B\u00fasqueda y la Secretar\u00eda de Seguridad Ciudadana (SSC), las cuales deben moldearse a las exigencias.<\/p>\n<p>&nbsp;<\/p>\n<p>\u201cEl principal objetivo de este centro es encontrar respuesta institucional en un mismo espacio para hacer m\u00e1s eficientes nuestras acciones en materia de b\u00fasqueda; facilitar el acceso institucional para las familias que desean reportar la no localizaci\u00f3n de un ser querido, y mejorar la coordinaci\u00f3n entre las diversas instituciones, actuando como un solo equipo especializado de b\u00fasqueda inmediata\u201d, expres\u00f3 Alcalde Luj\u00e1n.<\/p>\n<p>&nbsp;<\/p>\n<p>Indic\u00f3 que el inmueble fungi\u00f3 como el primer servicio forense del pa\u00eds y que para su reconversi\u00f3n al CAIBP se requiri\u00f3 una inversi\u00f3n de 43 millones de pesos y el cual contar\u00e1 con personal de la Comisi\u00f3n de B\u00fasqueda de Personas, con 100 integrantes; el Grupo Especializado de Apoyo a la B\u00fasqueda Inmediata, con\u00a0 50 integrantes de la SSC y la FGJCDMX; personal de la Fiscal\u00eda Especializada de Investigaci\u00f3n de los Delitos de Desaparici\u00f3n de Personas y Desaparici\u00f3n Cometida por Particulares, con 80 integrantes, as\u00ed como la Unidad de Coordinaci\u00f3n.<\/p>\n<p>&nbsp;<\/p>\n<p>Los titulares de las Secretar\u00edas de Gobierno, C\u00e9sar Cravioto Romero, y de Seguridad Ciudadana (SSC), Pablo V\u00e1zquez Camacho, coincidieron en que la instalaci\u00f3n del CAIBP es una respuesta a las demandas de colectivos y familias buscadoras, y un espacio en el que podr\u00e1n acceder a la atenci\u00f3n interinstitucional requerida, esto gracias al reforzamiento de la atenci\u00f3n, coordinaci\u00f3n y sensibilidad en los procesos de b\u00fasqueda de personas desaparecidas.<\/p>\n<p>&nbsp;<\/p>\n<p>Bajo la instrucci\u00f3n\u00a0 de la Jefa de Gobierno se realiz\u00f3 la creaci\u00f3n de un Gabinete de B\u00fasqueda, as\u00ed como el fortalecimiento de la Comisi\u00f3n de B\u00fasqueda de Personas, duplicando el presupuesto, reforzando el equipo de especialistas y promoviendo acciones de prevenci\u00f3n.<\/p>\n<p>&nbsp;<\/p>\n<p>En la inauguraci\u00f3n del CAIBP destac\u00f3 la presencia del presidente del Tribunal de Justicia de la Ciudad de M\u00e9xico, Rafael Guerra \u00c1lvarez; la presidenta de la Comisi\u00f3n de los Derechos Humanos capitalina, Dolores Gonz\u00e1lez Saravia; el coordinador de la Comisi\u00f3n de B\u00fasqueda de Personas, Luis G\u00f3mez Negrete, as\u00ed como el representante ONU-DH, Humberto Henderson, as\u00ed como representantes de colectivos de b\u00fasqueda, entre otras personalidades.<\/p>\n<p>&nbsp;<\/p>\n<p>&nbsp;<\/p>\n","protected":false},"excerpt":{"rendered":"<p>&nbsp; Reconoce lucha de colectivos\u00a0 Reunir\u00e1, en un solo lugar, instituciones y esfuerzos para la atenci\u00f3n en la b\u00fasqueda de desaparecidos &nbsp; &nbsp; La Jefa de Gobierno de la Ciudad de M\u00e9xico, Clara Brugada Molina, encabez\u00f3 la inauguraci\u00f3n de las instalaciones del Centro de Atenci\u00f3n Integral para la B\u00fasqueda de Personas (CAIBP), en la colonia [&hellip;]<\/p>\n","protected":false},"author":14,"featured_media":692824,"comment_status":"open","ping_status":"open","sticky":false,"template":"","format":"standard","meta":{"_monsterinsights_skip_tracking":false,"_monsterinsights_sitenote_active":false,"_monsterinsights_sitenote_note":"","_monsterinsights_sitenote_category":0,"footnotes":""},"categories":[6],"tags":[],"class_list":["post-692823","post","type-post","status-publish","format-standard","has-post-thumbnail","hentry","category-cd-de-mexico"],"_links":{"self":[{"href":"https:\/\/www.diarioimagen.net\/index.php?rest_route=\/wp\/v2\/posts\/692823","targetHints":{"allow":["GET"]}}],"collection":[{"href":"https:\/\/www.diarioimagen.net\/index.php?rest_route=\/wp\/v2\/posts"}],"about":[{"href":"https:\/\/www.diarioimagen.net\/index.php?rest_route=\/wp\/v2\/types\/post"}],"author":[{"embeddable":true,"href":"https:\/\/www.diarioimagen.net\/index.php?rest_route=\/wp\/v2\/users\/14"}],"replies":[{"embeddable":true,"href":"https:\/\/www.diarioimagen.net\/index.php?rest_route=%2Fwp%2Fv2%2Fcomments&post=692823"}],"version-history":[{"count":1,"href":"https:\/\/www.diarioimagen.net\/index.php?rest_route=\/wp\/v2\/posts\/692823\/revisions"}],"predecessor-version":[{"id":692825,"href":"https:\/\/www.diarioimagen.net\/index.php?rest_route=\/wp\/v2\/posts\/692823\/revisions\/692825"}],"wp:featuredmedia":[{"embeddable":true,"href":"https:\/\/www.diarioimagen.net\/index.php?rest_route=\/wp\/v2\/media\/692824"}],"wp:attachment":[{"href":"https:\/\/www.diarioimagen.net\/index.php?rest_route=%2Fwp%2Fv2%2Fmedia&parent=692823"}],"wp:term":[{"taxonomy":"category","embeddable":true,"href":"https:\/\/www.diarioimagen.net\/index.php?rest_route=%2Fwp%2Fv2%2Fcategories&post=692823"},{"taxonomy":"post_tag","embeddable":true,"href":"https:\/\/www.diarioimagen.net\/index.php?rest_route=%2Fwp%2Fv2%2Ftags&post=692823"}],"curies":[{"name":"wp","href":"https:\/\/api.w.org\/{rel}","templated":true}]}}