{"id":692826,"date":"2025-11-10T22:36:52","date_gmt":"2025-11-11T04:36:52","guid":{"rendered":"https:\/\/www.diarioimagen.net\/?p=692826"},"modified":"2025-11-10T22:36:52","modified_gmt":"2025-11-11T04:36:52","slug":"entrega-la-sep-3-mil-843-premios-a-las-mejores-practicas-educativas-2025","status":"publish","type":"post","link":"https:\/\/www.diarioimagen.net\/?p=692826","title":{"rendered":"Entrega la SEP 3 mil 843  premios a las mejores  Pr\u00e1cticas Educativas 2025"},"content":{"rendered":"<ul>\n<li><strong>Compromiso docente <\/strong><\/li>\n<\/ul>\n<p><strong>\u00a0<\/strong><\/p>\n<p>&nbsp;<\/p>\n<div id=\"attachment_692827\" style=\"width: 470px\" class=\"wp-caption alignnone\"><img loading=\"lazy\" decoding=\"async\" aria-describedby=\"caption-attachment-692827\" class=\"wp-image-692827 size-large\" src=\"https:\/\/www.diarioimagen.net\/wp-content\/uploads\/2025\/11\/SEP-OK-3-460x270.jpg\" alt=\"\" width=\"460\" height=\"270\" srcset=\"https:\/\/www.diarioimagen.net\/wp-content\/uploads\/2025\/11\/SEP-OK-3-460x270.jpg 460w, https:\/\/www.diarioimagen.net\/wp-content\/uploads\/2025\/11\/SEP-OK-3-240x140.jpg 240w, https:\/\/www.diarioimagen.net\/wp-content\/uploads\/2025\/11\/SEP-OK-3-768x449.jpg 768w, https:\/\/www.diarioimagen.net\/wp-content\/uploads\/2025\/11\/SEP-OK-3.jpg 1500w\" sizes=\"auto, (max-width: 460px) 100vw, 460px\" \/><p id=\"caption-attachment-692827\" class=\"wp-caption-text\">Mario Delgado Carrillo encabez\u00f3 la ceremonia de entrega de reconocimientos a 3 mil 843 maestras y maestros de Educaci\u00f3n B\u00e1sica y Media Superior de las 32 entidades del pa\u00eds.<\/p><\/div>\n<p>El secretario de Educaci\u00f3n P\u00fablica, Mario Delgado Carrillo, encabez\u00f3 la ceremonia de entrega de reconocimientos a 3 mil 843 maestras y maestros de Educaci\u00f3n B\u00e1sica y Media Superior de las 32 entidades del pa\u00eds, quienes, gracias a sus pr\u00e1cticas educativas innovadoras y estrategias pedag\u00f3gicas originales, fortalecen los aprendizajes, el trabajo colaborativo y los v\u00ednculos con la comunidad, en congruencia con los principios de la Nueva Escuela Mexicana (NEM).<\/p>\n<p>&nbsp;<\/p>\n<p>Durante el Primer Encuentro Nacional para la Entrega del Reconocimiento a la Pr\u00e1ctica Educativa 2025, convocado por la Unidad del Sistema para la Carrera de las Maestras y los Maestros (Usicamm), Delgado Carrillo asegur\u00f3 que las y los docentes tienen una vocaci\u00f3n por los dem\u00e1s, una vocaci\u00f3n por la ense\u00f1anza, lo que los hace \u00fanicos y extraordinarios. Destac\u00f3 que son el coraz\u00f3n de la transformaci\u00f3n que vive actualmente el pa\u00eds y que encabeza la Presidenta Claudia Sheinbaum Pardo.<\/p>\n<p>&nbsp;<\/p>\n<p>En presencia de maestras y maestros reunidos en el sal\u00f3n Iberoamericano de la sede hist\u00f3rica de la SEP, el titular de la dependencia les expres\u00f3: \u201cSon ustedes el alma del Sistema Educativo, y no podr\u00edamos avanzar nada sin ustedes\u201d. A\u00f1adi\u00f3 que, por ello, se cambi\u00f3 radicalmente el modelo pedag\u00f3gico para que cuenten con autonom\u00eda profesional, de modo que puedan decidir, con base en las mejores pr\u00e1cticas y en atenci\u00f3n al contexto y condiciones de cada ni\u00f1a y ni\u00f1o, la manera de conducir sus procesos pedag\u00f3gicos.<\/p>\n<p>Explic\u00f3 que este reconocimiento tiene un gran valor simb\u00f3lico y profesional, porque fue decidido por maestras y maestros. \u201cLos comit\u00e9s que se integraron en cada entidad para seleccionar y premiar las mejores pr\u00e1cticas fueron conformados por docentes; eso es lo que da valor a estos reconocimientos: no provienen de la autoridad educativa ni de la Usicamm, sino de maestros que reconocen a maestros y maestras\u201d, subray\u00f3.<\/p>\n<p>&nbsp;<\/p>\n<p>En este sentido, Delgado Carrillo afirm\u00f3 que lo m\u00e1s relevante en la actualidad es la parte humana del magisterio, aquella que gu\u00eda a las y los estudiantes, que les ayuda a discernir qu\u00e9 informaci\u00f3n es valiosa y cu\u00e1l no, y que impulsa la formaci\u00f3n en valores, habilidades socioemocionales y respeto mutuo. \u201cEso se logra con la pr\u00e1ctica docente desde la autonom\u00eda, porque confiamos en ustedes y respetamos su trabajo como profesionales de la educaci\u00f3n\u201d, abund\u00f3.<\/p>\n<p>&nbsp;<\/p>\n<p>Por su parte, el titular de la Usicamm, Mario Llergo Latournerie, inform\u00f3 que en la convocatoria para la Mejor Pr\u00e1ctica Educativa 2025 se registraron 4 mil 417 maestras y maestros de Educaci\u00f3n B\u00e1sica y Media Superior de todo el pa\u00eds, de los cuales 3 mil 843 resultaron ganadores.<\/p>\n<p>&nbsp;<\/p>\n<p>Agreg\u00f3 que todo el proceso se desarroll\u00f3 con transparencia, y fueron las propias maestras, maestros y directivos quienes determinaron cu\u00e1les eran las mejores experiencias aplicadas en las aulas. Se\u00f1al\u00f3 que este reconocimiento forma parte de la pol\u00edtica educativa impulsada por la Presidenta de M\u00e9xico, orientada a fomentar el humanismo mexicano y a reconocer a las y los docentes como agentes de la transformaci\u00f3n social.<\/p>\n<p>&nbsp;<\/p>\n<p>La maestra Gabriela Morales Garc\u00eda, galardonada de Educaci\u00f3n B\u00e1sica del Estado de M\u00e9xico, expres\u00f3 que, adem\u00e1s de ser un logro personal, el reconocimiento simboliza la fuerza de la vocaci\u00f3n docente y la esperanza que se genera en cada aula.<\/p>\n<p>&nbsp;<\/p>\n<p>Por su parte, Mar\u00eda de los \u00c1ngeles D\u00e1vila, de Educaci\u00f3n Media Superior de Puebla, se\u00f1al\u00f3 que implementar pr\u00e1cticas innovadoras implica abrir nuevos espacios para que las y los alumnos imaginen y aprendan de manera significativa.<\/p>\n<p>&nbsp;<\/p>\n<p>A la ceremonia asisti\u00f3, en representaci\u00f3n del secretario general del Sindicato Nacional de Trabajadores de la Educaci\u00f3n (SNTE), Alfonso Cepeda Salas, el oficial mayor del sindicato, Alejandro Gardu\u00f1o L\u00f3pez.<\/p>\n<p><strong>\u00a0<\/strong><\/p>\n<p><strong>\u00a0<\/strong><\/p>\n","protected":false},"excerpt":{"rendered":"<p>Compromiso docente \u00a0 &nbsp; El secretario de Educaci\u00f3n P\u00fablica, Mario Delgado Carrillo, encabez\u00f3 la ceremonia de entrega de reconocimientos a 3 mil 843 maestras y maestros de Educaci\u00f3n B\u00e1sica y Media Superior de las 32 entidades del pa\u00eds, quienes, gracias a sus pr\u00e1cticas educativas innovadoras y estrategias pedag\u00f3gicas originales, fortalecen los aprendizajes, el trabajo colaborativo [&hellip;]<\/p>\n","protected":false},"author":14,"featured_media":692827,"comment_status":"open","ping_status":"open","sticky":false,"template":"","format":"standard","meta":{"_monsterinsights_skip_tracking":false,"_monsterinsights_sitenote_active":false,"_monsterinsights_sitenote_note":"","_monsterinsights_sitenote_category":0,"footnotes":""},"categories":[3],"tags":[],"class_list":["post-692826","post","type-post","status-publish","format-standard","has-post-thumbnail","hentry","category-nacional"],"_links":{"self":[{"href":"https:\/\/www.diarioimagen.net\/index.php?rest_route=\/wp\/v2\/posts\/692826","targetHints":{"allow":["GET"]}}],"collection":[{"href":"https:\/\/www.diarioimagen.net\/index.php?rest_route=\/wp\/v2\/posts"}],"about":[{"href":"https:\/\/www.diarioimagen.net\/index.php?rest_route=\/wp\/v2\/types\/post"}],"author":[{"embeddable":true,"href":"https:\/\/www.diarioimagen.net\/index.php?rest_route=\/wp\/v2\/users\/14"}],"replies":[{"embeddable":true,"href":"https:\/\/www.diarioimagen.net\/index.php?rest_route=%2Fwp%2Fv2%2Fcomments&post=692826"}],"version-history":[{"count":1,"href":"https:\/\/www.diarioimagen.net\/index.php?rest_route=\/wp\/v2\/posts\/692826\/revisions"}],"predecessor-version":[{"id":692828,"href":"https:\/\/www.diarioimagen.net\/index.php?rest_route=\/wp\/v2\/posts\/692826\/revisions\/692828"}],"wp:featuredmedia":[{"embeddable":true,"href":"https:\/\/www.diarioimagen.net\/index.php?rest_route=\/wp\/v2\/media\/692827"}],"wp:attachment":[{"href":"https:\/\/www.diarioimagen.net\/index.php?rest_route=%2Fwp%2Fv2%2Fmedia&parent=692826"}],"wp:term":[{"taxonomy":"category","embeddable":true,"href":"https:\/\/www.diarioimagen.net\/index.php?rest_route=%2Fwp%2Fv2%2Fcategories&post=692826"},{"taxonomy":"post_tag","embeddable":true,"href":"https:\/\/www.diarioimagen.net\/index.php?rest_route=%2Fwp%2Fv2%2Ftags&post=692826"}],"curies":[{"name":"wp","href":"https:\/\/api.w.org\/{rel}","templated":true}]}}