{"id":693016,"date":"2025-11-11T21:33:00","date_gmt":"2025-11-12T03:33:00","guid":{"rendered":"https:\/\/www.diarioimagen.net\/?p=693016"},"modified":"2025-11-11T21:33:00","modified_gmt":"2025-11-12T03:33:00","slug":"la-transformacion-de-la-uaemex-retoma-pensamiento-de-sor-juana-ines-de-la-cruz","status":"publish","type":"post","link":"https:\/\/www.diarioimagen.net\/?p=693016","title":{"rendered":"La transformaci\u00f3n de la UAEM\u00e9x retoma  pensamiento de Sor Juana In\u00e9s de la Cruz  \u00a0"},"content":{"rendered":"<p><strong>\u00a0<\/strong><\/p>\n<p>&nbsp;<\/p>\n<p><strong>\u00a0<\/strong><\/p>\n<ul>\n<li><strong>En la conmemoraci\u00f3n del natalicio de la D\u00e9cima Musa, Zarza Delgado resalt\u00f3 que recordarla es una oportunidad para reafirmar los principios que dan sentido a la vida universitaria<\/strong><\/li>\n<\/ul>\n<div id=\"attachment_693017\" style=\"width: 470px\" class=\"wp-caption alignnone\"><img loading=\"lazy\" decoding=\"async\" aria-describedby=\"caption-attachment-693017\" class=\"wp-image-693017 size-large\" src=\"https:\/\/www.diarioimagen.net\/wp-content\/uploads\/2025\/11\/UAEM-1-5-460x267.jpg\" alt=\"\" width=\"460\" height=\"267\" srcset=\"https:\/\/www.diarioimagen.net\/wp-content\/uploads\/2025\/11\/UAEM-1-5-460x267.jpg 460w, https:\/\/www.diarioimagen.net\/wp-content\/uploads\/2025\/11\/UAEM-1-5-240x140.jpg 240w, https:\/\/www.diarioimagen.net\/wp-content\/uploads\/2025\/11\/UAEM-1-5-768x446.jpg 768w, https:\/\/www.diarioimagen.net\/wp-content\/uploads\/2025\/11\/UAEM-1-5-1536x893.jpg 1536w, https:\/\/www.diarioimagen.net\/wp-content\/uploads\/2025\/11\/UAEM-1-5-2048x1190.jpg 2048w\" sizes=\"auto, (max-width: 460px) 100vw, 460px\" \/><p id=\"caption-attachment-693017\" class=\"wp-caption-text\">La rectora de la UAEM\u00e9x, Martha Patricia Zarza Delgado, encabez\u00f3 en Amecameca la ceremonia de conmemoraci\u00f3n del natalicio de Sor Juana In\u00e9s de la Cruz, la D\u00e9cima Musa.<\/p><\/div>\n<p>Amecameca, M\u00e9x.- Sor Juana In\u00e9s de la Cruz es una de las primeras voces femeninas universales, que con su obra nos recuerda que la educaci\u00f3n es el camino m\u00e1s poderoso para alcanzar la libertad y el conocimiento es un servicio a la humanidad, resalt\u00f3 la rectora de la Universidad Aut\u00f3noma del Estado de M\u00e9xico (UAEM\u00e9x), Martha Patricia Zarza Delgado, durante la conmemoraci\u00f3n del natalicio de la D\u00e9cima Musa.<\/p>\n<p>En el Plantel \u201cSor Juana In\u00e9s de la Cruz\u201d de la Escuela Preparatoria, Zarza Delgado indic\u00f3 que el 12 de noviembre de 1651 naci\u00f3 Juana de Asbaje y Ram\u00edrez de Santillana, una joven que con su obra interdisciplinaria se convirti\u00f3 en un s\u00edmbolo de libertad intelectual que abri\u00f3 paso a las mujeres en espacios donde su voz no era escuchada.<\/p>\n<p>Acompa\u00f1ada de la secretaria del Medio Ambiente y Desarrollo Sostenible del Estado de M\u00e9xico, Alhely Rubio Arronis, la rectora de la M\u00e1xima Casa de Estudios mexiquense resalt\u00f3 que recordar a la D\u00e9cima Musa es una oportunidad para reafirmar los principios que dan sentido a la vida universitaria, la defensa del saber, la inclusi\u00f3n en el acceso al conocimiento, la apuesta por la educaci\u00f3n p\u00fablica y la retribuci\u00f3n social.<\/p>\n<p>En el acto, al que tambi\u00e9n acudieron las y los secretarios de Ciencia, Arianna Becerril Garc\u00eda; de Vinculaci\u00f3n, Extensi\u00f3n y Promoci\u00f3n de la Empleabilidad, Mariana Ortiz Reynoso; de Centros Universitarios y Unidades Acad\u00e9micas Profesionales, Jos\u00e9 Guadalupe Miranda Hern\u00e1ndez; as\u00ed como la presidenta municipal de Amecameca, Ivette Topete Garc\u00eda, la rectora asever\u00f3 que la Transformaci\u00f3n Universitaria retoma este pensamiento cr\u00edtico socialmente responsable, al trabajar para la construcci\u00f3n de una instituci\u00f3n m\u00e1s cercana, incluyente y progresista para su comunidad verde y oro, para el Estado de M\u00e9xico, y para la historia del pa\u00eds.<\/p>\n<p>Por ello, dijo, la UAEM\u00e9x conmemora el trabajo de Sor Juana In\u00e9s de la Cruz, al generar un ejercicio de reflexi\u00f3n mediante actividades art\u00edsticas y culturales sobre su pensamiento, la equidad de g\u00e9nero y la importancia del conocimiento, pues tiene el deber \u00e9tico de mantener vivo su esp\u00edritu y de generar espacios de encuentro entre la tradici\u00f3n, la innovaci\u00f3n, la reflexi\u00f3n y la acci\u00f3n entre la libertad y la responsabilidad.<\/p>\n<p>Sor Juana In\u00e9s de la Cruz fue una destacada figura hist\u00f3rica feminista, cuya obra abarca la poes\u00eda, la l\u00edrica, el teatro, la prosa filos\u00f3fica, la teolog\u00eda y la m\u00fasica, convirti\u00e9ndose en un s\u00edmbolo de inteligencia que trabaj\u00f3 por acercar el conocimiento a todas las personas, especialmente al sector femenino, que en la \u00e9poca virreinal a\u00fan no ten\u00eda participaci\u00f3n en la sociedad.<\/p>\n<p>Como parte de esta ceremonia, autoridades universitarias e invitados especiales rindieron homenaje con una guardia de honor frente al monumento de Sor Juana In\u00e9s de la Cruz en este espacio acad\u00e9mico.<\/p>\n<p>&nbsp;<\/p>\n<p>&nbsp;<\/p>\n","protected":false},"excerpt":{"rendered":"<p>\u00a0 &nbsp; \u00a0 En la conmemoraci\u00f3n del natalicio de la D\u00e9cima Musa, Zarza Delgado resalt\u00f3 que recordarla es una oportunidad para reafirmar los principios que dan sentido a la vida universitaria Amecameca, M\u00e9x.- Sor Juana In\u00e9s de la Cruz es una de las primeras voces femeninas universales, que con su obra nos recuerda que la [&hellip;]<\/p>\n","protected":false},"author":14,"featured_media":693017,"comment_status":"open","ping_status":"open","sticky":false,"template":"","format":"standard","meta":{"_monsterinsights_skip_tracking":false,"_monsterinsights_sitenote_active":false,"_monsterinsights_sitenote_note":"","_monsterinsights_sitenote_category":0,"footnotes":""},"categories":[16,5],"tags":[],"class_list":["post-693016","post","type-post","status-publish","format-standard","has-post-thumbnail","hentry","category-destacadas","category-estado-de-mexico"],"_links":{"self":[{"href":"https:\/\/www.diarioimagen.net\/index.php?rest_route=\/wp\/v2\/posts\/693016","targetHints":{"allow":["GET"]}}],"collection":[{"href":"https:\/\/www.diarioimagen.net\/index.php?rest_route=\/wp\/v2\/posts"}],"about":[{"href":"https:\/\/www.diarioimagen.net\/index.php?rest_route=\/wp\/v2\/types\/post"}],"author":[{"embeddable":true,"href":"https:\/\/www.diarioimagen.net\/index.php?rest_route=\/wp\/v2\/users\/14"}],"replies":[{"embeddable":true,"href":"https:\/\/www.diarioimagen.net\/index.php?rest_route=%2Fwp%2Fv2%2Fcomments&post=693016"}],"version-history":[{"count":1,"href":"https:\/\/www.diarioimagen.net\/index.php?rest_route=\/wp\/v2\/posts\/693016\/revisions"}],"predecessor-version":[{"id":693018,"href":"https:\/\/www.diarioimagen.net\/index.php?rest_route=\/wp\/v2\/posts\/693016\/revisions\/693018"}],"wp:featuredmedia":[{"embeddable":true,"href":"https:\/\/www.diarioimagen.net\/index.php?rest_route=\/wp\/v2\/media\/693017"}],"wp:attachment":[{"href":"https:\/\/www.diarioimagen.net\/index.php?rest_route=%2Fwp%2Fv2%2Fmedia&parent=693016"}],"wp:term":[{"taxonomy":"category","embeddable":true,"href":"https:\/\/www.diarioimagen.net\/index.php?rest_route=%2Fwp%2Fv2%2Fcategories&post=693016"},{"taxonomy":"post_tag","embeddable":true,"href":"https:\/\/www.diarioimagen.net\/index.php?rest_route=%2Fwp%2Fv2%2Ftags&post=693016"}],"curies":[{"name":"wp","href":"https:\/\/api.w.org\/{rel}","templated":true}]}}