{"id":693174,"date":"2025-11-12T20:26:50","date_gmt":"2025-11-13T02:26:50","guid":{"rendered":"https:\/\/www.diarioimagen.net\/?p=693174"},"modified":"2025-11-12T20:26:50","modified_gmt":"2025-11-13T02:26:50","slug":"con-politicas-publicas-se-erradica-el-trabajo-infantil-pedro-rodriguez","status":"publish","type":"post","link":"https:\/\/www.diarioimagen.net\/?p=693174","title":{"rendered":"Con pol\u00edticas p\u00fablicas se erradica  el trabajo infantil: Pedro Rodr\u00edguez"},"content":{"rendered":"<ul>\n<li><strong>Garantizan derechos de la ni\u00f1ez en Atizap\u00e1n<\/strong><\/li>\n<\/ul>\n<div id=\"attachment_693175\" style=\"width: 365px\" class=\"wp-caption alignnone\"><img loading=\"lazy\" decoding=\"async\" aria-describedby=\"caption-attachment-693175\" class=\"wp-image-693175 size-large\" src=\"https:\/\/www.diarioimagen.net\/wp-content\/uploads\/2025\/11\/BAENA-3-ok-7-355x270.jpg\" alt=\"\" width=\"355\" height=\"270\" srcset=\"https:\/\/www.diarioimagen.net\/wp-content\/uploads\/2025\/11\/BAENA-3-ok-7-355x270.jpg 355w, https:\/\/www.diarioimagen.net\/wp-content\/uploads\/2025\/11\/BAENA-3-ok-7-240x183.jpg 240w, https:\/\/www.diarioimagen.net\/wp-content\/uploads\/2025\/11\/BAENA-3-ok-7-768x585.jpg 768w, https:\/\/www.diarioimagen.net\/wp-content\/uploads\/2025\/11\/BAENA-3-ok-7.jpg 1500w\" sizes=\"auto, (max-width: 355px) 100vw, 355px\" \/><p id=\"caption-attachment-693175\" class=\"wp-caption-text\">Con el alcalde Pedro Rodr\u00edguez Villegas, Atizap\u00e1n de Zaragoza se ha consolidado como referente en la erradicaci\u00f3n del trabajo infantil y as\u00ed garantizar los derechos de la ni\u00f1ez.<\/p><\/div>\n<p>&nbsp;<\/p>\n<p>Atizap\u00e1n de Zaragoza, Mex.-\u00a0 A trav\u00e9s de distintas pol\u00edticas p\u00fablicas, Atizap\u00e1n de Zaragoza se ha consolidado como referente en la erradicaci\u00f3n del trabajo infantil, iniciativa impulsada por el presidente municipal, Pedro Rodr\u00edguez Villegas, para garantizar los derechos de la ni\u00f1ez del municipio.<\/p>\n<p>&nbsp;<\/p>\n<p>En la Cuarta Sesi\u00f3n del Comit\u00e9 Municipal de Erradicaci\u00f3n del Trabajo Infantil, el alcalde reconoci\u00f3 la labor desempe\u00f1ada por las \u00e1reas que integran este \u00f3rgano, ya que el trabajo coordinado ha permitido que este municipio se distinga por acciones que elevan la calidad de vida de los menores.<\/p>\n<p>&nbsp;<\/p>\n<p>Entre los alcances que se han tenido este 2025, resalta el impacto de la Ruta Intermunicipal de Erradicaci\u00f3n de Trabajo Infantil (RIETI), ya que de ser cuatro municipios en 2024, este a\u00f1o suman ya 15 los municipios participantes; asimismo, destaca el reconocimiento que Atizap\u00e1n de Zaragoza obtuvo en la Asamblea Ordinaria Zona Occidente de la Red Mexicana de Ciudades Amigas de la Ni\u00f1ez, celebrada en Zapopan, por la erradicaci\u00f3n del trabajo infantil como buena pr\u00e1ctica municipal.<\/p>\n<p>&nbsp;<\/p>\n<p>Asimismo, este municipio particip\u00f3 en el Taller de Recomendaciones en materia de Trabajo Infantil, Trabajo Forzoso y Derechos Laborales, en el marco del Tratado entre M\u00e9xico, Estados Unidos y Canad\u00e1 (T-MEC), donde se propuso replicar el Modelo de RIETI como buena pr\u00e1ctica para la medici\u00f3n del fen\u00f3meno a nivel local e implementar una campa\u00f1a de prevenci\u00f3n y denuncia ante el turismo sexual infantil en el contexto del Mundial 2026.<\/p>\n<p>&nbsp;<\/p>\n<p>Como parte de la labor para erradicar el trabajo infantil, y en un hecho hist\u00f3rico, el presidente municipal impuls\u00f3 el incremento en el n\u00famero de becas escolares, alcanzando este a\u00f1o 15,555 estudiantes beneficiados, apostando as\u00ed a prevenir la deserci\u00f3n escolar.<\/p>\n<p>&nbsp;<\/p>\n","protected":false},"excerpt":{"rendered":"<p>Garantizan derechos de la ni\u00f1ez en Atizap\u00e1n &nbsp; Atizap\u00e1n de Zaragoza, Mex.-\u00a0 A trav\u00e9s de distintas pol\u00edticas p\u00fablicas, Atizap\u00e1n de Zaragoza se ha consolidado como referente en la erradicaci\u00f3n del trabajo infantil, iniciativa impulsada por el presidente municipal, Pedro Rodr\u00edguez Villegas, para garantizar los derechos de la ni\u00f1ez del municipio. &nbsp; En la Cuarta Sesi\u00f3n [&hellip;]<\/p>\n","protected":false},"author":14,"featured_media":693175,"comment_status":"open","ping_status":"open","sticky":false,"template":"","format":"standard","meta":{"_monsterinsights_skip_tracking":false,"_monsterinsights_sitenote_active":false,"_monsterinsights_sitenote_note":"","_monsterinsights_sitenote_category":0,"footnotes":""},"categories":[5],"tags":[],"class_list":["post-693174","post","type-post","status-publish","format-standard","has-post-thumbnail","hentry","category-estado-de-mexico"],"_links":{"self":[{"href":"https:\/\/www.diarioimagen.net\/index.php?rest_route=\/wp\/v2\/posts\/693174","targetHints":{"allow":["GET"]}}],"collection":[{"href":"https:\/\/www.diarioimagen.net\/index.php?rest_route=\/wp\/v2\/posts"}],"about":[{"href":"https:\/\/www.diarioimagen.net\/index.php?rest_route=\/wp\/v2\/types\/post"}],"author":[{"embeddable":true,"href":"https:\/\/www.diarioimagen.net\/index.php?rest_route=\/wp\/v2\/users\/14"}],"replies":[{"embeddable":true,"href":"https:\/\/www.diarioimagen.net\/index.php?rest_route=%2Fwp%2Fv2%2Fcomments&post=693174"}],"version-history":[{"count":1,"href":"https:\/\/www.diarioimagen.net\/index.php?rest_route=\/wp\/v2\/posts\/693174\/revisions"}],"predecessor-version":[{"id":693176,"href":"https:\/\/www.diarioimagen.net\/index.php?rest_route=\/wp\/v2\/posts\/693174\/revisions\/693176"}],"wp:featuredmedia":[{"embeddable":true,"href":"https:\/\/www.diarioimagen.net\/index.php?rest_route=\/wp\/v2\/media\/693175"}],"wp:attachment":[{"href":"https:\/\/www.diarioimagen.net\/index.php?rest_route=%2Fwp%2Fv2%2Fmedia&parent=693174"}],"wp:term":[{"taxonomy":"category","embeddable":true,"href":"https:\/\/www.diarioimagen.net\/index.php?rest_route=%2Fwp%2Fv2%2Fcategories&post=693174"},{"taxonomy":"post_tag","embeddable":true,"href":"https:\/\/www.diarioimagen.net\/index.php?rest_route=%2Fwp%2Fv2%2Ftags&post=693174"}],"curies":[{"name":"wp","href":"https:\/\/api.w.org\/{rel}","templated":true}]}}