{"id":693177,"date":"2025-11-12T20:27:52","date_gmt":"2025-11-13T02:27:52","guid":{"rendered":"https:\/\/www.diarioimagen.net\/?p=693177"},"modified":"2025-11-12T20:27:52","modified_gmt":"2025-11-13T02:27:52","slug":"reconoce-enrique-jacob-avance-en-simplificacion-de-tramites-en-edomex","status":"publish","type":"post","link":"https:\/\/www.diarioimagen.net\/?p=693177","title":{"rendered":"Reconoce Enrique Jacob avance en simplificaci\u00f3n de tr\u00e1mites en Edomex"},"content":{"rendered":"<p><img loading=\"lazy\" decoding=\"async\" class=\"alignnone wp-image-693178 size-large\" src=\"https:\/\/www.diarioimagen.net\/wp-content\/uploads\/2025\/11\/BAENA-4-ok-8-432x270.jpg\" alt=\"\" width=\"432\" height=\"270\" srcset=\"https:\/\/www.diarioimagen.net\/wp-content\/uploads\/2025\/11\/BAENA-4-ok-8-432x270.jpg 432w, https:\/\/www.diarioimagen.net\/wp-content\/uploads\/2025\/11\/BAENA-4-ok-8-240x150.jpg 240w, https:\/\/www.diarioimagen.net\/wp-content\/uploads\/2025\/11\/BAENA-4-ok-8-768x480.jpg 768w, https:\/\/www.diarioimagen.net\/wp-content\/uploads\/2025\/11\/BAENA-4-ok-8.jpg 1500w\" sizes=\"auto, (max-width: 432px) 100vw, 432px\" \/><\/p>\n<p>Naucalpan, Mex. &#8211; El ex presidente municipal de esta localidad y ex secretario de Desarrollo Social, Enrique Jacob Rocha, reconoci\u00f3 que la Iniciativa de Ley de Unidades Econ\u00f3micas del Estado de M\u00e9xico, presentada por la gobernadora Delfina G\u00f3mez, representa un avance en la modernizaci\u00f3n del marco regulatorio y la simplificaci\u00f3n de tr\u00e1mites para las peque\u00f1as empresas. Sin embargo, advirti\u00f3 que su aprobaci\u00f3n debe acompa\u00f1arse de medidas que impulsen la competitividad y el crecimiento sostenible. Destac\u00f3 que la propuesta estatal simplifica tr\u00e1mites, reduce costos y apuesta por la digitalizaci\u00f3n a trav\u00e9s del Si-Edomex, un sistema que busca agilizar y dar certeza a los negocios.<\/p>\n<p>&nbsp;<\/p>\n<p>&nbsp;<\/p>\n<p>&nbsp;<\/p>\n<p>No obstante, alert\u00f3 que el retraso en su discusi\u00f3n legislativa no debe responder a disputas burocr\u00e1ticas, sino aprovecharse para mejorar su contenido y fortalecer su impacto en los emprendedores mexiquenses.<\/p>\n<p>&nbsp;<\/p>\n<p>El tambi\u00e9n exdiputado plante\u00f3 la creaci\u00f3n de una Red Estatal de Enlace Empresarial, que articule a instituciones p\u00fablicas, universidades, c\u00e1maras y proveedores privados con los empresarios locales, especialmente las micro y peque\u00f1as empresas, para facilitar el acceso a financiamiento, capacitaci\u00f3n, digitalizaci\u00f3n y comercializaci\u00f3n. \u201cLa productividad no s\u00f3lo depende de menos tr\u00e1mites, sino de m\u00e1s conexiones \u00fatiles\u201d, subray\u00f3.<\/p>\n","protected":false},"excerpt":{"rendered":"<p>Naucalpan, Mex. &#8211; El ex presidente municipal de esta localidad y ex secretario de Desarrollo Social, Enrique Jacob Rocha, reconoci\u00f3 que la Iniciativa de Ley de Unidades Econ\u00f3micas del Estado de M\u00e9xico, presentada por la gobernadora Delfina G\u00f3mez, representa un avance en la modernizaci\u00f3n del marco regulatorio y la simplificaci\u00f3n de tr\u00e1mites para las peque\u00f1as [&hellip;]<\/p>\n","protected":false},"author":14,"featured_media":693178,"comment_status":"open","ping_status":"open","sticky":false,"template":"","format":"standard","meta":{"_monsterinsights_skip_tracking":false,"_monsterinsights_sitenote_active":false,"_monsterinsights_sitenote_note":"","_monsterinsights_sitenote_category":0,"footnotes":""},"categories":[5],"tags":[],"class_list":["post-693177","post","type-post","status-publish","format-standard","has-post-thumbnail","hentry","category-estado-de-mexico"],"_links":{"self":[{"href":"https:\/\/www.diarioimagen.net\/index.php?rest_route=\/wp\/v2\/posts\/693177","targetHints":{"allow":["GET"]}}],"collection":[{"href":"https:\/\/www.diarioimagen.net\/index.php?rest_route=\/wp\/v2\/posts"}],"about":[{"href":"https:\/\/www.diarioimagen.net\/index.php?rest_route=\/wp\/v2\/types\/post"}],"author":[{"embeddable":true,"href":"https:\/\/www.diarioimagen.net\/index.php?rest_route=\/wp\/v2\/users\/14"}],"replies":[{"embeddable":true,"href":"https:\/\/www.diarioimagen.net\/index.php?rest_route=%2Fwp%2Fv2%2Fcomments&post=693177"}],"version-history":[{"count":1,"href":"https:\/\/www.diarioimagen.net\/index.php?rest_route=\/wp\/v2\/posts\/693177\/revisions"}],"predecessor-version":[{"id":693179,"href":"https:\/\/www.diarioimagen.net\/index.php?rest_route=\/wp\/v2\/posts\/693177\/revisions\/693179"}],"wp:featuredmedia":[{"embeddable":true,"href":"https:\/\/www.diarioimagen.net\/index.php?rest_route=\/wp\/v2\/media\/693178"}],"wp:attachment":[{"href":"https:\/\/www.diarioimagen.net\/index.php?rest_route=%2Fwp%2Fv2%2Fmedia&parent=693177"}],"wp:term":[{"taxonomy":"category","embeddable":true,"href":"https:\/\/www.diarioimagen.net\/index.php?rest_route=%2Fwp%2Fv2%2Fcategories&post=693177"},{"taxonomy":"post_tag","embeddable":true,"href":"https:\/\/www.diarioimagen.net\/index.php?rest_route=%2Fwp%2Fv2%2Ftags&post=693177"}],"curies":[{"name":"wp","href":"https:\/\/api.w.org\/{rel}","templated":true}]}}