{"id":693364,"date":"2025-11-13T21:24:19","date_gmt":"2025-11-14T03:24:19","guid":{"rendered":"https:\/\/www.diarioimagen.net\/?p=693364"},"modified":"2025-11-13T21:24:19","modified_gmt":"2025-11-14T03:24:19","slug":"qroo-se-posiciona-con-la-tasa-de-mortalidad-mas-baja-del-pais","status":"publish","type":"post","link":"https:\/\/www.diarioimagen.net\/?p=693364","title":{"rendered":"QRoo se posiciona con la tasa  de\u00a0mortalidad m\u00e1s baja del pa\u00eds\u00a0"},"content":{"rendered":"<ul>\n<li><strong>De acuerdo con datos del Inegi<\/strong><\/li>\n<li><strong>Estos datos reflejan una tendencia positiva en materia de salud p\u00fablica y longevidad<\/strong><\/li>\n<\/ul>\n<div id=\"attachment_693365\" style=\"width: 470px\" class=\"wp-caption alignnone\"><img loading=\"lazy\" decoding=\"async\" aria-describedby=\"caption-attachment-693365\" class=\"wp-image-693365 size-large\" src=\"https:\/\/www.diarioimagen.net\/wp-content\/uploads\/2025\/11\/SALUD01-ok-1-460x259.jpg\" alt=\"\" width=\"460\" height=\"259\" srcset=\"https:\/\/www.diarioimagen.net\/wp-content\/uploads\/2025\/11\/SALUD01-ok-1-460x259.jpg 460w, https:\/\/www.diarioimagen.net\/wp-content\/uploads\/2025\/11\/SALUD01-ok-1-240x135.jpg 240w, https:\/\/www.diarioimagen.net\/wp-content\/uploads\/2025\/11\/SALUD01-ok-1-768x432.jpg 768w, https:\/\/www.diarioimagen.net\/wp-content\/uploads\/2025\/11\/SALUD01-ok-1-480x270.jpg 480w, https:\/\/www.diarioimagen.net\/wp-content\/uploads\/2025\/11\/SALUD01-ok-1-235x132.jpg 235w, https:\/\/www.diarioimagen.net\/wp-content\/uploads\/2025\/11\/SALUD01-ok-1-202x114.jpg 202w, https:\/\/www.diarioimagen.net\/wp-content\/uploads\/2025\/11\/SALUD01-ok-1-350x196.jpg 350w, https:\/\/www.diarioimagen.net\/wp-content\/uploads\/2025\/11\/SALUD01-ok-1-220x123.jpg 220w, https:\/\/www.diarioimagen.net\/wp-content\/uploads\/2025\/11\/SALUD01-ok-1-237x132.jpg 237w, https:\/\/www.diarioimagen.net\/wp-content\/uploads\/2025\/11\/SALUD01-ok-1.jpg 1500w\" sizes=\"auto, (max-width: 460px) 100vw, 460px\" \/><p id=\"caption-attachment-693365\" class=\"wp-caption-text\">Quintana Roo se posicion\u00f3 como la entidad federativa con la menor tasa de muertes por cada 100 mil habitantes en 2024.<\/p><\/div>\n<p>&nbsp;<\/p>\n<p>Por redacci\u00f3n DIARIOIMAGEN<\/p>\n<p>Chetumal.-\u00a0En medio de un panorama nacional marcado por el aumento de defunciones, Quintana Roo se posicion\u00f3 como la entidad federativa con la menor tasa de muertes por cada 100 mil habitantes en 2024, de acuerdo con el m\u00e1s reciente informe del Instituto Nacional de Estad\u00edstica y Geograf\u00eda (Inegi). Este dato refleja una tendencia positiva en materia de salud p\u00fablica y longevidad en el estado, pese a los desaf\u00edos estructurales que enfrenta.<\/p>\n<p>La tasa bruta de defunciones en Quintana Roo fue de 490 por cada 100 mil habitantes, la m\u00e1s baja del pa\u00eds. En contraste, la Ciudad de M\u00e9xico registr\u00f3 la tasa m\u00e1s alta, con 863 muertes por cada 100 mil habitantes. A nivel nacional, se contabilizaron 819,679 defunciones en 2024, lo que representa un aumento del 2.5% respecto al a\u00f1o anterior.<\/p>\n<p>El informe del Inegi se basa en certificados de defunci\u00f3n emitidos por oficial\u00edas del Registro Civil y servicios forenses, y contempla tanto la residencia habitual como el lugar de ocurrencia de las muertes.<\/p>\n<p>Aunque la tasa general es baja, las enfermedades cr\u00f3nicas siguen siendo las principales causas de defunci\u00f3n en el estado:<\/p>\n<p>&nbsp;<\/p>\n<p>&#8211; Enfermedades del coraz\u00f3n: 10,423 casos<\/p>\n<p>&#8211; Diabetes mellitus: 7,065 casos<\/p>\n<p>&#8211; Tumores malignos: 4,351 casos<\/p>\n<p>&#8211; Enfermedades del h\u00edgado: 2,966 casos<\/p>\n<p>&#8211; Enfermedades cerebrovasculares: 2,001 casos<\/p>\n<p>Estas cifras coinciden con las tendencias nacionales, donde las enfermedades cardiovasculares, la diabetes y el c\u00e1ncer encabezan las causas de muerte tanto en hombres como en mujeres.<\/p>\n<p>Especialistas se\u00f1alan que la baja tasa de defunciones en Quintana Roo podr\u00eda estar relacionada con:<\/p>\n<p>&#8211; Una poblaci\u00f3n relativamente joven, debido a la migraci\u00f3n interna hacia destinos tur\u00edsticos como Canc\u00fan y Playa del Carmen.<\/p>\n<p>&#8211; Mayor acceso a servicios m\u00e9dicos privados, especialmente en zonas urbanas.<\/p>\n<p>&#8211; Campa\u00f1as de prevenci\u00f3n y detecci\u00f3n temprana impulsadas por instituciones p\u00fablicas y privadas.<\/p>\n<p>Sin embargo, tambi\u00e9n se advierte que la cifra podr\u00eda ocultar subregistros en comunidades rurales o marginadas, donde el acceso al registro civil y servicios forenses es limitado.<\/p>\n<p>&nbsp;<\/p>\n<p><strong>Se disparan infracciones por\u00a0alcohol y exceso de velocidad<\/strong><\/p>\n<p>En Chetumal el consumo de alcohol al volante y el exceso de velocidad se consolidan como las principales causas de infracci\u00f3n vial, seg\u00fan datos oficiales de la Secretar\u00eda de Seguridad Ciudadana (SSC) y el Secretariado Ejecutivo del Sistema Nacional de Seguridad P\u00fablica. Durante el primer semestre de 2025, se aplicaron m\u00e1s de 2,600 sanciones relacionadas con estas conductas, lo que refleja una problem\u00e1tica persistente en la cultura vial de la ciudad.<\/p>\n<p>&nbsp;<\/p>\n<p>Cifras oficiales: alcohol y velocidad, los focos rojos:<\/p>\n<p>&#8211; Se registraron 1,514 infracciones por consumo de alcohol al conducir.<\/p>\n<p>&#8211; Se aplicaron 1,099 sanciones por exceso de velocidad.<\/p>\n<p>&#8211; En total, se instalaron 12,658 Filtros de Control Provisionales en diversos puntos de Chetumal desde el inicio de la administraci\u00f3n estatal hasta junio de 2025.<\/p>\n<p>Estas acciones forman parte del programa estatal \u201cSalvando Vidas\u201d, que busca reducir accidentes viales mediante operativos de alcoholimetr\u00eda y vigilancia en zonas de alto tr\u00e1nsito.<\/p>\n<p>Los efectos de estas infracciones se reflejan en los \u00edndices de siniestralidad:<\/p>\n<p>&#8211; En el primer semestre de 2025, se reportaron 23 homicidios culposos y 121 lesiones culposas derivadas de accidentes de tr\u00e1nsito.<\/p>\n<p>&#8211; En comparaci\u00f3n, durante 2024 se registraron 42 homicidios culposos y 306 lesiones culposas, lo que indica una ligera disminuci\u00f3n, aunque las cifras siguen siendo alarmantes.<\/p>\n<p>Efra\u00edn Garc\u00eda Ch\u00e1vez, director de Tr\u00e1nsito de la SSC, destac\u00f3 que el 51% de las pruebas de alcoholimetr\u00eda aplicadas en Chetumal han resultado positivas, lo que evidencia la necesidad de reforzar la educaci\u00f3n vial y la conciencia ciudadana.<\/p>\n<p>Las autoridades han intensificado los operativos nocturnos y fines de semana, especialmente en zonas cercanas a bares, centros nocturnos y avenidas principales. Adem\u00e1s, se promueve el uso de transporte alternativo y la designaci\u00f3n de conductores responsables.<\/p>\n<p>&nbsp;<\/p>\n","protected":false},"excerpt":{"rendered":"<p>De acuerdo con datos del Inegi Estos datos reflejan una tendencia positiva en materia de salud p\u00fablica y longevidad &nbsp; Por redacci\u00f3n DIARIOIMAGEN Chetumal.-\u00a0En medio de un panorama nacional marcado por el aumento de defunciones, Quintana Roo se posicion\u00f3 como la entidad federativa con la menor tasa de muertes por cada 100 mil habitantes en [&hellip;]<\/p>\n","protected":false},"author":14,"featured_media":693365,"comment_status":"open","ping_status":"open","sticky":false,"template":"","format":"standard","meta":{"_monsterinsights_skip_tracking":false,"_monsterinsights_sitenote_active":false,"_monsterinsights_sitenote_note":"","_monsterinsights_sitenote_category":0,"footnotes":""},"categories":[101305],"tags":[],"class_list":["post-693364","post","type-post","status-publish","format-standard","has-post-thumbnail","hentry","category-quintana-roo"],"_links":{"self":[{"href":"https:\/\/www.diarioimagen.net\/index.php?rest_route=\/wp\/v2\/posts\/693364","targetHints":{"allow":["GET"]}}],"collection":[{"href":"https:\/\/www.diarioimagen.net\/index.php?rest_route=\/wp\/v2\/posts"}],"about":[{"href":"https:\/\/www.diarioimagen.net\/index.php?rest_route=\/wp\/v2\/types\/post"}],"author":[{"embeddable":true,"href":"https:\/\/www.diarioimagen.net\/index.php?rest_route=\/wp\/v2\/users\/14"}],"replies":[{"embeddable":true,"href":"https:\/\/www.diarioimagen.net\/index.php?rest_route=%2Fwp%2Fv2%2Fcomments&post=693364"}],"version-history":[{"count":1,"href":"https:\/\/www.diarioimagen.net\/index.php?rest_route=\/wp\/v2\/posts\/693364\/revisions"}],"predecessor-version":[{"id":693366,"href":"https:\/\/www.diarioimagen.net\/index.php?rest_route=\/wp\/v2\/posts\/693364\/revisions\/693366"}],"wp:featuredmedia":[{"embeddable":true,"href":"https:\/\/www.diarioimagen.net\/index.php?rest_route=\/wp\/v2\/media\/693365"}],"wp:attachment":[{"href":"https:\/\/www.diarioimagen.net\/index.php?rest_route=%2Fwp%2Fv2%2Fmedia&parent=693364"}],"wp:term":[{"taxonomy":"category","embeddable":true,"href":"https:\/\/www.diarioimagen.net\/index.php?rest_route=%2Fwp%2Fv2%2Fcategories&post=693364"},{"taxonomy":"post_tag","embeddable":true,"href":"https:\/\/www.diarioimagen.net\/index.php?rest_route=%2Fwp%2Fv2%2Ftags&post=693364"}],"curies":[{"name":"wp","href":"https:\/\/api.w.org\/{rel}","templated":true}]}}