{"id":693582,"date":"2025-11-16T19:19:42","date_gmt":"2025-11-17T01:19:42","guid":{"rendered":"https:\/\/www.diarioimagen.net\/?p=693582"},"modified":"2025-11-16T19:19:42","modified_gmt":"2025-11-17T01:19:42","slug":"es-necesario-reflexionar-sobre-las-estructuras-de-poder-david-parra","status":"publish","type":"post","link":"https:\/\/www.diarioimagen.net\/?p=693582","title":{"rendered":"Es necesario reflexionar sobre las estructuras de poder: David Parra"},"content":{"rendered":"<div id=\"attachment_693583\" style=\"width: 302px\" class=\"wp-caption alignnone\"><img loading=\"lazy\" decoding=\"async\" aria-describedby=\"caption-attachment-693583\" class=\"wp-image-693583 size-large\" src=\"https:\/\/www.diarioimagen.net\/wp-content\/uploads\/2025\/11\/BAENA-4-OK-10-292x270.jpg\" alt=\"\" width=\"292\" height=\"270\" srcset=\"https:\/\/www.diarioimagen.net\/wp-content\/uploads\/2025\/11\/BAENA-4-OK-10-292x270.jpg 292w, https:\/\/www.diarioimagen.net\/wp-content\/uploads\/2025\/11\/BAENA-4-OK-10-240x222.jpg 240w, https:\/\/www.diarioimagen.net\/wp-content\/uploads\/2025\/11\/BAENA-4-OK-10-768x709.jpg 768w, https:\/\/www.diarioimagen.net\/wp-content\/uploads\/2025\/11\/BAENA-4-OK-10-1536x1419.jpg 1536w, https:\/\/www.diarioimagen.net\/wp-content\/uploads\/2025\/11\/BAENA-4-OK-10-2048x1892.jpg 2048w\" sizes=\"auto, (max-width: 292px) 100vw, 292px\" \/><p id=\"caption-attachment-693583\" class=\"wp-caption-text\">Es necesario reflexionar sobre las estructuras de poder: David Parra<\/p><\/div>\n<p>Naucalpan, M\u00e9x.- Es trascendental abrir espacios de reflexi\u00f3n acad\u00e9mica, sobre las implicaciones geopol\u00edticas y econ\u00f3micas que han dejado las estructuras de poder y reg\u00edmenes autoritarios, expres\u00f3 David Parra\u00a0 S\u00e1nchez, durante un coloquio estudiantil realizado por la profesora Dora Isabel Gonz\u00e1lez Ayala, realizado en la Facultad de Estudios Superiores (FES) Acatl\u00e1n, en donde asisti\u00f3 como invitado especial. Ante estudiantes de la licenciatura en Relaciones Internacionales, el luchador social exhort\u00f3 a los estudiantes a dar lo mejor de s\u00ed en favor del pa\u00eds. El l\u00edder del \u00abProyecto Social Naucalpan\u00bb, destac\u00f3 que estudiar esta carrera no solo\u00a0 proporciona\u00a0 muchas posibilidades para hacer de este mundo un mejor lugar, sino que adem\u00e1s\u00a0 brinda muchas oportunidades de crecimiento econ\u00f3mico.<\/p>\n","protected":false},"excerpt":{"rendered":"<p>Naucalpan, M\u00e9x.- Es trascendental abrir espacios de reflexi\u00f3n acad\u00e9mica, sobre las implicaciones geopol\u00edticas y econ\u00f3micas que han dejado las estructuras de poder y reg\u00edmenes autoritarios, expres\u00f3 David Parra\u00a0 S\u00e1nchez, durante un coloquio estudiantil realizado por la profesora Dora Isabel Gonz\u00e1lez Ayala, realizado en la Facultad de Estudios Superiores (FES) Acatl\u00e1n, en donde asisti\u00f3 como invitado [&hellip;]<\/p>\n","protected":false},"author":14,"featured_media":693583,"comment_status":"open","ping_status":"open","sticky":false,"template":"","format":"standard","meta":{"_monsterinsights_skip_tracking":false,"_monsterinsights_sitenote_active":false,"_monsterinsights_sitenote_note":"","_monsterinsights_sitenote_category":0,"footnotes":""},"categories":[5],"tags":[],"class_list":["post-693582","post","type-post","status-publish","format-standard","has-post-thumbnail","hentry","category-estado-de-mexico"],"_links":{"self":[{"href":"https:\/\/www.diarioimagen.net\/index.php?rest_route=\/wp\/v2\/posts\/693582","targetHints":{"allow":["GET"]}}],"collection":[{"href":"https:\/\/www.diarioimagen.net\/index.php?rest_route=\/wp\/v2\/posts"}],"about":[{"href":"https:\/\/www.diarioimagen.net\/index.php?rest_route=\/wp\/v2\/types\/post"}],"author":[{"embeddable":true,"href":"https:\/\/www.diarioimagen.net\/index.php?rest_route=\/wp\/v2\/users\/14"}],"replies":[{"embeddable":true,"href":"https:\/\/www.diarioimagen.net\/index.php?rest_route=%2Fwp%2Fv2%2Fcomments&post=693582"}],"version-history":[{"count":1,"href":"https:\/\/www.diarioimagen.net\/index.php?rest_route=\/wp\/v2\/posts\/693582\/revisions"}],"predecessor-version":[{"id":693584,"href":"https:\/\/www.diarioimagen.net\/index.php?rest_route=\/wp\/v2\/posts\/693582\/revisions\/693584"}],"wp:featuredmedia":[{"embeddable":true,"href":"https:\/\/www.diarioimagen.net\/index.php?rest_route=\/wp\/v2\/media\/693583"}],"wp:attachment":[{"href":"https:\/\/www.diarioimagen.net\/index.php?rest_route=%2Fwp%2Fv2%2Fmedia&parent=693582"}],"wp:term":[{"taxonomy":"category","embeddable":true,"href":"https:\/\/www.diarioimagen.net\/index.php?rest_route=%2Fwp%2Fv2%2Fcategories&post=693582"},{"taxonomy":"post_tag","embeddable":true,"href":"https:\/\/www.diarioimagen.net\/index.php?rest_route=%2Fwp%2Fv2%2Ftags&post=693582"}],"curies":[{"name":"wp","href":"https:\/\/api.w.org\/{rel}","templated":true}]}}