{"id":693861,"date":"2025-11-17T20:22:14","date_gmt":"2025-11-18T02:22:14","guid":{"rendered":"https:\/\/www.diarioimagen.net\/?p=693861"},"modified":"2025-11-17T20:22:14","modified_gmt":"2025-11-18T02:22:14","slug":"la-coparmex-ve-crisis-social-y-empresarial-por-delincuencia-creciente","status":"publish","type":"post","link":"https:\/\/www.diarioimagen.net\/?p=693861","title":{"rendered":"La Coparmex ve crisis social y  empresarial por delincuencia creciente"},"content":{"rendered":"<p>&nbsp;<\/p>\n<p><strong>\u00a0<\/strong><\/p>\n<p><strong>\u00a0TRAS LA PUERTA DEL PODER\u00a0 Roberto Vizca\u00edno<\/strong><\/p>\n<p><strong>\u00a0<\/strong><\/p>\n<p>&nbsp;<\/p>\n<p>&nbsp;<\/p>\n<p><strong>Juan Jos\u00e9 Sierra<\/strong>, presidente de Coparmex, advirti\u00f3 que, por la incapacidad del gobierno para contener a la delincuencia, la sociedad vive sumida en la violencia, y miles de empresarios de rodillas por la extorsi\u00f3n.<\/p>\n<p>\u201c\u2026 el pa\u00eds est\u00e1 cansado de vivir con miedo\u201d, resumi\u00f3.<\/p>\n<p>Agreg\u00f3:<\/p>\n<p>\u201cHoy vemos y escuchamos voces distintas que nos muestran un pa\u00eds cansado de vivir con miedo, cansado de la incertidumbre, cansado de la falta de respuestas\u2026<\/p>\n<p>\u201cDetr\u00e1s de ese enojo est\u00e1n una multiplicidad de delitos, pero sin duda especialmente graves los de extorsi\u00f3n y cobro de piso. Estas pr\u00e1cticas dejaron de ser marginales para convertirse en una estructura de control econ\u00f3mico y pol\u00edtico que define la vida en demasiados territorios y sectores econ\u00f3micos.<\/p>\n<p>\u201cLa extorsi\u00f3n es el delito que tiene de rodillas a miles de empresarios en el pa\u00eds \u2026 la extorsi\u00f3n ya se ha convertido en una estructura de control econ\u00f3mico y social que amenaza la libertad y la actividad productiva\u2026<\/p>\n<p>\u201cLa extorsi\u00f3n debe ser atendida como prioridad nacional, con una estrategia de Estado que combata redes de colusi\u00f3n y devuelva certeza a ciudadanos y empresas\u201d&#8217;, afirm\u00f3 ante asistentes al Encuentro Nacional de Coparmex del fin de semana en Tijuana, Baja California.<\/p>\n<p>El dirigente empresarial advirti\u00f3 que en M\u00e9xico existe un escenario de creciente reclamo y enojo social por el hartazgo ciudadano provocado en gran parte porque los grupos que operan al margen de la ley han sustituido al Estado.<\/p>\n<p>\u201cEllos son ahora quienes deciden qui\u00e9n trabaja, qui\u00e9n invierte, qui\u00e9n abre, qui\u00e9n cierra y qui\u00e9n se va.<\/p>\n<p>\u201cSin presencia del Estado, sin justicia, sin protecci\u00f3n, no hay libertad econ\u00f3mica ni convivencia posible.<\/p>\n<p>\u201cSeguiremos exigiendo, se\u00f1alando y acompa\u00f1ando soluciones que fortalezcan la paz. M\u00e9xico merece vivir en paz. Y M\u00e9xico puede vivir en paz si todos asumimos nuestra responsabilidad hist\u00f3rica.<\/p>\n<p>\u201cEn lo que va del a\u00f1o, M\u00e9xico ha registrado 8 mil 585 v\u00edctimas de extorsi\u00f3n, un incremento de 5.2 por ciento. De estas v\u00edctimas, 11.8 por ciento se encuentra en los 43 municipios fronterizos, donde el delito creci\u00f3 15.2 por ciento respecto al a\u00f1o pasado\u2026<\/p>\n<p>\u201cAl gobierno federal, le corresponde encabezar una estrategia nacional contra la extorsi\u00f3n con perspectiva de Estado, m\u00e1s all\u00e1 de ciclos, partidos y grupos pol\u00edticos, que erradique las redes de colusi\u00f3n que hacen posible la impunidad.<\/p>\n<p>\u201cY a los Congresos y autoridades locales, armonizar la legislaci\u00f3n y organizar presupuestos y estructuras.<\/p>\n<p>\u201cEs urgente que\u00a0<strong>el Senado<\/strong>\u00a0apruebe la Ley General contra la Extorsi\u00f3n, ya avalada por la C\u00e1mara de Diputados\u201d, insisti\u00f3 el l\u00edder empresarial.<\/p>\n<p>&nbsp;<\/p>\n<p><strong>Respuesta r\u00e1pida<\/strong><\/p>\n<p>&nbsp;<\/p>\n<p>En evidente respuesta al reclamo, la morenista\u00a0<strong>Laura Itzel Castillo<\/strong>, presidenta del Senado, indic\u00f3 que est\u00e1 semana se tiene previsto discutir en el Pleno la minuta para expedir la Ley General en Materia de Extorsi\u00f3n, un \u201cdelito tan grave que afecta a toda la sociedad\u201d, afirm\u00f3.<\/p>\n<p>Consider\u00f3 que esta reforma -que contiene propuestas de la presidenta\u00a0<strong>Claudia Sheinbaum-<\/strong>, fortalecer\u00e1 la justicia y la protecci\u00f3n a las v\u00edctimas, adem\u00e1s de aumentar las penas de prisi\u00f3n.<\/p>\n<p>El trabajo legislativo, dijo, fue mejorar la coordinaci\u00f3n entre autoridades, establecer la reparaci\u00f3n del da\u00f1o y utilizar recursos provenientes de la extinci\u00f3n de dominio para la restituci\u00f3n de derechos de las v\u00edctimas.<\/p>\n<p>En esta semana el Pleno debatir\u00e1 y someter\u00e1 a voto, dijo, los nombramientos de magistraturas electorales de 13 entidades federativas.<\/p>\n<p>&nbsp;<\/p>\n<p><strong>\u00bfNueva marcha este jueves?<\/strong><\/p>\n<p>&nbsp;<\/p>\n<p>Calientes por vivir la represi\u00f3n policiaca, por el uso de grupos violentos de anarquistas para distorsionar su marcha, y por ser blanco una guerra desde el gobierno por la narrativa de las acciones y decisiones de la generaci\u00f3n Z, varios de sus j\u00f3venes dirigentes digitales anunciaron ayer una nueva marcha para este 20 de noviembre.<\/p>\n<p>Varios de estos los j\u00f3venes -que fueron mostrados en d\u00edas anteriores en una mega-pantalla utilizada en las ma\u00f1aneras presidenciales por la propia mandataria <strong>Claudia Sheinbaum<\/strong>\u00a0como si fuesen sujetos buscados y perseguidos en el medio oeste digital- se quejaron de haber sido expuestos a posibles actos de violencia personal desde la misma presidencia.<\/p>\n<p>Sin ninguna consideraci\u00f3n hacia el tradicional desfile deportivo-militar del 20 de Noviembre, lanzaron una nueva convocatoria de la generaci\u00f3n Z para este jueves que arrancar\u00e1 a las 11 de la ma\u00f1ana desde el \u00c1ngel de la Independencia al Z\u00f3calo.<\/p>\n<p>Enterada de esta convocatoria, la presidenta Sheinbaum dijo que esperar\u00e1 hasta ver si en realidad quieren estos j\u00f3venes organizar una nueva marcha que ir\u00eda en sentido contrario a quienes marchar\u00e1n en el desfile oficial del 20 de noviembre.<\/p>\n<p>&nbsp;<\/p>\n<p>Twitter: @_Vizcaino \/ Facebook<\/p>\n<p>\/\u00a0<a href=\"https:\/\/www.facebook.com\/rvizcainoa\">https:\/\/www.facebook.com\/rvizcainoa<\/a><\/p>\n<p>&nbsp;<\/p>\n","protected":false},"excerpt":{"rendered":"<p>&nbsp; \u00a0 \u00a0TRAS LA PUERTA DEL PODER\u00a0 Roberto Vizca\u00edno \u00a0 &nbsp; &nbsp; Juan Jos\u00e9 Sierra, presidente de Coparmex, advirti\u00f3 que, por la incapacidad del gobierno para contener a la delincuencia, la sociedad vive sumida en la violencia, y miles de empresarios de rodillas por la extorsi\u00f3n. \u201c\u2026 el pa\u00eds est\u00e1 cansado de vivir con miedo\u201d, [&hellip;]<\/p>\n","protected":false},"author":14,"featured_media":0,"comment_status":"open","ping_status":"open","sticky":false,"template":"","format":"standard","meta":{"_monsterinsights_skip_tracking":false,"footnotes":""},"categories":[4,136],"tags":[],"class_list":["post-693861","post","type-post","status-publish","format-standard","hentry","category-opinion","category-roberto-vizcaino-opinion"],"_links":{"self":[{"href":"https:\/\/www.diarioimagen.net\/index.php?rest_route=\/wp\/v2\/posts\/693861","targetHints":{"allow":["GET"]}}],"collection":[{"href":"https:\/\/www.diarioimagen.net\/index.php?rest_route=\/wp\/v2\/posts"}],"about":[{"href":"https:\/\/www.diarioimagen.net\/index.php?rest_route=\/wp\/v2\/types\/post"}],"author":[{"embeddable":true,"href":"https:\/\/www.diarioimagen.net\/index.php?rest_route=\/wp\/v2\/users\/14"}],"replies":[{"embeddable":true,"href":"https:\/\/www.diarioimagen.net\/index.php?rest_route=%2Fwp%2Fv2%2Fcomments&post=693861"}],"version-history":[{"count":1,"href":"https:\/\/www.diarioimagen.net\/index.php?rest_route=\/wp\/v2\/posts\/693861\/revisions"}],"predecessor-version":[{"id":693862,"href":"https:\/\/www.diarioimagen.net\/index.php?rest_route=\/wp\/v2\/posts\/693861\/revisions\/693862"}],"wp:attachment":[{"href":"https:\/\/www.diarioimagen.net\/index.php?rest_route=%2Fwp%2Fv2%2Fmedia&parent=693861"}],"wp:term":[{"taxonomy":"category","embeddable":true,"href":"https:\/\/www.diarioimagen.net\/index.php?rest_route=%2Fwp%2Fv2%2Fcategories&post=693861"},{"taxonomy":"post_tag","embeddable":true,"href":"https:\/\/www.diarioimagen.net\/index.php?rest_route=%2Fwp%2Fv2%2Ftags&post=693861"}],"curies":[{"name":"wp","href":"https:\/\/api.w.org\/{rel}","templated":true}]}}