{"id":693995,"date":"2025-11-18T19:59:22","date_gmt":"2025-11-19T01:59:22","guid":{"rendered":"https:\/\/www.diarioimagen.net\/?p=693995"},"modified":"2025-11-18T19:59:22","modified_gmt":"2025-11-19T01:59:22","slug":"fortalece-el-alcalde-isaac-montoya-el-programa-huellas-de-la-transformacion","status":"publish","type":"post","link":"https:\/\/www.diarioimagen.net\/?p=693995","title":{"rendered":"Fortalece el alcalde Isaac Montoya el  Programa Huellas de la Transformaci\u00f3n"},"content":{"rendered":"<ul>\n<li><strong>Mejores servicios a comunidades de Naucalpan<\/strong><\/li>\n<\/ul>\n<p><strong>\u00a0<\/strong><\/p>\n<div id=\"attachment_693996\" style=\"width: 370px\" class=\"wp-caption alignnone\"><img loading=\"lazy\" decoding=\"async\" aria-describedby=\"caption-attachment-693996\" class=\"wp-image-693996 size-large\" src=\"https:\/\/www.diarioimagen.net\/wp-content\/uploads\/2025\/11\/BAENA1-ok-1-360x270.jpg\" alt=\"\" width=\"360\" height=\"270\" srcset=\"https:\/\/www.diarioimagen.net\/wp-content\/uploads\/2025\/11\/BAENA1-ok-1-360x270.jpg 360w, https:\/\/www.diarioimagen.net\/wp-content\/uploads\/2025\/11\/BAENA1-ok-1-240x180.jpg 240w, https:\/\/www.diarioimagen.net\/wp-content\/uploads\/2025\/11\/BAENA1-ok-1-768x576.jpg 768w, https:\/\/www.diarioimagen.net\/wp-content\/uploads\/2025\/11\/BAENA1-ok-1.jpg 1500w\" sizes=\"auto, (max-width: 360px) 100vw, 360px\" \/><p id=\"caption-attachment-693996\" class=\"wp-caption-text\">El alcalde Isaac Montoya M\u00e1rquez destac\u00f3 que su administraci\u00f3n ha implementado atenciones las 24 horas en diversas \u00e1reas como Servicios P\u00fablicos y OAPAS.<\/p><\/div>\n<p>&nbsp;<\/p>\n<p>Naucalpan, M\u00e9x.- El programa Huellas de la Transformaci\u00f3n, que implement\u00f3 el alcalde Isaac Montoya M\u00e1rquez, se fortalece con la suma y coordinaci\u00f3n de los trabajos de las Direcciones de Servicios P\u00fablicos, Desarrollo Social y el Organismo Municipal del Agua OAPAS para ofrecer m\u00e1s y mejores servicios a las diferentes comunidades y atender sus demandas.<\/p>\n<p>&nbsp;<\/p>\n<p>En la colonia Isidro Fabela, el presidente municipal entreg\u00f3 la renovaci\u00f3n del Parque de la Calle 5 de Febrero en donde vecinas y vecinos se reunieron para agradecer las labores que realizaron los trabajadores de Servicios P\u00fablicos, que favorecen la convivencia sana de ni\u00f1as, ni\u00f1os y j\u00f3venes.<\/p>\n<p>&nbsp;<\/p>\n<p>El alcalde destac\u00f3 que su administraci\u00f3n ha implementado atenciones las 24 horas en diversas \u00e1reas como Servicios P\u00fablicos y OAPAS, y no solamente Protecci\u00f3n Civil o la Guardia Municipal, para superar los atrasos que por a\u00f1os han vivido las y los naucalpenses.<\/p>\n<p>&nbsp;<\/p>\n<p>\u201cEn mi caso, al ser el primer presidente municipal de Naucalpan que viene de las colonias, tenemos un gran sentido de pertenencia y una gran claridad de qu\u00e9 es lo que hay que hacer, c\u00f3mo hay que hacerlo y nos estamos basando en atender esas demandas hist\u00f3ricas siempre planteadas y pocas veces atendidas\u201d, destac\u00f3 Isaac Montoya.<\/p>\n<p>&nbsp;<\/p>\n<p>Agreg\u00f3 que trabaja con intensidad para que nadie se quede fuera, ni rezagado y devolverle el brillo a Naucalpan, a las colonias, a los fraccionamientos y los pueblos con la mayor cantidad de programas de desarrollo social, obra p\u00fablica y servicios p\u00fablicos que se han implementado en el municipio.<\/p>\n<p>&nbsp;<\/p>\n<p>En la colonia Isidro Fabela, se aplicaron 26 toneladas de asfalto, se repararon luminarias, se limpi\u00f3 y recuper\u00f3 el parque, se pintaron guarniciones, balizamiento de topes, muros y juegos, podas y clareos de \u00e1rboles. Adem\u00e1s de chaponeo, ara\u00f1ado, desorille, barrido manual y la recolecci\u00f3n de m\u00e1s de 3 toneladas de residuos.<\/p>\n<p>&nbsp;<\/p>\n<p><strong>\u00a0<\/strong><\/p>\n<p>&nbsp;<\/p>\n","protected":false},"excerpt":{"rendered":"<p>Mejores servicios a comunidades de Naucalpan \u00a0 &nbsp; Naucalpan, M\u00e9x.- El programa Huellas de la Transformaci\u00f3n, que implement\u00f3 el alcalde Isaac Montoya M\u00e1rquez, se fortalece con la suma y coordinaci\u00f3n de los trabajos de las Direcciones de Servicios P\u00fablicos, Desarrollo Social y el Organismo Municipal del Agua OAPAS para ofrecer m\u00e1s y mejores servicios a [&hellip;]<\/p>\n","protected":false},"author":14,"featured_media":693996,"comment_status":"open","ping_status":"open","sticky":false,"template":"","format":"standard","meta":{"_monsterinsights_skip_tracking":false,"_monsterinsights_sitenote_active":false,"_monsterinsights_sitenote_note":"","_monsterinsights_sitenote_category":0,"footnotes":""},"categories":[5],"tags":[],"class_list":["post-693995","post","type-post","status-publish","format-standard","has-post-thumbnail","hentry","category-estado-de-mexico"],"_links":{"self":[{"href":"https:\/\/www.diarioimagen.net\/index.php?rest_route=\/wp\/v2\/posts\/693995","targetHints":{"allow":["GET"]}}],"collection":[{"href":"https:\/\/www.diarioimagen.net\/index.php?rest_route=\/wp\/v2\/posts"}],"about":[{"href":"https:\/\/www.diarioimagen.net\/index.php?rest_route=\/wp\/v2\/types\/post"}],"author":[{"embeddable":true,"href":"https:\/\/www.diarioimagen.net\/index.php?rest_route=\/wp\/v2\/users\/14"}],"replies":[{"embeddable":true,"href":"https:\/\/www.diarioimagen.net\/index.php?rest_route=%2Fwp%2Fv2%2Fcomments&post=693995"}],"version-history":[{"count":1,"href":"https:\/\/www.diarioimagen.net\/index.php?rest_route=\/wp\/v2\/posts\/693995\/revisions"}],"predecessor-version":[{"id":693997,"href":"https:\/\/www.diarioimagen.net\/index.php?rest_route=\/wp\/v2\/posts\/693995\/revisions\/693997"}],"wp:featuredmedia":[{"embeddable":true,"href":"https:\/\/www.diarioimagen.net\/index.php?rest_route=\/wp\/v2\/media\/693996"}],"wp:attachment":[{"href":"https:\/\/www.diarioimagen.net\/index.php?rest_route=%2Fwp%2Fv2%2Fmedia&parent=693995"}],"wp:term":[{"taxonomy":"category","embeddable":true,"href":"https:\/\/www.diarioimagen.net\/index.php?rest_route=%2Fwp%2Fv2%2Fcategories&post=693995"},{"taxonomy":"post_tag","embeddable":true,"href":"https:\/\/www.diarioimagen.net\/index.php?rest_route=%2Fwp%2Fv2%2Ftags&post=693995"}],"curies":[{"name":"wp","href":"https:\/\/api.w.org\/{rel}","templated":true}]}}