{"id":694210,"date":"2025-11-19T20:16:17","date_gmt":"2025-11-20T02:16:17","guid":{"rendered":"https:\/\/www.diarioimagen.net\/?p=694210"},"modified":"2025-11-19T20:16:17","modified_gmt":"2025-11-20T02:16:17","slug":"aumenta-la-lectura-de-mexicanos-pero-en-redes-sociales","status":"publish","type":"post","link":"https:\/\/www.diarioimagen.net\/?p=694210","title":{"rendered":"Aumenta la lectura de mexicanos, pero en redes sociales"},"content":{"rendered":"<ul>\n<li><strong>Mediciones del Inegi<\/strong><\/li>\n<\/ul>\n<p>&nbsp;<\/p>\n<p>&nbsp;<\/p>\n<div id=\"attachment_694211\" style=\"width: 415px\" class=\"wp-caption alignnone\"><img loading=\"lazy\" decoding=\"async\" aria-describedby=\"caption-attachment-694211\" class=\"wp-image-694211 size-large\" src=\"https:\/\/www.diarioimagen.net\/wp-content\/uploads\/2025\/11\/LECTORES-405x270.jpeg\" alt=\"\" width=\"405\" height=\"270\" srcset=\"https:\/\/www.diarioimagen.net\/wp-content\/uploads\/2025\/11\/LECTORES-405x270.jpeg 405w, https:\/\/www.diarioimagen.net\/wp-content\/uploads\/2025\/11\/LECTORES-240x160.jpeg 240w, https:\/\/www.diarioimagen.net\/wp-content\/uploads\/2025\/11\/LECTORES.jpeg 630w\" sizes=\"auto, (max-width: 405px) 100vw, 405px\" \/><p id=\"caption-attachment-694211\" class=\"wp-caption-text\">El M\u00f3dulo sobre Lectura 2025, por primera vez, incluy\u00f3 en sus mediciones la lectura espec\u00edfica en redes sociales como WhatsApp, X, Facebook, entre otras.<\/p><\/div>\n<p>De los 103.9 millones de personas alfabetas en M\u00e9xico, de 12 a\u00f1os y m\u00e1s, al menos 83.5 millones afirman leer en redes sociales, es decir, ocho de cada 10 personas, de acuerdo a mediciones del Instituto Nacional de Estad\u00edstica y Geograf\u00eda (Inegi) a trav\u00e9s de los resultados del M\u00f3dulo sobre Lectura (Molec) 2025, que, por primera vez, incluy\u00f3 en sus mediciones \u201cla lectura espec\u00edfica en redes sociales como WhatsApp, X, Facebook, entre otras\u201d.<\/p>\n<p>Adem\u00e1s, el Inegi asegura que del total de poblaci\u00f3n alfabeta de 12 a\u00f1os y m\u00e1s, al menos 62.5% declar\u00f3 leer al menos un libro al a\u00f1o; 45.7%, leer p\u00e1ginas de internet, foros o blogs; 29.6%, consultar revistas y 20.9% historietas, c\u00f3mics o mangas. Sin embargo, omiti\u00f3 reportar el promedio de libros le\u00eddos por a\u00f1o que, en 2024, registr\u00f3 una lectura promedio de 3.2 ejemplares, y, en 2023, de 3.4 ejemplares.<\/p>\n<p>Lo que s\u00ed especifica el informe es el porcentaje de quienes leen uno o m\u00e1s libros. Detalla que 28.7% de la poblaci\u00f3n que lee libros s\u00f3lo ley\u00f3 un ejemplar en el \u00faltimo a\u00f1o, mientras que 21.2% dijo haber le\u00eddo dos; al menos 17.2% ley\u00f3 tres ejemplares, y 32.9%, cuatro o m\u00e1s libros, lo que indicar\u00eda que la mitad de la poblaci\u00f3n lectora apenas ley\u00f3 uno o dos libros por a\u00f1o.<\/p>\n<p>Otro dato relevante es el de las personas alfabetas que declararon no leer libros, revistas, peri\u00f3dicos, historietas, c\u00f3mics, mangas, p\u00e1ginas de internet, foros ni blogs, que asciende a 20.9%, lo que corresponde a cerca de 21.7 millones de personas.<\/p>\n<p>El levantamiento del Inegi fue realizado del 2 al 27 de junio pasado y tuvo una cobertura nacional.<\/p>\n<p>&nbsp;<\/p>\n<p>&nbsp;<\/p>\n<p><strong>Lectura en redes sociales<\/strong><\/p>\n<p><strong>\u00a0<\/strong><\/p>\n<p>&nbsp;<\/p>\n<p>En cuanto a quienes leen en redes sociales, el Molec detalla que el mayor porcentaje de estos lectores corresponde a hombres y mujeres de 25 a 39 a\u00f1os, con 92.1%, mientras que el grupo que menos acude a \u00e9stas es el de 60 a\u00f1os y m\u00e1s, con apenas 52.7 por ciento.<\/p>\n<p>Detalla que 85.2% de la poblaci\u00f3n lectora de redes sociales declar\u00f3 hacerlo diariamente; 10.3%, al menos una vez a la semana y 4.5 %, ocasionalmente.<\/p>\n<p>Y apunta que de las 83.5 millones de personas lectoras de redes sociales, 16.2% s\u00f3lo ley\u00f3 redes sociales, mientras que 83.8% ley\u00f3 tambi\u00e9n alg\u00fan otro tipo de material.<\/p>\n<p>Y apunta que quienes declararon s\u00f3lo leer en redes sociales, \u201c40.1% dijo que el motivo principal para no leer otro tipo de material fue por falta de inter\u00e9s, motivaci\u00f3n o gusto por la lectura\u201d; 36.0% asegur\u00f3 no tener tiempo y 12.6% prefiere realizar otras actividades o reporta falta de dinero.<\/p>\n<p>El Molec indica que del total de poblaci\u00f3n de 12 a\u00f1os y m\u00e1s, 79% ley\u00f3 alg\u00fan libro, es decir, cerca de 82.1 millones de hombres y mujeres, aunque la mitad de esta cifra s\u00f3lo habr\u00eda le\u00eddo uno o dos vol\u00famenes el \u00faltimo a\u00f1o.<\/p>\n<p>El informe aporta tambi\u00e9n informaci\u00f3n sobre los cuatro principales est\u00edmulos para la pr\u00e1ctica lectora en el hogar durante la infancia: la existencia en casa de libros diferentes a los de texto (64.4%), ver a sus padres o tutores leer (52.2%), lectura por parte de sus padres o tutores (46%) y fomento de asistencia a bibliotecas o librer\u00edas (29.8%).<\/p>\n<p>Y enlista el tipo de libros le\u00eddos: Autoayuda, superaci\u00f3n personal o religiosos (42.3%), Literatura (43.1%), Espec\u00edficos de alguna materia (35%), Cultura general (29.1%) y Manuales, gu\u00edas y recetarios (27 por ciento).<\/p>\n<p>Adem\u00e1s, detalla que por gusto, los m\u00e1s le\u00eddos fueron: literatura (51.1%), autoayuda (47.5%) y cultura general (30.7%). Y, por necesidad, los m\u00e1s le\u00eddos fueron los Espec\u00edficos de alguna materia (56.4%); Manuales, gu\u00edas y recetarios (41.8%) y de Autoayuda (29.1%).<\/p>\n<p>&nbsp;<\/p>\n<p>&nbsp;<\/p>\n<p><strong>No leen libros<\/strong><\/p>\n<p>&nbsp;<\/p>\n<p>&nbsp;<\/p>\n<p>Las personas que aceptaron no leer, salvo redes sociales, asciende a 20.9%, es decir, cerca de 21.7 millones de personas.<\/p>\n<p>Seg\u00fan los grupos de edad, el mayor porcentaje de no lectores fue para personas de 60 a\u00f1os y m\u00e1s (33.2%) y le siguieron los grupos de 40 a 59 a\u00f1os (25.8%) y de 25 a 39 a\u00f1os (14.3%).<\/p>\n<p>&nbsp;<\/p>\n<p>&nbsp;<\/p>\n<p>&nbsp;<\/p>\n<p><strong>\u00a0<\/strong><\/p>\n","protected":false},"excerpt":{"rendered":"<p>Mediciones del Inegi &nbsp; &nbsp; De los 103.9 millones de personas alfabetas en M\u00e9xico, de 12 a\u00f1os y m\u00e1s, al menos 83.5 millones afirman leer en redes sociales, es decir, ocho de cada 10 personas, de acuerdo a mediciones del Instituto Nacional de Estad\u00edstica y Geograf\u00eda (Inegi) a trav\u00e9s de los resultados del M\u00f3dulo sobre [&hellip;]<\/p>\n","protected":false},"author":14,"featured_media":694211,"comment_status":"open","ping_status":"open","sticky":false,"template":"","format":"standard","meta":{"_monsterinsights_skip_tracking":false,"_monsterinsights_sitenote_active":false,"_monsterinsights_sitenote_note":"","_monsterinsights_sitenote_category":0,"footnotes":""},"categories":[17],"tags":[],"class_list":["post-694210","post","type-post","status-publish","format-standard","has-post-thumbnail","hentry","category-especiales"],"_links":{"self":[{"href":"https:\/\/www.diarioimagen.net\/index.php?rest_route=\/wp\/v2\/posts\/694210","targetHints":{"allow":["GET"]}}],"collection":[{"href":"https:\/\/www.diarioimagen.net\/index.php?rest_route=\/wp\/v2\/posts"}],"about":[{"href":"https:\/\/www.diarioimagen.net\/index.php?rest_route=\/wp\/v2\/types\/post"}],"author":[{"embeddable":true,"href":"https:\/\/www.diarioimagen.net\/index.php?rest_route=\/wp\/v2\/users\/14"}],"replies":[{"embeddable":true,"href":"https:\/\/www.diarioimagen.net\/index.php?rest_route=%2Fwp%2Fv2%2Fcomments&post=694210"}],"version-history":[{"count":1,"href":"https:\/\/www.diarioimagen.net\/index.php?rest_route=\/wp\/v2\/posts\/694210\/revisions"}],"predecessor-version":[{"id":694212,"href":"https:\/\/www.diarioimagen.net\/index.php?rest_route=\/wp\/v2\/posts\/694210\/revisions\/694212"}],"wp:featuredmedia":[{"embeddable":true,"href":"https:\/\/www.diarioimagen.net\/index.php?rest_route=\/wp\/v2\/media\/694211"}],"wp:attachment":[{"href":"https:\/\/www.diarioimagen.net\/index.php?rest_route=%2Fwp%2Fv2%2Fmedia&parent=694210"}],"wp:term":[{"taxonomy":"category","embeddable":true,"href":"https:\/\/www.diarioimagen.net\/index.php?rest_route=%2Fwp%2Fv2%2Fcategories&post=694210"},{"taxonomy":"post_tag","embeddable":true,"href":"https:\/\/www.diarioimagen.net\/index.php?rest_route=%2Fwp%2Fv2%2Ftags&post=694210"}],"curies":[{"name":"wp","href":"https:\/\/api.w.org\/{rel}","templated":true}]}}