{"id":694286,"date":"2025-11-19T20:57:58","date_gmt":"2025-11-20T02:57:58","guid":{"rendered":"https:\/\/www.diarioimagen.net\/?p=694286"},"modified":"2025-11-20T19:57:58","modified_gmt":"2025-11-21T01:57:58","slug":"equipa-negocios-de-habitantes-indigenas-del-sur-del-estado","status":"publish","type":"post","link":"https:\/\/www.diarioimagen.net\/?p=694286","title":{"rendered":"Equipa negocios de habitantes ind\u00edgenas del sur del estado"},"content":{"rendered":"<p>&nbsp;<\/p>\n<p>&nbsp;<\/p>\n<ul>\n<li><strong>A trav\u00e9s de la Secretar\u00eda de Bienestar<\/strong><\/li>\n<\/ul>\n<p>&nbsp;<\/p>\n<p>&nbsp;<\/p>\n<div id=\"attachment_694287\" style=\"width: 415px\" class=\"wp-caption alignnone\"><img loading=\"lazy\" decoding=\"async\" aria-describedby=\"caption-attachment-694287\" class=\"wp-image-694287 size-large\" src=\"https:\/\/www.diarioimagen.net\/wp-content\/uploads\/2025\/11\/EDOMEX-2-ok-12-405x270.jpg\" alt=\"\" width=\"405\" height=\"270\" srcset=\"https:\/\/www.diarioimagen.net\/wp-content\/uploads\/2025\/11\/EDOMEX-2-ok-12-405x270.jpg 405w, https:\/\/www.diarioimagen.net\/wp-content\/uploads\/2025\/11\/EDOMEX-2-ok-12-240x160.jpg 240w, https:\/\/www.diarioimagen.net\/wp-content\/uploads\/2025\/11\/EDOMEX-2-ok-12-768x511.jpg 768w, https:\/\/www.diarioimagen.net\/wp-content\/uploads\/2025\/11\/EDOMEX-2-ok-12.jpg 1500w\" sizes=\"auto, (max-width: 405px) 100vw, 405px\" \/><p id=\"caption-attachment-694287\" class=\"wp-caption-text\">El gobierno del Edomex entreg\u00f3 maquinaria, equipo y materia prima no perecedera para suministrar panader\u00edas, carpinter\u00edas, c\u00edbers y talleres mec\u00e1nicos y de costura, en beneficio de habitantes de 16 municipios de la zona sur.<\/p><\/div>\n<p><strong>\u00a0<\/strong><\/p>\n<p>Amatepec, Estado de M\u00e9xico.\u2013 Para fomentar el autoempleo de personas que se reconocen como ind\u00edgenas en el Estado de M\u00e9xico, el Gobierno de la Maestra Delfina G\u00f3mez \u00c1lvarez entreg\u00f3 maquinaria, equipo y materia prima no perecedera para suministrar panader\u00edas, carpinter\u00edas, c\u00edbers y talleres mec\u00e1nicos y de costura, en beneficio de habitantes de 16 municipios de la zona sur.<\/p>\n<p>En el evento, Juan Carlos Gonz\u00e1lez Romero, Secretario del ramo, reafirm\u00f3 su compromiso con el fortalecimiento econ\u00f3mico y social de los pueblos originarios, as\u00ed como la promoci\u00f3n de su desarrollo con igualdad de oportunidades y respeto a su identidad y cultura.<\/p>\n<p>En total, se apoyaron 57 proyectos productivos como parte del programa Desarrollo Ind\u00edgena con Bienestar; entre los insumos se encuentran computadoras, impresoras, sopladoras, fumigadoras, carretillas, hornos, m\u00e1quinas de costura, prensa hidr\u00e1ulica, entre otras herramientas.<\/p>\n<p>Con esta entrega, se benefici\u00f3 a personas de Almoloya de Alquisiras, Amanalco, Amatepec, Donato Guerra, Ixtapan del Oro, Luvianos, Otzoloapan, San Sim\u00f3n de Guerrero, Santo Tom\u00e1s, Sultepec, Tejupilco, Temascaltepec, Texcaltitl\u00e1n, Valle de Bravo, Zacazonapan y Zacualpan, municipios con presencia otom\u00ed, matlatzinca, nahua y mazahua.<\/p>\n<p>Adem\u00e1s, como parte del trabajo en territorio y cercano a la gente, 3 mil habitantes de Amatepec, Luvianos y Tlatlaya recibieron sus tarjetas Mujeres con Bienestar; al respecto, Gonz\u00e1lez Romero destac\u00f3 la importancia de este sector en el desarrollo de las comunidades, pues su esfuerzo, trabajo y dedicaci\u00f3n no siempre es reconocido, por ello en tiempo de mujeres, se les debe brindar lo que por a\u00f1os no recibieron.<\/p>\n<p>Mediante acciones integrales que ofrece este programa, las mexiquenses pueden alcanzar una mejor versi\u00f3n de ellas mismas, al tener la oportunidad de concluir sus estudios, atender sus temas de salud y recibir una ayuda econ\u00f3mica de 2 mil 500 pesos.<\/p>\n<p>&nbsp;<\/p>\n<p><strong>Entregan 5 mil canastas alimentarias a mujeres de 50 a 64 a\u00f1os<\/strong><\/p>\n<p>&nbsp;<\/p>\n<p>Con el fin de garantizar una nutrici\u00f3n adecuada para prevenir enfermedades cr\u00f3nicas entre las mujeres mexiquenses, la administraci\u00f3n liderada por la Gobernadora Delfina G\u00f3mez \u00c1lvarez promueve el programa Alimentaci\u00f3n para el Bienestar, a trav\u00e9s del cual se entregaron cinco mil canastas alimentarias en Otzolotepec en beneficio de 2 mil 500 beneficiarias.<\/p>\n<p>Juan Carlos Gonz\u00e1lez Romero, Secretario del ramo, explic\u00f3 que la actual administraci\u00f3n implementa acciones encaminadas a atender a las mujeres, quienes por mucho tiempo estuvieron en el olvido, con el prop\u00f3sito de dignificar sus condiciones de vida y con ello, garantizarles justicia social.<\/p>\n<p>&nbsp;<\/p>\n<p><strong>\u00a0<\/strong><\/p>\n<p>&nbsp;<\/p>\n","protected":false},"excerpt":{"rendered":"<p>&nbsp; &nbsp; A trav\u00e9s de la Secretar\u00eda de Bienestar &nbsp; &nbsp; \u00a0 Amatepec, Estado de M\u00e9xico.\u2013 Para fomentar el autoempleo de personas que se reconocen como ind\u00edgenas en el Estado de M\u00e9xico, el Gobierno de la Maestra Delfina G\u00f3mez \u00c1lvarez entreg\u00f3 maquinaria, equipo y materia prima no perecedera para suministrar panader\u00edas, carpinter\u00edas, c\u00edbers y talleres [&hellip;]<\/p>\n","protected":false},"author":14,"featured_media":694287,"comment_status":"open","ping_status":"open","sticky":false,"template":"","format":"standard","meta":{"_monsterinsights_skip_tracking":false,"_monsterinsights_sitenote_active":false,"_monsterinsights_sitenote_note":"","_monsterinsights_sitenote_category":0,"footnotes":""},"categories":[16,5],"tags":[],"class_list":["post-694286","post","type-post","status-publish","format-standard","has-post-thumbnail","hentry","category-destacadas","category-estado-de-mexico"],"_links":{"self":[{"href":"https:\/\/www.diarioimagen.net\/index.php?rest_route=\/wp\/v2\/posts\/694286","targetHints":{"allow":["GET"]}}],"collection":[{"href":"https:\/\/www.diarioimagen.net\/index.php?rest_route=\/wp\/v2\/posts"}],"about":[{"href":"https:\/\/www.diarioimagen.net\/index.php?rest_route=\/wp\/v2\/types\/post"}],"author":[{"embeddable":true,"href":"https:\/\/www.diarioimagen.net\/index.php?rest_route=\/wp\/v2\/users\/14"}],"replies":[{"embeddable":true,"href":"https:\/\/www.diarioimagen.net\/index.php?rest_route=%2Fwp%2Fv2%2Fcomments&post=694286"}],"version-history":[{"count":1,"href":"https:\/\/www.diarioimagen.net\/index.php?rest_route=\/wp\/v2\/posts\/694286\/revisions"}],"predecessor-version":[{"id":694288,"href":"https:\/\/www.diarioimagen.net\/index.php?rest_route=\/wp\/v2\/posts\/694286\/revisions\/694288"}],"wp:featuredmedia":[{"embeddable":true,"href":"https:\/\/www.diarioimagen.net\/index.php?rest_route=\/wp\/v2\/media\/694287"}],"wp:attachment":[{"href":"https:\/\/www.diarioimagen.net\/index.php?rest_route=%2Fwp%2Fv2%2Fmedia&parent=694286"}],"wp:term":[{"taxonomy":"category","embeddable":true,"href":"https:\/\/www.diarioimagen.net\/index.php?rest_route=%2Fwp%2Fv2%2Fcategories&post=694286"},{"taxonomy":"post_tag","embeddable":true,"href":"https:\/\/www.diarioimagen.net\/index.php?rest_route=%2Fwp%2Fv2%2Ftags&post=694286"}],"curies":[{"name":"wp","href":"https:\/\/api.w.org\/{rel}","templated":true}]}}