{"id":694676,"date":"2025-11-20T21:02:30","date_gmt":"2025-11-21T03:02:30","guid":{"rendered":"https:\/\/www.diarioimagen.net\/?p=694676"},"modified":"2025-11-20T21:02:30","modified_gmt":"2025-11-21T03:02:30","slug":"dongfeng-consolida-su-presencia-en-mexico-y-latinoamerica-con-una-identidad-unificada-y-vision-de-largo-plazo","status":"publish","type":"post","link":"https:\/\/www.diarioimagen.net\/?p=694676","title":{"rendered":"\u00a0Dongfeng consolida su presencia en M\u00e9xico y Latinoam\u00e9rica con una identidad unificada y visi\u00f3n de largo plazo"},"content":{"rendered":"<p>&nbsp;<\/p>\n<p>&nbsp;<\/p>\n<p>&nbsp;<\/p>\n<ul>\n<li><strong><em>La marca l\u00edder de veh\u00edculos comerciales en China reafirma su compromiso con M\u00e9xico como socio estrat\u00e9gico para el desarrollo del transporte.<\/em><\/strong><\/li>\n<\/ul>\n<p><img loading=\"lazy\" decoding=\"async\" class=\"alignnone wp-image-694677 size-large\" src=\"https:\/\/www.diarioimagen.net\/wp-content\/uploads\/2025\/11\/DONDFENG-01-scaled-e1763694074435-456x270.jpg\" alt=\"\" width=\"456\" height=\"270\" srcset=\"https:\/\/www.diarioimagen.net\/wp-content\/uploads\/2025\/11\/DONDFENG-01-scaled-e1763694074435-456x270.jpg 456w, https:\/\/www.diarioimagen.net\/wp-content\/uploads\/2025\/11\/DONDFENG-01-scaled-e1763694074435-240x142.jpg 240w, https:\/\/www.diarioimagen.net\/wp-content\/uploads\/2025\/11\/DONDFENG-01-scaled-e1763694074435-768x454.jpg 768w, https:\/\/www.diarioimagen.net\/wp-content\/uploads\/2025\/11\/DONDFENG-01-scaled-e1763694074435-1536x909.jpg 1536w, https:\/\/www.diarioimagen.net\/wp-content\/uploads\/2025\/11\/DONDFENG-01-scaled-e1763694074435-2048x1212.jpg 2048w\" sizes=\"auto, (max-width: 456px) 100vw, 456px\" \/><\/p>\n<p>En el marco de Expo Transporte ANPACT 2025, Dongfeng anuncia un paso decisivo en su consolidaci\u00f3n en M\u00e9xico y Latinoam\u00e9rica: la unificaci\u00f3n de toda su operaci\u00f3n de veh\u00edculos comerciales bajo un solo nombre, Dongfeng, fortaleciendo su claridad de marca, su confianza y su compromiso con el mercado mexicano.<\/p>\n<p>&nbsp;<\/p>\n<p>Este anuncio marca el inicio de una nueva etapa de crecimiento sostenible en la regi\u00f3n, respaldada por una historia de m\u00e1s de 50 a\u00f1os de innovaci\u00f3n y liderazgo global. Dongfeng es la marca n\u00famero uno de veh\u00edculos comerciales en China y la segunda a nivel mundial, con presencia en m\u00e1s de 80 pa\u00edses y una reputaci\u00f3n consolidada en tecnolog\u00eda, confiabilidad y eficiencia.<\/p>\n<p>&nbsp;<\/p>\n<p>\u201cHace poco m\u00e1s de dos a\u00f1os iniciamos esta historia en M\u00e9xico con una visi\u00f3n clara: construir una marca s\u00f3lida, confiable y cercana a nuestros clientes. Hoy, esa visi\u00f3n se consolida con paso firme. DFAC Dongfeng se integra completamente bajo un solo nombre: Dongfeng. Esta integraci\u00f3n representa unidad, fortaleza y confianza, y marca el inicio de una nueva etapa para nuestra marca en el pa\u00eds\u201d, se\u00f1al\u00f3 Philipp Heldt, gerente general de Magna Automotive M\u00e9xico importadores de la marca Dongfeng.<\/p>\n<p>&nbsp;<\/p>\n<p><strong>Respaldo de Grupo Magma: experiencia y compromiso con Latinoam\u00e9rica<\/strong><\/p>\n<p>&nbsp;<\/p>\n<p>La operaci\u00f3n de Dongfeng en M\u00e9xico est\u00e1 a cargo de Magma Automotriz M\u00e9xico, filial de Grupo Magma, empresa con m\u00e1s de 50 a\u00f1os de experiencia en el sector automotriz y 17 a\u00f1os de presencia en Latinoam\u00e9rica y el Caribe.<\/p>\n<p>&nbsp;<\/p>\n<p>Gracias a su solidez, experiencia y compromiso en distribuci\u00f3n, atenci\u00f3n y posventa, Grupo Magma impulsa la expansi\u00f3n de Dongfeng en la regi\u00f3n, garantizando soporte t\u00e9cnico, disponibilidad de refacciones y atenci\u00f3n especializada.<\/p>\n<p>&nbsp;<\/p>\n<p>\u201cDongfeng lleg\u00f3 a M\u00e9xico para quedarse. Seguiremos invirtiendo, generando empleos y fortaleciendo nuestra red, con determinaci\u00f3n, confianza y visi\u00f3n de largo plazo. Sabemos que el transporte es la columna vertebral de la econom\u00eda, y estamos comprometidos en contribuir al desarrollo log\u00edstico del pa\u00eds con soluciones eficientes, seguras y sostenibles\u201d, agreg\u00f3 Philipp.<\/p>\n<p>&nbsp;<\/p>\n<p>&nbsp;<\/p>\n<p>&nbsp;<\/p>\n<p><strong>Infraestructura s\u00f3lida y crecimiento sostenido<\/strong><\/p>\n<p>&nbsp;<\/p>\n<p>En apenas a\u00f1o y medio de operaci\u00f3n, Dongfeng M\u00e9xico ha construido una red s\u00f3lida de m\u00e1s de 27 puntos de venta y servicio distribuidos en todo el pa\u00eds, con tres m\u00e1s en proceso de apertura.<\/p>\n<p>Su centro de distribuci\u00f3n de refacciones en Cuautitl\u00e1n Izcalli, operado por Estafeta, cuenta con m\u00e1s de 60 mil piezas en stock y una inversi\u00f3n superior a 5 millones de d\u00f3lares, garantizando el suministro r\u00e1pido a clientes y distribuidores.<\/p>\n<p>&nbsp;<\/p>\n<p>&nbsp;<\/p>\n<p>El portafolio de Dongfeng incluye una gama completa de camiones ligeros hasta pesados, vanes y tractocamiones, todos dise\u00f1ados para las condiciones del mercado mexicano, con componentes de reconocidas marcas internacionales como motor Cummins, transmisi\u00f3n Eaton y ejes Dana, sin\u00f3nimo de potencia, durabilidad y confianza.<\/p>\n<p>&nbsp;<\/p>\n<p><strong>M\u00e9xico, un mercado prioritario<\/strong><\/p>\n<p>&nbsp;<\/p>\n<p>Ante un entorno econ\u00f3mico global cambiante y nuevas medidas arancelarias, Dongfeng reafirma su compromiso con M\u00e9xico como socio estrat\u00e9gico de largo plazo.<\/p>\n<p>La compa\u00f1\u00eda continuar\u00e1 apostando por la inversi\u00f3n, la innovaci\u00f3n y el fortalecimiento de sus alianzas locales, contribuyendo al crecimiento de la industria automotriz y del transporte nacional.<\/p>\n<p>&nbsp;<\/p>\n<p>\u201cM\u00e1s all\u00e1 de las coyunturas comerciales, nuestra visi\u00f3n est\u00e1 puesta en construir el futuro del transporte mexicano. M\u00e9xico es y seguir\u00e1 siendo un mercado prioritario para Dongfeng\u201d, concluy\u00f3 Philipp.<\/p>\n<p>&nbsp;<\/p>\n<p>Con m\u00e1s de medio siglo de historia, una red de distribuci\u00f3n en expansi\u00f3n y el respaldo de Grupo Magma, Dongfeng se consolida como una marca comprometida con el desarrollo econ\u00f3mico del pa\u00eds, impulsando una nueva generaci\u00f3n de veh\u00edculos comerciales s\u00f3lidos, eficientes y confiables.<\/p>\n<p>&nbsp;<\/p>\n","protected":false},"excerpt":{"rendered":"<p>&nbsp; &nbsp; &nbsp; La marca l\u00edder de veh\u00edculos comerciales en China reafirma su compromiso con M\u00e9xico como socio estrat\u00e9gico para el desarrollo del transporte. En el marco de Expo Transporte ANPACT 2025, Dongfeng anuncia un paso decisivo en su consolidaci\u00f3n en M\u00e9xico y Latinoam\u00e9rica: la unificaci\u00f3n de toda su operaci\u00f3n de veh\u00edculos comerciales bajo un [&hellip;]<\/p>\n","protected":false},"author":14,"featured_media":694677,"comment_status":"open","ping_status":"open","sticky":false,"template":"","format":"standard","meta":{"_monsterinsights_skip_tracking":false,"_monsterinsights_sitenote_active":false,"_monsterinsights_sitenote_note":"","_monsterinsights_sitenote_category":0,"footnotes":""},"categories":[17],"tags":[],"class_list":["post-694676","post","type-post","status-publish","format-standard","has-post-thumbnail","hentry","category-especiales"],"_links":{"self":[{"href":"https:\/\/www.diarioimagen.net\/index.php?rest_route=\/wp\/v2\/posts\/694676","targetHints":{"allow":["GET"]}}],"collection":[{"href":"https:\/\/www.diarioimagen.net\/index.php?rest_route=\/wp\/v2\/posts"}],"about":[{"href":"https:\/\/www.diarioimagen.net\/index.php?rest_route=\/wp\/v2\/types\/post"}],"author":[{"embeddable":true,"href":"https:\/\/www.diarioimagen.net\/index.php?rest_route=\/wp\/v2\/users\/14"}],"replies":[{"embeddable":true,"href":"https:\/\/www.diarioimagen.net\/index.php?rest_route=%2Fwp%2Fv2%2Fcomments&post=694676"}],"version-history":[{"count":1,"href":"https:\/\/www.diarioimagen.net\/index.php?rest_route=\/wp\/v2\/posts\/694676\/revisions"}],"predecessor-version":[{"id":694678,"href":"https:\/\/www.diarioimagen.net\/index.php?rest_route=\/wp\/v2\/posts\/694676\/revisions\/694678"}],"wp:featuredmedia":[{"embeddable":true,"href":"https:\/\/www.diarioimagen.net\/index.php?rest_route=\/wp\/v2\/media\/694677"}],"wp:attachment":[{"href":"https:\/\/www.diarioimagen.net\/index.php?rest_route=%2Fwp%2Fv2%2Fmedia&parent=694676"}],"wp:term":[{"taxonomy":"category","embeddable":true,"href":"https:\/\/www.diarioimagen.net\/index.php?rest_route=%2Fwp%2Fv2%2Fcategories&post=694676"},{"taxonomy":"post_tag","embeddable":true,"href":"https:\/\/www.diarioimagen.net\/index.php?rest_route=%2Fwp%2Fv2%2Ftags&post=694676"}],"curies":[{"name":"wp","href":"https:\/\/api.w.org\/{rel}","templated":true}]}}