{"id":694762,"date":"2025-11-20T21:32:20","date_gmt":"2025-11-21T03:32:20","guid":{"rendered":"https:\/\/www.diarioimagen.net\/?p=694762"},"modified":"2025-11-20T21:32:20","modified_gmt":"2025-11-21T03:32:20","slug":"llegan-mas-de-15-millones-de-turistas-extranjeros-durante-los-primeros-9-meses-del-ano","status":"publish","type":"post","link":"https:\/\/www.diarioimagen.net\/?p=694762","title":{"rendered":"Llegan m\u00e1s de 15 millones  de turistas extranjeros durante  los primeros 9 meses del a\u00f1o"},"content":{"rendered":"<p>&nbsp;<\/p>\n<p><strong>\u00a0<\/strong><\/p>\n<ul>\n<li><strong>Destaca el incremento de viajeros de Canad\u00e1<\/strong><\/li>\n<li><strong>Esta cifra representa un incremento de 0.6%, respecto a 2024 y supera los niveles de 2019 en 9.7 por ciento<\/strong><\/li>\n<\/ul>\n<p>&nbsp;<\/p>\n<p>&nbsp;<\/p>\n<p><img loading=\"lazy\" decoding=\"async\" class=\"alignnone wp-image-694765 size-large\" src=\"https:\/\/www.diarioimagen.net\/wp-content\/uploads\/2025\/11\/SECTUR-ok-10-457x270.jpg\" alt=\"\" width=\"457\" height=\"270\" srcset=\"https:\/\/www.diarioimagen.net\/wp-content\/uploads\/2025\/11\/SECTUR-ok-10-457x270.jpg 457w, https:\/\/www.diarioimagen.net\/wp-content\/uploads\/2025\/11\/SECTUR-ok-10-240x142.jpg 240w, https:\/\/www.diarioimagen.net\/wp-content\/uploads\/2025\/11\/SECTUR-ok-10-768x454.jpg 768w, https:\/\/www.diarioimagen.net\/wp-content\/uploads\/2025\/11\/SECTUR-ok-10.jpg 1500w\" sizes=\"auto, (max-width: 457px) 100vw, 457px\" \/><\/p>\n<p>&nbsp;<\/p>\n<p>La secretaria de Turismo del Gobierno de M\u00e9xico, Josefina Rodr\u00edguez Zamora, inform\u00f3 que, de enero a septiembre de 2025, la llegada de turistas internacionales v\u00eda a\u00e9rea por pa\u00eds de residencia alcanz\u00f3 15 millones 96 mil visitantes.<\/p>\n<p>La titular de la Secretar\u00eda de Turismo (Sectur) precis\u00f3 que, de acuerdo con cifras de la Unidad de Pol\u00edtica Migratoria, Registro e Identidad de Personas, esta cifra representa un incremento de 0.6 por ciento respecto a 2024 y supera los niveles de 2019 en 9.7 por ciento, cuando arribaron 13 millones 760 mil turistas.<\/p>\n<p>En este tenor, destac\u00f3 que Canad\u00e1 se consolid\u00f3 como uno de los mercados estrat\u00e9gicos para M\u00e9xico al registrar el arribo de un mill\u00f3n 939 mil turistas durante los primeros nueve meses del a\u00f1o, lo que representa un incremento de 11.3 por ciento frente a 2024 y de 16.8 por ciento respecto a 2019. Este desempe\u00f1o refuerza la importancia del mercado canadiense dentro del turismo internacional que llega por v\u00eda a\u00e9rea a nuestro pa\u00eds.<\/p>\n<p>\u201cEl turismo canadiense contin\u00faa fortaleciendo su presencia en nuestro pa\u00eds y demuestra la confianza que tiene en M\u00e9xico como un destino seguro, diverso y de alta calidad\u201d, se\u00f1al\u00f3.<\/p>\n<p>Rodr\u00edguez Zamora resalt\u00f3 la llegada de 10 millones 202 mil turistas residentes de Estados Unidos, cifra superior en 0.7 por ciento respecto a 2024 y 26.1 por ciento en comparaci\u00f3n a lo registrado en 2019. Por otra parte, se contabilizaron 327 mil 848 turistas residentes de Reino Unido, lo que representa un crecimiento de 2.1 por ciento respecto a 2024. Adem\u00e1s, detall\u00f3 que el 52.9 por ciento de los turistas extranjeros que llegan v\u00eda a\u00e9rea tienen entre 30 y 59 a\u00f1os.<\/p>\n<p>\u201cEste avance refleja la importancia de profundizar la cooperaci\u00f3n con nuestros socios internacionales y seguir impulsando estrategias que ampl\u00eden la conectividad a\u00e9rea y la promoci\u00f3n tur\u00edstica\u201d.<\/p>\n<p>La secretaria de Turismo asever\u00f3 que, con la pr\u00f3xima celebraci\u00f3n del Mundial y las acciones anunciadas por la Presidenta Claudia Sheinbaum en este marco \u2014orientadas a ampliar la infraestructura, fortalecer la conectividad y consolidar la promoci\u00f3n tur\u00edstica\u2014, se prev\u00e9 un impulso adicional que permitir\u00e1 continuar elevando estas cifras.<\/p>\n<p>&nbsp;<\/p>\n<p>&nbsp;<\/p>\n<p>&nbsp;<\/p>\n","protected":false},"excerpt":{"rendered":"<p>&nbsp; \u00a0 Destaca el incremento de viajeros de Canad\u00e1 Esta cifra representa un incremento de 0.6%, respecto a 2024 y supera los niveles de 2019 en 9.7 por ciento &nbsp; &nbsp; &nbsp; La secretaria de Turismo del Gobierno de M\u00e9xico, Josefina Rodr\u00edguez Zamora, inform\u00f3 que, de enero a septiembre de 2025, la llegada de turistas [&hellip;]<\/p>\n","protected":false},"author":14,"featured_media":694765,"comment_status":"open","ping_status":"open","sticky":false,"template":"","format":"standard","meta":{"_monsterinsights_skip_tracking":false,"_monsterinsights_sitenote_active":false,"_monsterinsights_sitenote_note":"","_monsterinsights_sitenote_category":0,"footnotes":""},"categories":[11],"tags":[],"class_list":["post-694762","post","type-post","status-publish","format-standard","has-post-thumbnail","hentry","category-turismo"],"_links":{"self":[{"href":"https:\/\/www.diarioimagen.net\/index.php?rest_route=\/wp\/v2\/posts\/694762","targetHints":{"allow":["GET"]}}],"collection":[{"href":"https:\/\/www.diarioimagen.net\/index.php?rest_route=\/wp\/v2\/posts"}],"about":[{"href":"https:\/\/www.diarioimagen.net\/index.php?rest_route=\/wp\/v2\/types\/post"}],"author":[{"embeddable":true,"href":"https:\/\/www.diarioimagen.net\/index.php?rest_route=\/wp\/v2\/users\/14"}],"replies":[{"embeddable":true,"href":"https:\/\/www.diarioimagen.net\/index.php?rest_route=%2Fwp%2Fv2%2Fcomments&post=694762"}],"version-history":[{"count":1,"href":"https:\/\/www.diarioimagen.net\/index.php?rest_route=\/wp\/v2\/posts\/694762\/revisions"}],"predecessor-version":[{"id":694766,"href":"https:\/\/www.diarioimagen.net\/index.php?rest_route=\/wp\/v2\/posts\/694762\/revisions\/694766"}],"wp:featuredmedia":[{"embeddable":true,"href":"https:\/\/www.diarioimagen.net\/index.php?rest_route=\/wp\/v2\/media\/694765"}],"wp:attachment":[{"href":"https:\/\/www.diarioimagen.net\/index.php?rest_route=%2Fwp%2Fv2%2Fmedia&parent=694762"}],"wp:term":[{"taxonomy":"category","embeddable":true,"href":"https:\/\/www.diarioimagen.net\/index.php?rest_route=%2Fwp%2Fv2%2Fcategories&post=694762"},{"taxonomy":"post_tag","embeddable":true,"href":"https:\/\/www.diarioimagen.net\/index.php?rest_route=%2Fwp%2Fv2%2Ftags&post=694762"}],"curies":[{"name":"wp","href":"https:\/\/api.w.org\/{rel}","templated":true}]}}