{"id":694967,"date":"2025-11-24T00:10:49","date_gmt":"2025-11-24T06:10:49","guid":{"rendered":"https:\/\/www.diarioimagen.net\/?p=694967"},"modified":"2025-11-24T00:10:49","modified_gmt":"2025-11-24T06:10:49","slug":"mexico-avanza-por-la-senda-de-la-justicia-luz-maria-hernandez","status":"publish","type":"post","link":"https:\/\/www.diarioimagen.net\/?p=694967","title":{"rendered":"M\u00e9xico avanza por la senda de  la justicia: Luz Mar\u00eda Hern\u00e1ndez"},"content":{"rendered":"<ul>\n<li><strong>\u201cNo volveremos atr\u00e1s\u201d<\/strong><\/li>\n<\/ul>\n<p><strong> <img loading=\"lazy\" decoding=\"async\" class=\"alignnone wp-image-694969 size-large\" src=\"https:\/\/www.diarioimagen.net\/wp-content\/uploads\/2025\/11\/BAENA-3-ok-14-194x270.jpg\" alt=\"\" width=\"194\" height=\"270\" srcset=\"https:\/\/www.diarioimagen.net\/wp-content\/uploads\/2025\/11\/BAENA-3-ok-14-194x270.jpg 194w, https:\/\/www.diarioimagen.net\/wp-content\/uploads\/2025\/11\/BAENA-3-ok-14-172x240.jpg 172w, https:\/\/www.diarioimagen.net\/wp-content\/uploads\/2025\/11\/BAENA-3-ok-14-768x1070.jpg 768w, https:\/\/www.diarioimagen.net\/wp-content\/uploads\/2025\/11\/BAENA-3-ok-14-1103x1536.jpg 1103w, https:\/\/www.diarioimagen.net\/wp-content\/uploads\/2025\/11\/BAENA-3-ok-14-1471x2048.jpg 1471w, https:\/\/www.diarioimagen.net\/wp-content\/uploads\/2025\/11\/BAENA-3-ok-14.jpg 1500w\" sizes=\"auto, (max-width: 194px) 100vw, 194px\" \/><\/strong><\/p>\n<p>&nbsp;<\/p>\n<p>&nbsp;<\/p>\n<p>Ecatepec, M\u00e9x.- En el Estado de M\u00e9xico respaldamos al 100 por ciento a la presidenta de M\u00e9xico, Claudia Sheinbaum Pardo, y hacemos eco al llamado de unidad y de no volver atr\u00e1s a un pasado de privilegios para unos cuantos, se\u00f1al\u00f3 Luz Mar\u00eda Hern\u00e1ndez, presidenta del Comit\u00e9 Ejecutivo Estatal de Morena en el Estado de M\u00e9xico.<\/p>\n<p>&nbsp;<\/p>\n<p>La l\u00edder de Morena en la entidad mexiquense dijo que, la paz y la tranquilidad son fruto de la justicia, por lo que exhort\u00f3 a la militancia y a cada funcionario emanado de Morena a seguir cerrando filas alrededor de la mandataria y en favor del pueblo, pues nuestra premisa fue, es y ser\u00e1 \u201cprimero los pobres\u201d.<\/p>\n<p>&nbsp;<\/p>\n<p>Por otra parte, asegur\u00f3 que \u201cno debemos escuchar los discursos que hacen apolog\u00eda de la violencia, ni creer en esas voces que solo buscan denostar los avances logrados por Morena, a trav\u00e9s de su gobierno federal, de la gobernadora Delfina G\u00f3mez y de los alcaldes apoyados por el poder legislativo, quienes de la mano de la sociedad hemos logrado avanzar en este segundo piso de la 4T\u00bb.<\/p>\n<p>&nbsp;<\/p>\n<p>Finalmente, destac\u00f3: \u201cnunca m\u00e1s un pa\u00eds de privilegios para unos cuantos, nunca m\u00e1s un pa\u00eds donde los pobres no tienen voz, nunca m\u00e1s un pa\u00eds donde los grupos vulnerables son olvidados y donde sus pueblos originarios son relegados de los programas sociales\u201d.<\/p>\n<p>&nbsp;<\/p>\n<p>&nbsp;<\/p>\n","protected":false},"excerpt":{"rendered":"<p>\u201cNo volveremos atr\u00e1s\u201d &nbsp; &nbsp; Ecatepec, M\u00e9x.- En el Estado de M\u00e9xico respaldamos al 100 por ciento a la presidenta de M\u00e9xico, Claudia Sheinbaum Pardo, y hacemos eco al llamado de unidad y de no volver atr\u00e1s a un pasado de privilegios para unos cuantos, se\u00f1al\u00f3 Luz Mar\u00eda Hern\u00e1ndez, presidenta del Comit\u00e9 Ejecutivo Estatal de [&hellip;]<\/p>\n","protected":false},"author":14,"featured_media":694969,"comment_status":"open","ping_status":"open","sticky":false,"template":"","format":"standard","meta":{"_monsterinsights_skip_tracking":false,"_monsterinsights_sitenote_active":false,"_monsterinsights_sitenote_note":"","_monsterinsights_sitenote_category":0,"footnotes":""},"categories":[5],"tags":[],"class_list":["post-694967","post","type-post","status-publish","format-standard","has-post-thumbnail","hentry","category-estado-de-mexico"],"_links":{"self":[{"href":"https:\/\/www.diarioimagen.net\/index.php?rest_route=\/wp\/v2\/posts\/694967","targetHints":{"allow":["GET"]}}],"collection":[{"href":"https:\/\/www.diarioimagen.net\/index.php?rest_route=\/wp\/v2\/posts"}],"about":[{"href":"https:\/\/www.diarioimagen.net\/index.php?rest_route=\/wp\/v2\/types\/post"}],"author":[{"embeddable":true,"href":"https:\/\/www.diarioimagen.net\/index.php?rest_route=\/wp\/v2\/users\/14"}],"replies":[{"embeddable":true,"href":"https:\/\/www.diarioimagen.net\/index.php?rest_route=%2Fwp%2Fv2%2Fcomments&post=694967"}],"version-history":[{"count":1,"href":"https:\/\/www.diarioimagen.net\/index.php?rest_route=\/wp\/v2\/posts\/694967\/revisions"}],"predecessor-version":[{"id":694970,"href":"https:\/\/www.diarioimagen.net\/index.php?rest_route=\/wp\/v2\/posts\/694967\/revisions\/694970"}],"wp:featuredmedia":[{"embeddable":true,"href":"https:\/\/www.diarioimagen.net\/index.php?rest_route=\/wp\/v2\/media\/694969"}],"wp:attachment":[{"href":"https:\/\/www.diarioimagen.net\/index.php?rest_route=%2Fwp%2Fv2%2Fmedia&parent=694967"}],"wp:term":[{"taxonomy":"category","embeddable":true,"href":"https:\/\/www.diarioimagen.net\/index.php?rest_route=%2Fwp%2Fv2%2Fcategories&post=694967"},{"taxonomy":"post_tag","embeddable":true,"href":"https:\/\/www.diarioimagen.net\/index.php?rest_route=%2Fwp%2Fv2%2Ftags&post=694967"}],"curies":[{"name":"wp","href":"https:\/\/api.w.org\/{rel}","templated":true}]}}