{"id":695020,"date":"2025-11-24T00:34:45","date_gmt":"2025-11-24T06:34:45","guid":{"rendered":"https:\/\/www.diarioimagen.net\/?p=695020"},"modified":"2025-11-24T00:34:45","modified_gmt":"2025-11-24T06:34:45","slug":"solo-60-de-infecciones-por-vih-se-detecta-a-tiempo-en-mexico","status":"publish","type":"post","link":"https:\/\/www.diarioimagen.net\/?p=695020","title":{"rendered":"Solo 60% de infecciones por VIH se detecta a tiempo en M\u00e9xico"},"content":{"rendered":"<ul>\n<li><strong>A m\u00e1s de 44 a\u00f1os de los primeros casos documentados<\/strong><\/li>\n<li><strong>La cobertura de tratamientos Profilaxis Pre Exposici\u00f3n sigue siendo limitada <\/strong><\/li>\n<\/ul>\n<div id=\"attachment_695021\" style=\"width: 415px\" class=\"wp-caption alignnone\"><img loading=\"lazy\" decoding=\"async\" aria-describedby=\"caption-attachment-695021\" class=\"wp-image-695021 size-large\" src=\"https:\/\/www.diarioimagen.net\/wp-content\/uploads\/2025\/11\/VIH-405x270.jpeg\" alt=\"\" width=\"405\" height=\"270\" srcset=\"https:\/\/www.diarioimagen.net\/wp-content\/uploads\/2025\/11\/VIH-405x270.jpeg 405w, https:\/\/www.diarioimagen.net\/wp-content\/uploads\/2025\/11\/VIH-240x160.jpeg 240w, https:\/\/www.diarioimagen.net\/wp-content\/uploads\/2025\/11\/VIH-768x512.jpeg 768w, https:\/\/www.diarioimagen.net\/wp-content\/uploads\/2025\/11\/VIH-1536x1024.jpeg 1536w, https:\/\/www.diarioimagen.net\/wp-content\/uploads\/2025\/11\/VIH.jpeg 1575w\" sizes=\"auto, (max-width: 405px) 100vw, 405px\" \/><p id=\"caption-attachment-695021\" class=\"wp-caption-text\">M\u00e9xico atraviesa un momento cr\u00edtico en su lucha contra el VIH. Entre enero y septiembre de 2025 se confirmaron 12,088 nuevos contagios, cifra que supera el total de diagn\u00f3sticos de todo 2024, cuando se registraron 12,057 casos.<\/p><\/div>\n<p>A m\u00e1s de 44 a\u00f1os de los primeros casos documentados en el mundo, en M\u00e9xico, entre 14 mil y 17 mil nuevas infecciones por VIH se registran cada a\u00f1o, pero solo el 60% se diagnostica oportunamente.<\/p>\n<p>Para una prevenci\u00f3n m\u00e1s efectiva y una detecci\u00f3n oportuna se requerir\u00eda que cerca de 160 mil personas tuvieran tratamientos de Profilaxis Pre Exposici\u00f3n (PrEP) que previenen la transmisi\u00f3n del virus, sin embargo, la cifra nacional de quienes toman estos medicamentos alcanza a cerca de 30 mil personas.<\/p>\n<p>Adem\u00e1s, m\u00e1s o menos una de cada cinco personas que vive con VIH no lo sabe. En cambio, de los casos detectados y diagnosticados, aproximadamente el 90% recibe tratamiento antirretroviral y de estos, hasta el 95 % alcanzan la supresi\u00f3n viral, es decir, que el virus se vuelve indetectable e intransmisible.<\/p>\n<p>Ante los pendientes que a\u00fan persisten y la necesidad de acercar mayor informaci\u00f3n, diversas organizaciones pusieron en marcha la iniciativa Red de Respuesta al VIH. Adem\u00e1s, resulta indispensable combatir el estigma que sigue vigente en M\u00e9xico, incluso en los servicios de salud, lo que redundar\u00eda en un aumento del acceso al diagn\u00f3stico, se\u00f1ala en entrevista Rodrigo Moheno, de la Fundaci\u00f3n M\u00e9xico Vivo.<\/p>\n<p>El especialista, cofundador y asamble\u00edsta del Consejo Ciudadano para VIH e ITS de la Ciudad de M\u00e9xico, explica que en el pa\u00eds se calcula que viven entre 380 mil y 400 mil personas con el virus. En tanto, hasta ahora la cifra nacional de acceso a PrEP llega solo a 30 mil, la mayor\u00eda se concentra en Ciudad de M\u00e9xico por la Cl\u00ednica Condesa.<\/p>\n<p>El indicador que tiene que ver con discrimaci\u00f3n est\u00e1 relacionado con que en M\u00e9xico prevalece un alto estigma hacia el virus en la sociedad en general y particularmente en los servicios de salud sigue representando una barrera, pese a que existen todos los avances biom\u00e9dicos para prevenir la transmisi\u00f3n.<\/p>\n<p>Esto impacta directamente en el 20% de personas que no tienen un diagn\u00f3stico, porque no saben d\u00f3nde acceder a un servicio gratuito y porque no se llega a ciertas poblaciones, lo cual se lograr\u00eda sacando el diagn\u00f3stico de VIH de los servicios tradicionales.<\/p>\n<p>Por ejemplo, en las consultas de salud materna no se le hace la prueba a todas las mujeres embarazadas, por lo que persiste la transmisi\u00f3n vertical. Por otro lado, es necesario acercar las pruebas diagn\u00f3sticas a diferentes espacios, como organizaciones comunitarias cercanas a poblaciones prioritarias, que han mostrado una alta eficacia en ello.<\/p>\n<p>A esto se suma que aunque M\u00e9xico cuenta con servicios de salud que comienzan su tratamiento en 5 o 7 d\u00edas, hay otros en los que inicia despu\u00e9s de tres o cinco meses. Esto, mientras las mejores pr\u00e1cticas de los pa\u00edses que han logrado las metas de prevenci\u00f3n, diagn\u00f3stico y atenci\u00f3n, indican que el tratamiento se inicia el mismo d\u00eda.<\/p>\n<p>&nbsp;<\/p>\n<p><strong>Repunte hist\u00f3rico de VIH<\/strong><\/p>\n<p>&nbsp;<\/p>\n<p>M\u00e9xico atraviesa un momento cr\u00edtico en su lucha contra el VIH. Entre enero y septiembre de 2025 se confirmaron 12,088 nuevos contagios, cifra que supera el total de diagn\u00f3sticos de todo 2024, cuando se registraron 12,057 casos.<\/p>\n<p>El ritmo de transmisi\u00f3n equivale a casi 500 infecciones semanales, un repunte considerado hist\u00f3rico por especialistas en salud p\u00fablica que alerta sobre fallas en la detecci\u00f3n temprana, desigualdades en la atenci\u00f3n y persistencia del estigma social.<\/p>\n<p>El Estado de M\u00e9xico, Veracruz y Ciudad de M\u00e9xico encabezan la lista de entidades m\u00e1s afectadas, pero el aumento se extiende a casi todo el pa\u00eds, lo que obliga a una respuesta sanitaria inmediata y coordinada.<\/p>\n<p>Las cifras oficiales confirman que la epidemia de VIH se ha acelerado en M\u00e9xico durante 2025. Con 12,088 diagn\u00f3sticos en apenas nueve meses, el pa\u00eds super\u00f3 la marca de todo el a\u00f1o anterior y enfrenta una curva ascendente que amenaza con cerrar el a\u00f1o con cifras r\u00e9cord.<\/p>\n<p>El Estado de M\u00e9xico concentra la mayor carga con 1,542 casos confirmados, seguido por Veracruz, con 1,160, y la Ciudad de M\u00e9xico, que acumula 865 diagn\u00f3sticos. El repunte tambi\u00e9n es notorio en Quintana Roo (762), Jalisco (664), Baja California (493) y Guanajuato (474). Sin embargo, la alerta no se limita a estas regiones: entidades como Yucat\u00e1n, Tabasco, Tamaulipas, San Luis Potos\u00ed, Quer\u00e9taro, Puebla, Nuevo Le\u00f3n, Hidalgo y Guerrero presentan incrementos sostenidos, lo que revela que el fen\u00f3meno no es aislado, sino de alcance nacional.<\/p>\n<p>&nbsp;<\/p>\n<p><strong>Causas del repunte en contagios<\/strong><\/p>\n<p>&nbsp;<\/p>\n<p>El repunte actual es el resultado de varios factores que, combinados, han debilitado el control de la epidemia. Uno de ellos es la baja percepci\u00f3n de riesgo en amplios sectores de la poblaci\u00f3n, que minimizan la posibilidad de infecci\u00f3n y retrasan la realizaci\u00f3n de pruebas. A este escenario se suma el estigma social, que sigue siendo una barrera poderosa: muchas personas evitan acudir a servicios de salud por temor a la discriminaci\u00f3n en sus entornos laborales, escolares o familiares.<\/p>\n<p>La cobertura desigual de pruebas r\u00e1pidas y de diagn\u00f3stico oportuno agrava la situaci\u00f3n. Aunque la Secretar\u00eda de Salud ha desplegado campa\u00f1as de detecci\u00f3n, en comunidades rurales y zonas marginadas la oferta es insuficiente, lo que aumenta el n\u00famero de diagn\u00f3sticos en etapas avanzadas.<\/p>\n<p>A esto se suman las desigualdades entre entidades federativas. Mientras algunos estados cuentan con infraestructura hospitalaria y programas de seguimiento, otros enfrentan limitaciones serias para garantizar acceso oportuno al tratamiento antirretroviral y al monitoreo de carga viral. La falta de servicios de apoyo psicosocial tambi\u00e9n compromete la adherencia al tratamiento, un aspecto clave para contener la epidemia.<\/p>\n<p><strong>\u00a0<\/strong><\/p>\n<p>&nbsp;<\/p>\n<p>&nbsp;<\/p>\n","protected":false},"excerpt":{"rendered":"<p>A m\u00e1s de 44 a\u00f1os de los primeros casos documentados La cobertura de tratamientos Profilaxis Pre Exposici\u00f3n sigue siendo limitada A m\u00e1s de 44 a\u00f1os de los primeros casos documentados en el mundo, en M\u00e9xico, entre 14 mil y 17 mil nuevas infecciones por VIH se registran cada a\u00f1o, pero solo el 60% se diagnostica [&hellip;]<\/p>\n","protected":false},"author":14,"featured_media":695021,"comment_status":"open","ping_status":"open","sticky":false,"template":"","format":"standard","meta":{"_monsterinsights_skip_tracking":false,"_monsterinsights_sitenote_active":false,"_monsterinsights_sitenote_note":"","_monsterinsights_sitenote_category":0,"footnotes":""},"categories":[16,877],"tags":[],"class_list":["post-695020","post","type-post","status-publish","format-standard","has-post-thumbnail","hentry","category-destacadas","category-salud"],"_links":{"self":[{"href":"https:\/\/www.diarioimagen.net\/index.php?rest_route=\/wp\/v2\/posts\/695020","targetHints":{"allow":["GET"]}}],"collection":[{"href":"https:\/\/www.diarioimagen.net\/index.php?rest_route=\/wp\/v2\/posts"}],"about":[{"href":"https:\/\/www.diarioimagen.net\/index.php?rest_route=\/wp\/v2\/types\/post"}],"author":[{"embeddable":true,"href":"https:\/\/www.diarioimagen.net\/index.php?rest_route=\/wp\/v2\/users\/14"}],"replies":[{"embeddable":true,"href":"https:\/\/www.diarioimagen.net\/index.php?rest_route=%2Fwp%2Fv2%2Fcomments&post=695020"}],"version-history":[{"count":1,"href":"https:\/\/www.diarioimagen.net\/index.php?rest_route=\/wp\/v2\/posts\/695020\/revisions"}],"predecessor-version":[{"id":695022,"href":"https:\/\/www.diarioimagen.net\/index.php?rest_route=\/wp\/v2\/posts\/695020\/revisions\/695022"}],"wp:featuredmedia":[{"embeddable":true,"href":"https:\/\/www.diarioimagen.net\/index.php?rest_route=\/wp\/v2\/media\/695021"}],"wp:attachment":[{"href":"https:\/\/www.diarioimagen.net\/index.php?rest_route=%2Fwp%2Fv2%2Fmedia&parent=695020"}],"wp:term":[{"taxonomy":"category","embeddable":true,"href":"https:\/\/www.diarioimagen.net\/index.php?rest_route=%2Fwp%2Fv2%2Fcategories&post=695020"},{"taxonomy":"post_tag","embeddable":true,"href":"https:\/\/www.diarioimagen.net\/index.php?rest_route=%2Fwp%2Fv2%2Ftags&post=695020"}],"curies":[{"name":"wp","href":"https:\/\/api.w.org\/{rel}","templated":true}]}}