{"id":695674,"date":"2025-11-24T21:26:33","date_gmt":"2025-11-25T03:26:33","guid":{"rendered":"https:\/\/www.diarioimagen.net\/?p=695674"},"modified":"2025-11-24T21:26:33","modified_gmt":"2025-11-25T03:26:33","slug":"entrega-el-suteym-naucalpan-becas-a-los-hijos-de-trabajadores","status":"publish","type":"post","link":"https:\/\/www.diarioimagen.net\/?p=695674","title":{"rendered":"Entrega el SUTEyM Naucalpan  becas a los hijos de trabajadores\u00a0"},"content":{"rendered":"<ul>\n<li><strong>Compromiso de mantener la unidad<\/strong><\/li>\n<\/ul>\n<div id=\"attachment_695675\" style=\"width: 435px\" class=\"wp-caption alignnone\"><img loading=\"lazy\" decoding=\"async\" aria-describedby=\"caption-attachment-695675\" class=\"wp-image-695675 size-large\" src=\"https:\/\/www.diarioimagen.net\/wp-content\/uploads\/2025\/11\/BAENA-3-ok-15-425x270.jpg\" alt=\"\" width=\"425\" height=\"270\" srcset=\"https:\/\/www.diarioimagen.net\/wp-content\/uploads\/2025\/11\/BAENA-3-ok-15-425x270.jpg 425w, https:\/\/www.diarioimagen.net\/wp-content\/uploads\/2025\/11\/BAENA-3-ok-15-240x152.jpg 240w, https:\/\/www.diarioimagen.net\/wp-content\/uploads\/2025\/11\/BAENA-3-ok-15-768x488.jpg 768w, https:\/\/www.diarioimagen.net\/wp-content\/uploads\/2025\/11\/BAENA-3-ok-15.jpg 1500w\" sizes=\"auto, (max-width: 425px) 100vw, 425px\" \/><p id=\"caption-attachment-695675\" class=\"wp-caption-text\">Tom\u00e1s Palomares Parra, secretario general del SUTEyM secci\u00f3n Naucalpan, entreg\u00f3 becas para primaria, secundaria y universidad.<\/p><\/div>\n<p>&nbsp;<\/p>\n<p>Por Arturo Baena<\/p>\n<p>&nbsp;<\/p>\n<p>Naucalpan, M\u00e9x.- \u201cGracias al esfuerzo de todas y todos ustedes, gozamos de las mejores prestaciones y eso nos enorgullece. Por ese motivo con la entrega de becas que hoy est\u00e1n recibiendo, los exhorto a seguir educando de la mejor manera a sus hijos, para poder enfrentar sus retos futuros\u201d.<\/p>\n<p>&nbsp;<\/p>\n<p>As\u00ed lo expres\u00f3 el doctor en Derecho, Tom\u00e1s Palomares Parra, secretario general del SUTEyM secci\u00f3n Naucalpan, al hacer entrega de becas para primaria, secundaria y universidad, al tiempo de reconocer la constancia y dedicaci\u00f3n de los hijos de los trabajadores de esta organizaci\u00f3n sindical.<\/p>\n<p>&nbsp;<\/p>\n<p>Destac\u00f3 que \u201cla educaci\u00f3n es un gran instrumento en la vida que transforma y ayuda a alcanzar metas, logros y sue\u00f1os, ampliando cualquier panorama que se presente en su camino\u201d, dijo.<\/p>\n<p>&nbsp;<\/p>\n<p>Los servidores p\u00fablicos municipales acompa\u00f1ados de sus hijos, agradecieron al secretario general en el estado de M\u00e9xico, Herminio Cahue Calder\u00f3n, a Tom\u00e1s Palomares, a David Parra y a los miembros del comit\u00e9 seccional del SUTEyM local, esa prestaci\u00f3n, toda vez que dicha prestaci\u00f3n ayudar\u00e1 a la educaci\u00f3n de sus hijos.<\/p>\n<p>&nbsp;<\/p>\n<p>La entrega de becas se desarroll\u00f3 en la explanada del Palacio Municipal y ah\u00ed el l\u00edder sindical reiter\u00f3 su compromiso de mantener la unidad de la clase trabajadora para el fortalecimiento de ese importante gremio sindical.<\/p>\n<p>&nbsp;<\/p>\n<p>Finalmente, el l\u00edder moral David Parra invit\u00f3 a cuidar el n\u00facleo familiar y \u201cbuscar con la educaci\u00f3n tener hijos m\u00e1s felices para generar un M\u00e9xico mejor\u201d.<\/p>\n<p>&nbsp;<\/p>\n<p>&nbsp;<\/p>\n","protected":false},"excerpt":{"rendered":"<p>Compromiso de mantener la unidad &nbsp; Por Arturo Baena &nbsp; Naucalpan, M\u00e9x.- \u201cGracias al esfuerzo de todas y todos ustedes, gozamos de las mejores prestaciones y eso nos enorgullece. Por ese motivo con la entrega de becas que hoy est\u00e1n recibiendo, los exhorto a seguir educando de la mejor manera a sus hijos, para poder [&hellip;]<\/p>\n","protected":false},"author":14,"featured_media":695675,"comment_status":"open","ping_status":"open","sticky":false,"template":"","format":"standard","meta":{"_monsterinsights_skip_tracking":false,"_monsterinsights_sitenote_active":false,"_monsterinsights_sitenote_note":"","_monsterinsights_sitenote_category":0,"footnotes":""},"categories":[5],"tags":[],"class_list":["post-695674","post","type-post","status-publish","format-standard","has-post-thumbnail","hentry","category-estado-de-mexico"],"_links":{"self":[{"href":"https:\/\/www.diarioimagen.net\/index.php?rest_route=\/wp\/v2\/posts\/695674","targetHints":{"allow":["GET"]}}],"collection":[{"href":"https:\/\/www.diarioimagen.net\/index.php?rest_route=\/wp\/v2\/posts"}],"about":[{"href":"https:\/\/www.diarioimagen.net\/index.php?rest_route=\/wp\/v2\/types\/post"}],"author":[{"embeddable":true,"href":"https:\/\/www.diarioimagen.net\/index.php?rest_route=\/wp\/v2\/users\/14"}],"replies":[{"embeddable":true,"href":"https:\/\/www.diarioimagen.net\/index.php?rest_route=%2Fwp%2Fv2%2Fcomments&post=695674"}],"version-history":[{"count":1,"href":"https:\/\/www.diarioimagen.net\/index.php?rest_route=\/wp\/v2\/posts\/695674\/revisions"}],"predecessor-version":[{"id":695676,"href":"https:\/\/www.diarioimagen.net\/index.php?rest_route=\/wp\/v2\/posts\/695674\/revisions\/695676"}],"wp:featuredmedia":[{"embeddable":true,"href":"https:\/\/www.diarioimagen.net\/index.php?rest_route=\/wp\/v2\/media\/695675"}],"wp:attachment":[{"href":"https:\/\/www.diarioimagen.net\/index.php?rest_route=%2Fwp%2Fv2%2Fmedia&parent=695674"}],"wp:term":[{"taxonomy":"category","embeddable":true,"href":"https:\/\/www.diarioimagen.net\/index.php?rest_route=%2Fwp%2Fv2%2Fcategories&post=695674"},{"taxonomy":"post_tag","embeddable":true,"href":"https:\/\/www.diarioimagen.net\/index.php?rest_route=%2Fwp%2Fv2%2Ftags&post=695674"}],"curies":[{"name":"wp","href":"https:\/\/api.w.org\/{rel}","templated":true}]}}