{"id":695856,"date":"2025-11-25T21:37:09","date_gmt":"2025-11-26T03:37:09","guid":{"rendered":"https:\/\/www.diarioimagen.net\/?p=695856"},"modified":"2025-11-25T21:37:09","modified_gmt":"2025-11-26T03:37:09","slug":"vienen-4-meses-de-bajas-temperaturas-bajas","status":"publish","type":"post","link":"https:\/\/www.diarioimagen.net\/?p=695856","title":{"rendered":"Vienen 4 meses de bajas temperaturas bajas"},"content":{"rendered":"<ul>\n<li><strong>Llega el frente fr\u00edo 16<\/strong><\/li>\n<\/ul>\n<div id=\"attachment_695865\" style=\"width: 378px\" class=\"wp-caption alignnone\"><img loading=\"lazy\" decoding=\"async\" aria-describedby=\"caption-attachment-695865\" class=\"wp-image-695865 size-large\" src=\"https:\/\/www.diarioimagen.net\/wp-content\/uploads\/2025\/11\/FRIO-368x270.jpg\" alt=\"\" width=\"368\" height=\"270\" srcset=\"https:\/\/www.diarioimagen.net\/wp-content\/uploads\/2025\/11\/FRIO-368x270.jpg 368w, https:\/\/www.diarioimagen.net\/wp-content\/uploads\/2025\/11\/FRIO-240x176.jpg 240w, https:\/\/www.diarioimagen.net\/wp-content\/uploads\/2025\/11\/FRIO-768x564.jpg 768w, https:\/\/www.diarioimagen.net\/wp-content\/uploads\/2025\/11\/FRIO-90x65.jpg 90w, https:\/\/www.diarioimagen.net\/wp-content\/uploads\/2025\/11\/FRIO.jpg 1386w\" sizes=\"auto, (max-width: 368px) 100vw, 368px\" \/><p id=\"caption-attachment-695865\" class=\"wp-caption-text\">En esta temporada, la poblaci\u00f3n est\u00e1 propensa a enfermarse de las vi\u0301as respiratorias y contraer gripe, influenza o Covid-19 entre otras por eso se pide vacunarse.<\/p><\/div>\n<p>A pesar de que en algunas zonas del territorio nacional se percibe calor, la temporada fuerte de frentes fr\u00edos y sistemas invernales lleg\u00f3, por ello se recomienda a la poblaci\u00f3n del norte y centro del pa\u00eds.<\/p>\n<p>\u200bEn la previsi\u00f3n general, el Servicio Meteorol\u00f3gico Nacional (SMN) inform\u00f3 que se podr\u00edan presentar un total de 48 sistemas frontales durante la temporada. El primer frente fr\u00edo del periodo 2024-2025 se registr\u00f3 a finales de agosto, desde entonces,<\/p>\n<p>\u200bDurante este a\u00f1o se esperan m\u00e1s de la mitad de los frentes fr\u00edos que se podr\u00edan presentar durante la temporada. El SMN indic\u00f3 que en 2025 podr\u00edan llegar a M\u00e9xico 27 sistemas.<\/p>\n<p>&nbsp;<\/p>\n<p><strong>\u00bfQu\u00e9 es un frente fr\u00edo?<\/strong><\/p>\n<p>&nbsp;<\/p>\n<p>Un frente fr\u00edo es el choque de dos masas de aire, una fr\u00eda y una c\u00e1lida, que provoca la formaci\u00f3n de tormentas severas y eventos de Norte, de acuerdo con el Centro Nacional de Prevenci\u00f3n de Desastres (Cenapred).<\/p>\n<p>Seg\u00fan el pron\u00f3stico presentado en septiembre por la ex coordinadora general del SMN, Alejandra M\u00e9ndez Gir\u00f3n, la distribuci\u00f3n de frentes fr\u00edos es la siguiente:<\/p>\n<p>As\u00ed, se espera que febrero sea el tercer mes con m\u00e1s frentes fr\u00edos de la temporada, con siete sistemas. En los primeros lugares estuvieron diciembre y enero, con ocho fen\u00f3menos cada uno.<\/p>\n<p><strong>\u00a0<\/strong><\/p>\n<p><strong>Efectos de un frente fr\u00edo<\/strong><\/p>\n<p>&nbsp;<\/p>\n<p>Este tipo de fen\u00f3menos suelen ocasionar un marcado descenso de temperatura, viento fuerte, lluvias intensas, heladas y nevadas, debido a las masas de aire fr\u00edo que llegan al territorio.<\/p>\n<p>La regi\u00f3n del pa\u00eds m\u00e1s afectada es el norte del pa\u00eds, sin embargo, si las masas de aire fr\u00edo son intensas, tambi\u00e9n pueden ocasionar nevadas de algunos lugares del centro, oriente y occidente, indic\u00f3 el SMN.<\/p>\n<p>\u200b\u00bfQu\u00e9 estados son m\u00e1s afectados por los frentes fr\u00edos?<\/p>\n<p>El SMN se\u00f1al\u00f3 que, de forma hist\u00f3rica, los estados que presentan mayores descensos de temperatura durante la temporada de frentes fr\u00edos son:<\/p>\n<p>&nbsp;<\/p>\n<ul>\n<li>Chihuahua<\/li>\n<li>Durango<\/li>\n<li>Zacatecas<\/li>\n<li>Tlaxcala<\/li>\n<li>Estado de M\u00e9xico<\/li>\n<li>Puebla<\/li>\n<li>Ciudad de M\u00e9xico<\/li>\n<\/ul>\n<p>&nbsp;<\/p>\n<p>&nbsp;<\/p>\n<p>Cuidados en temporada de fri\u0301o<\/p>\n<p>&nbsp;<\/p>\n<p>&nbsp;<\/p>\n<p>La temporada de fri\u0301o tiene una duracio\u0301n de 4 meses y termina a mediados de marzo.<\/p>\n<p>&nbsp;<\/p>\n<p>En esta temporada , la poblaci\u00f3n est\u00e1 propensa a enfermarse de las vi\u0301as respiratorias y contraer gripe, influenza o Covid-19 entre otras; dentro de los grupos que son ma\u0301s susceptibles a enfermarse se encuentran los nin\u0303os menores de 5 an\u0303os.<\/p>\n<p>Por eso se pide tener en cuenta las siguientes acciones, no solo para tus hijos e hijas, sino para ti y tu familia:<\/p>\n<ul>\n<li>Evita cambios bruscos de temperatura y corrientes de aire.<\/li>\n<li>Si vas a salir de un lugar caliente, cubre tu boca y nariz, para evitar respirar el aire fri\u0301o.<\/li>\n<li>Abri\u0301gate bien, utiliza gorro, guantes, bufanda solo en nin\u0303os de 2 o ma\u0301s an\u0303os (cubriendo principalmente nariz y boca) y calcetines gruesos.<\/li>\n<li>Consume gran variedad de frutas y verduras para mejorar las defensas de tu cuerpo.<\/li>\n<li>Cuando estornudes, utiliza un pan\u0303uelo desechable o cu\u0301brete con el a\u0301ngulo interno del brazo.<\/li>\n<li>Lava las manos a menudo con agua y jabo\u0301n, especialmente despue\u0301s de estornudar o toser y al regresar de la calle.<\/li>\n<li>Evita tocarte los ojos, la nariz y la boca con las manos sucias, ya que son la vi\u0301a de entrada de virus al cuerpo.<\/li>\n<li>Si el fri\u0301o es muy extremo permanece en casa y procura salir solamente si es necesario y recuerda usar ropa gruesa.<\/li>\n<li>Usa suficientes cobijas durante la noche, que es cuando ma\u0301s baja la temperatura.<\/li>\n<li>No saludes de mano o beso.<\/li>\n<li>Vacunate contra la Influenza y Covid (en caso de nin\u0303os mayores de 5 an\u0303os).<\/li>\n<li>Limpia y desinfecta manijas, tele\u0301fonos u objetos de uso compartido para disminuir los contagios.<\/li>\n<li>Consume li\u0301quidos en abundancia.<\/li>\n<li>Si tienes si\u0301ntomas respiratorios (friebre, tos, gripa, etc.) no te auto mediques, acude a tu me\u0301dico para prevenir complicaciones.<\/li>\n<li><\/li>\n<\/ul>\n<p><strong>\u00a0<\/strong><\/p>\n<p>&nbsp;<\/p>\n","protected":false},"excerpt":{"rendered":"<p>Llega el frente fr\u00edo 16 A pesar de que en algunas zonas del territorio nacional se percibe calor, la temporada fuerte de frentes fr\u00edos y sistemas invernales lleg\u00f3, por ello se recomienda a la poblaci\u00f3n del norte y centro del pa\u00eds. \u200bEn la previsi\u00f3n general, el Servicio Meteorol\u00f3gico Nacional (SMN) inform\u00f3 que se podr\u00edan presentar [&hellip;]<\/p>\n","protected":false},"author":14,"featured_media":695865,"comment_status":"open","ping_status":"open","sticky":false,"template":"","format":"standard","meta":{"_monsterinsights_skip_tracking":false,"_monsterinsights_sitenote_active":false,"_monsterinsights_sitenote_note":"","_monsterinsights_sitenote_category":0,"footnotes":""},"categories":[3],"tags":[],"class_list":["post-695856","post","type-post","status-publish","format-standard","has-post-thumbnail","hentry","category-nacional"],"_links":{"self":[{"href":"https:\/\/www.diarioimagen.net\/index.php?rest_route=\/wp\/v2\/posts\/695856","targetHints":{"allow":["GET"]}}],"collection":[{"href":"https:\/\/www.diarioimagen.net\/index.php?rest_route=\/wp\/v2\/posts"}],"about":[{"href":"https:\/\/www.diarioimagen.net\/index.php?rest_route=\/wp\/v2\/types\/post"}],"author":[{"embeddable":true,"href":"https:\/\/www.diarioimagen.net\/index.php?rest_route=\/wp\/v2\/users\/14"}],"replies":[{"embeddable":true,"href":"https:\/\/www.diarioimagen.net\/index.php?rest_route=%2Fwp%2Fv2%2Fcomments&post=695856"}],"version-history":[{"count":1,"href":"https:\/\/www.diarioimagen.net\/index.php?rest_route=\/wp\/v2\/posts\/695856\/revisions"}],"predecessor-version":[{"id":695876,"href":"https:\/\/www.diarioimagen.net\/index.php?rest_route=\/wp\/v2\/posts\/695856\/revisions\/695876"}],"wp:featuredmedia":[{"embeddable":true,"href":"https:\/\/www.diarioimagen.net\/index.php?rest_route=\/wp\/v2\/media\/695865"}],"wp:attachment":[{"href":"https:\/\/www.diarioimagen.net\/index.php?rest_route=%2Fwp%2Fv2%2Fmedia&parent=695856"}],"wp:term":[{"taxonomy":"category","embeddable":true,"href":"https:\/\/www.diarioimagen.net\/index.php?rest_route=%2Fwp%2Fv2%2Fcategories&post=695856"},{"taxonomy":"post_tag","embeddable":true,"href":"https:\/\/www.diarioimagen.net\/index.php?rest_route=%2Fwp%2Fv2%2Ftags&post=695856"}],"curies":[{"name":"wp","href":"https:\/\/api.w.org\/{rel}","templated":true}]}}