{"id":695944,"date":"2025-11-25T21:55:51","date_gmt":"2025-11-26T03:55:51","guid":{"rendered":"https:\/\/www.diarioimagen.net\/?p=695944"},"modified":"2025-11-25T21:55:51","modified_gmt":"2025-11-26T03:55:51","slug":"invita-la-rectora-zarza-delgado-a-llevar-a-la-uaemex-a-la-sociedad","status":"publish","type":"post","link":"https:\/\/www.diarioimagen.net\/?p=695944","title":{"rendered":"Invita la rectora Zarza Delgado  a llevar a la UAEM\u00e9x a la sociedad  \u00a0"},"content":{"rendered":"<p><strong>\u00a0<\/strong><\/p>\n<ul>\n<li><strong>Presidi\u00f3 la inauguraci\u00f3n del Programa \u201cC\u00e1tedras Abiertas\u201d, que tiene como prop\u00f3sito compartir el conocimiento y pensamiento cr\u00edtico <\/strong><\/li>\n<\/ul>\n<p><strong>\u00a0<\/strong><\/p>\n<div id=\"attachment_695945\" style=\"width: 415px\" class=\"wp-caption alignnone\"><img loading=\"lazy\" decoding=\"async\" aria-describedby=\"caption-attachment-695945\" class=\"wp-image-695945 size-large\" src=\"https:\/\/www.diarioimagen.net\/wp-content\/uploads\/2025\/11\/UAEM-1-OK-1-405x270.jpg\" alt=\"\" width=\"405\" height=\"270\" srcset=\"https:\/\/www.diarioimagen.net\/wp-content\/uploads\/2025\/11\/UAEM-1-OK-1-405x270.jpg 405w, https:\/\/www.diarioimagen.net\/wp-content\/uploads\/2025\/11\/UAEM-1-OK-1-240x160.jpg 240w, https:\/\/www.diarioimagen.net\/wp-content\/uploads\/2025\/11\/UAEM-1-OK-1-768x512.jpg 768w, https:\/\/www.diarioimagen.net\/wp-content\/uploads\/2025\/11\/UAEM-1-OK-1-1536x1023.jpg 1536w, https:\/\/www.diarioimagen.net\/wp-content\/uploads\/2025\/11\/UAEM-1-OK-1.jpg 1575w\" sizes=\"auto, (max-width: 405px) 100vw, 405px\" \/><p id=\"caption-attachment-695945\" class=\"wp-caption-text\">Martha Patricia Zarza Delgado presidi\u00f3 la inauguraci\u00f3n del Programa \u201cC\u00e1tedras Abiertas\u201d, que tiene como prop\u00f3sito compartir el conocimiento y pensamiento cr\u00edtico para la construcci\u00f3n de sociedades m\u00e1s participativas, justas e informadas.<\/p><\/div>\n<p><strong>\u00a0<\/strong><\/p>\n<p>Toluca, M\u00e9x.- La rectora de la Universidad Aut\u00f3noma del Estado de M\u00e9xico (UAEM\u00e9x), Martha Patricia Zarza Delgado, presidi\u00f3 la inauguraci\u00f3n del Programa \u201cC\u00e1tedras Abiertas\u201d, que tiene como prop\u00f3sito compartir el conocimiento y pensamiento cr\u00edtico para la construcci\u00f3n de sociedades m\u00e1s participativas, justas e informadas.<\/p>\n<p>En compa\u00f1\u00eda de la titular del \u00d3rgano Superior de Fiscalizaci\u00f3n del Estado de M\u00e9xico (OSFEM), Liliana D\u00e1valos Ham; el secretario Acad\u00e9mico de la UAEM\u00e9x, Francisco Herrera Tapia, y la consejera Jur\u00eddica Universitaria, Evangelina Sales S\u00e1nchez, Zarza Delgado coment\u00f3 que este programa constituye una invitaci\u00f3n para expandir el conocimiento, donde la ciencia, la cultura y el pensamiento cr\u00edtico estar\u00e1n al alcance de todas y todos.<\/p>\n<p>En el Auditorio \u201cJuana de Asbaje\u201d de la Biblioteca Central, puntualiz\u00f3 que el contexto actual exige soluciones y respuestas concretas para enfrentar sus desaf\u00edos, por lo que la Aut\u00f3noma mexiquense generar\u00e1 un espacio permanente de intercambio, donde expertas y expertos compartir\u00e1n los avances cient\u00edficos y human\u00edsticos para articularlos con el estudiantado, comunidad egresada y general, a fin de encaminarlos a tareas y objetivos en temas de inter\u00e9s y beneficio social.<\/p>\n<p>Patricia Zarza detall\u00f3 que para la Transformaci\u00f3n Universitaria la ciencia s\u00f3lo cobra sentido cuando es compartida; por ello, democratizar el acceso al conocimiento, usar herramientas digitales abiertas y promover la transparencia en el quehacer acad\u00e9mico es parte del compromiso \u00e9tico de esta instituci\u00f3n p\u00fablica, que se debe a su sociedad.<\/p>\n<p>\u201cLes invito a llevar a la UAEM\u00e9x a la sociedad. Hagamos de este nuevo programa un eje de la transformaci\u00f3n, en el que construyamos una instituci\u00f3n de puertas abiertas que comparte, escucha, propone y genera alternativas para nuestros desaf\u00edos comunes\u201d, expres\u00f3.<\/p>\n<p>Por su parte, D\u00e1valos Ham resalt\u00f3 que este acto representa un momento significativo para la vida acad\u00e9mica y su vinculaci\u00f3n con la sociedad, pues abre un espacio genuino para compartir, circular, transformar y democratizar el conocimiento, colocando a la educaci\u00f3n como una herramienta viva, din\u00e1mica y accesible para todas y todos.<\/p>\n<p>En este sentido, puntualiz\u00f3 que la UAEM\u00e9x se convierte en un lugar inclusivo que promueve el pensamiento libre y cr\u00edtico, por lo que desde el OSFEM reconoce que estas acciones fortalecen la vida p\u00fablica, impulsan la transparencia, consolidan instituciones m\u00e1s s\u00f3lidas y forman ciudadan\u00edas m\u00e1s informadas, conscientes y participativas.<\/p>\n<p>Durante su intervenci\u00f3n, el secretario Acad\u00e9mico, Francisco Herrera Tapia, resalt\u00f3 que este programa responde al prop\u00f3sito de la rectora Patricia Zarza para la construcci\u00f3n de una universidad m\u00e1s incluyente, cercana y progresista, pues la ciencia se fortalece cuando se comparte y dialoga con su ciudadan\u00eda.<\/p>\n<p>Como parte de esta inauguraci\u00f3n, la profesora e investigadora del Centro Universitario UAEM Temascaltepec, Sherezada Esparza Jim\u00e9nez, imparti\u00f3 el primer tema de \u201cC\u00e1tedras Abiertas\u201d: \u201cManejo de suelos agr\u00edcolas\u201d, de la c\u00e1tedra \u201cProducci\u00f3n agr\u00edcola y pecuaria sostenible en el suroeste del Estado de M\u00e9xico\u201d.<\/p>\n<p>&nbsp;<\/p>\n<p>&nbsp;<\/p>\n<p><strong>\u00a0<\/strong><\/p>\n","protected":false},"excerpt":{"rendered":"<p>\u00a0 Presidi\u00f3 la inauguraci\u00f3n del Programa \u201cC\u00e1tedras Abiertas\u201d, que tiene como prop\u00f3sito compartir el conocimiento y pensamiento cr\u00edtico \u00a0 \u00a0 Toluca, M\u00e9x.- La rectora de la Universidad Aut\u00f3noma del Estado de M\u00e9xico (UAEM\u00e9x), Martha Patricia Zarza Delgado, presidi\u00f3 la inauguraci\u00f3n del Programa \u201cC\u00e1tedras Abiertas\u201d, que tiene como prop\u00f3sito compartir el conocimiento y pensamiento cr\u00edtico para [&hellip;]<\/p>\n","protected":false},"author":14,"featured_media":695945,"comment_status":"open","ping_status":"open","sticky":false,"template":"","format":"standard","meta":{"_monsterinsights_skip_tracking":false,"_monsterinsights_sitenote_active":false,"_monsterinsights_sitenote_note":"","_monsterinsights_sitenote_category":0,"footnotes":""},"categories":[16,5],"tags":[],"class_list":["post-695944","post","type-post","status-publish","format-standard","has-post-thumbnail","hentry","category-destacadas","category-estado-de-mexico"],"_links":{"self":[{"href":"https:\/\/www.diarioimagen.net\/index.php?rest_route=\/wp\/v2\/posts\/695944","targetHints":{"allow":["GET"]}}],"collection":[{"href":"https:\/\/www.diarioimagen.net\/index.php?rest_route=\/wp\/v2\/posts"}],"about":[{"href":"https:\/\/www.diarioimagen.net\/index.php?rest_route=\/wp\/v2\/types\/post"}],"author":[{"embeddable":true,"href":"https:\/\/www.diarioimagen.net\/index.php?rest_route=\/wp\/v2\/users\/14"}],"replies":[{"embeddable":true,"href":"https:\/\/www.diarioimagen.net\/index.php?rest_route=%2Fwp%2Fv2%2Fcomments&post=695944"}],"version-history":[{"count":1,"href":"https:\/\/www.diarioimagen.net\/index.php?rest_route=\/wp\/v2\/posts\/695944\/revisions"}],"predecessor-version":[{"id":695946,"href":"https:\/\/www.diarioimagen.net\/index.php?rest_route=\/wp\/v2\/posts\/695944\/revisions\/695946"}],"wp:featuredmedia":[{"embeddable":true,"href":"https:\/\/www.diarioimagen.net\/index.php?rest_route=\/wp\/v2\/media\/695945"}],"wp:attachment":[{"href":"https:\/\/www.diarioimagen.net\/index.php?rest_route=%2Fwp%2Fv2%2Fmedia&parent=695944"}],"wp:term":[{"taxonomy":"category","embeddable":true,"href":"https:\/\/www.diarioimagen.net\/index.php?rest_route=%2Fwp%2Fv2%2Fcategories&post=695944"},{"taxonomy":"post_tag","embeddable":true,"href":"https:\/\/www.diarioimagen.net\/index.php?rest_route=%2Fwp%2Fv2%2Ftags&post=695944"}],"curies":[{"name":"wp","href":"https:\/\/api.w.org\/{rel}","templated":true}]}}