{"id":696330,"date":"2025-11-27T21:17:20","date_gmt":"2025-11-28T03:17:20","guid":{"rendered":"https:\/\/www.diarioimagen.net\/?p=696330"},"modified":"2025-11-27T21:17:20","modified_gmt":"2025-11-28T03:17:20","slug":"sectur-celebra-esfuerzos-para-promover-el-turismo-comunitario-en-campeche","status":"publish","type":"post","link":"https:\/\/www.diarioimagen.net\/?p=696330","title":{"rendered":"Sectur celebra esfuerzos  para promover el turismo  comunitario en Campeche"},"content":{"rendered":"<p>&nbsp;<\/p>\n<ul>\n<li><strong>Motor de prosperidad compartida<\/strong><\/li>\n<li><strong>Espacio para articular la colaboraci\u00f3n entre los sectores p\u00fablico, privado, acad\u00e9mico y social<\/strong><\/li>\n<\/ul>\n<div id=\"attachment_696331\" style=\"width: 415px\" class=\"wp-caption alignnone\"><img loading=\"lazy\" decoding=\"async\" aria-describedby=\"caption-attachment-696331\" class=\"wp-image-696331 size-large\" src=\"https:\/\/www.diarioimagen.net\/wp-content\/uploads\/2025\/11\/SECTUR-ok-12-405x270.jpg\" alt=\"\" width=\"405\" height=\"270\" srcset=\"https:\/\/www.diarioimagen.net\/wp-content\/uploads\/2025\/11\/SECTUR-ok-12-405x270.jpg 405w, https:\/\/www.diarioimagen.net\/wp-content\/uploads\/2025\/11\/SECTUR-ok-12-240x160.jpg 240w, https:\/\/www.diarioimagen.net\/wp-content\/uploads\/2025\/11\/SECTUR-ok-12-768x513.jpg 768w, https:\/\/www.diarioimagen.net\/wp-content\/uploads\/2025\/11\/SECTUR-ok-12.jpg 1500w\" sizes=\"auto, (max-width: 405px) 100vw, 405px\" \/><p id=\"caption-attachment-696331\" class=\"wp-caption-text\">La secretaria de Turismo del gobierno federal, Josefina Rodr\u00edguez Zamora, particip\u00f3 en la toma de protesta de la Red de Promoci\u00f3n de Turismo Comunitario del Estado de Campeche<\/p><\/div>\n<p>La secretaria de Turismo del Gobierno de M\u00e9xico, Josefina Rodr\u00edguez Zamora, particip\u00f3 en la toma de protesta de la Red de Promoci\u00f3n de Turismo Comunitario del Estado de Campeche, un espacio dise\u00f1ado para articular la colaboraci\u00f3n entre los sectores p\u00fablico, privado, acad\u00e9mico y social, con el prop\u00f3sito de fortalecer el desarrollo sostenible de las comunidades tur\u00edsticas de la entidad.<\/p>\n<p>\u201cLas redes comunitarias, son justamente la esencia de nuestro pa\u00eds; son la base del turismo. Estas redes deben existir a\u00f1o con a\u00f1o, gobierno tras gobierno, con infraestructura, capacitaci\u00f3n, promoci\u00f3n y digitalizaci\u00f3n. Pr\u00f3ximamente \u2014gracias a que tenemos una Presidenta, una gobernadora y una secretaria que avanzan a un ritmo acelerado\u2014 podremos comercializar todas sus experiencias comunitarias\u201d, subray\u00f3.<\/p>\n<p>Acompa\u00f1ada por la gobernadora del estado, Layda Sansores San Rom\u00e1n, la titular de la Secretar\u00eda de Turismo (Sectur) destac\u00f3 que la conformaci\u00f3n de esta Red permitir\u00e1 consolidar procesos de promoci\u00f3n, capacitaci\u00f3n, infraestructura y competitividad, para que las comunidades fortalezcan sus proyectos y generen beneficios tangibles para su poblaci\u00f3n.<\/p>\n<p>\u201cHoy tenemos que sacar adelante este gran estado y darlo a conocer ante el mundo, as\u00ed como M\u00e9xico, que est\u00e1 de moda \u2014y no lo digo yo, no lo dice la Presidenta ni una secretaria, lo dicen los n\u00fameros\u2014: tenemos m\u00e1s turistas, s\u00ed; tenemos m\u00e1s visitantes, s\u00ed; tenemos mayor derrama econ\u00f3mica, s\u00ed. Pero tambi\u00e9n tenemos una palabra \u00fanica que caracteriza a este gobierno humanista: prosperidad compartida. Y eso es el turismo comunitario\u201d, manifest\u00f3.<\/p>\n<p>Por su parte, la Gobernadora de Campeche, Layda Sansores San Rom\u00e1n, reconoci\u00f3 la importancia de impulsar redes de turismo comunitario en la entidad, toda vez que este modelo representa \u201cel turismo m\u00e1s aut\u00e9ntico, aquel donde permanece la esencia cultural y natural de Campeche, y que permite redescubrir, pedazo a pedazo, un territorio que durante muchos a\u00f1os permaneci\u00f3 al margen, pero que hoy vive una nueva etapa\u201d.<\/p>\n<p>Asimismo, celebr\u00f3 la participaci\u00f3n de las comunidades que integran esta nueva Red y reconoci\u00f3 el trabajo conjunto que realizan con la Secretar\u00eda de Turismo para dar mayor visibilidad al estado y fortalecer su desarrollo tur\u00edstico.<\/p>\n<p>Como parte de la gira de trabajo por el estado, Rodr\u00edguez Zamora y su hom\u00f3loga, Adda del Rub\u00ed Sol\u00eds Peniche, sostuvieron un encuentro con el sector tur\u00edstico de Ciudad del Carmen, con quienes llev\u00f3 a cabo un intercambio de ideas, propuestas y preocupaciones sobre los retos y oportunidades para consolidar al municipio como un referente de turismo sostenible y responsable en la regi\u00f3n.<\/p>\n<p>\u201cEste acercamiento fortaleci\u00f3 la coordinaci\u00f3n entre el Gobierno Federal y el Gobierno Estatal \u2014encabezados por la Presidenta Claudia Sheinbaum Pardo y la gobernadora Layda Sansores, respectivamente\u2014, creando un espacio de di\u00e1logo cercano con el sector empresarial para escuchar sus planteamientos, conocer sus necesidades y construir propuestas conjuntas que impulsen el desarrollo tur\u00edstico de la regi\u00f3n\u201d, declar\u00f3 la titular de Sectur.<\/p>\n<p>Como parte de esta gira de trabajo, Rodr\u00edguez Zamora recorri\u00f3 la Playa La Puntilla, un espacio que celebra la diversidad y el derecho de todas las personas a disfrutar del mar con rampas de acceso, sillas anfibias y personal capacitado que brinda apoyo a personas con discapacidad, adultos mayores y cualquier visitante que requiera asistencia, lo que -destac\u00f3- lo convierte en un referente de turismo inclusivo en M\u00e9xico.<\/p>\n<p>Tambi\u00e9n realiz\u00f3 un recorrido por la Laguna de T\u00e9rminos, donde pudo observar de primera mano la riqueza natural del \u00e1rea y la importancia de preservarla como un activo estrat\u00e9gico para el turismo, la biodiversidad y las comunidades que dependen de este ecosistema.<\/p>\n<p>La visita incluy\u00f3 tambi\u00e9n un recorrido por el Eco Parque Chuct\u00e9, un espacio emblem\u00e1tico de conservaci\u00f3n y educaci\u00f3n ambiental que refuerza el valor del patrimonio natural de Ciudad del Carmen, y el Pueblo M\u00e1gico de Isla Aguada, donde constat\u00f3 el potencial tur\u00edstico y comunitario de esta localidad costera.<\/p>\n<p><strong>\u00a0<\/strong><\/p>\n<p>&nbsp;<\/p>\n","protected":false},"excerpt":{"rendered":"<p>&nbsp; Motor de prosperidad compartida Espacio para articular la colaboraci\u00f3n entre los sectores p\u00fablico, privado, acad\u00e9mico y social La secretaria de Turismo del Gobierno de M\u00e9xico, Josefina Rodr\u00edguez Zamora, particip\u00f3 en la toma de protesta de la Red de Promoci\u00f3n de Turismo Comunitario del Estado de Campeche, un espacio dise\u00f1ado para articular la colaboraci\u00f3n entre [&hellip;]<\/p>\n","protected":false},"author":14,"featured_media":696331,"comment_status":"open","ping_status":"open","sticky":false,"template":"","format":"standard","meta":{"_monsterinsights_skip_tracking":false,"_monsterinsights_sitenote_active":false,"_monsterinsights_sitenote_note":"","_monsterinsights_sitenote_category":0,"footnotes":""},"categories":[11],"tags":[],"class_list":["post-696330","post","type-post","status-publish","format-standard","has-post-thumbnail","hentry","category-turismo"],"_links":{"self":[{"href":"https:\/\/www.diarioimagen.net\/index.php?rest_route=\/wp\/v2\/posts\/696330","targetHints":{"allow":["GET"]}}],"collection":[{"href":"https:\/\/www.diarioimagen.net\/index.php?rest_route=\/wp\/v2\/posts"}],"about":[{"href":"https:\/\/www.diarioimagen.net\/index.php?rest_route=\/wp\/v2\/types\/post"}],"author":[{"embeddable":true,"href":"https:\/\/www.diarioimagen.net\/index.php?rest_route=\/wp\/v2\/users\/14"}],"replies":[{"embeddable":true,"href":"https:\/\/www.diarioimagen.net\/index.php?rest_route=%2Fwp%2Fv2%2Fcomments&post=696330"}],"version-history":[{"count":1,"href":"https:\/\/www.diarioimagen.net\/index.php?rest_route=\/wp\/v2\/posts\/696330\/revisions"}],"predecessor-version":[{"id":696332,"href":"https:\/\/www.diarioimagen.net\/index.php?rest_route=\/wp\/v2\/posts\/696330\/revisions\/696332"}],"wp:featuredmedia":[{"embeddable":true,"href":"https:\/\/www.diarioimagen.net\/index.php?rest_route=\/wp\/v2\/media\/696331"}],"wp:attachment":[{"href":"https:\/\/www.diarioimagen.net\/index.php?rest_route=%2Fwp%2Fv2%2Fmedia&parent=696330"}],"wp:term":[{"taxonomy":"category","embeddable":true,"href":"https:\/\/www.diarioimagen.net\/index.php?rest_route=%2Fwp%2Fv2%2Fcategories&post=696330"},{"taxonomy":"post_tag","embeddable":true,"href":"https:\/\/www.diarioimagen.net\/index.php?rest_route=%2Fwp%2Fv2%2Ftags&post=696330"}],"curies":[{"name":"wp","href":"https:\/\/api.w.org\/{rel}","templated":true}]}}