{"id":696612,"date":"2025-12-01T00:52:28","date_gmt":"2025-12-01T06:52:28","guid":{"rendered":"https:\/\/www.diarioimagen.net\/?p=696612"},"modified":"2025-12-01T00:52:28","modified_gmt":"2025-12-01T06:52:28","slug":"volver-al-poder-del-ser-cuando-la-vida-moderna-nos-lleva-al-limite","status":"publish","type":"post","link":"https:\/\/www.diarioimagen.net\/?p=696612","title":{"rendered":"Volver al poder del ser: cuando la vida moderna nos lleva al l\u00edmite"},"content":{"rendered":"<p><strong>REGINA<\/strong><\/p>\n<p><strong>\u00a0<\/strong><\/p>\n<p><strong>\u00a0<\/strong><\/p>\n<p>&nbsp;<\/p>\n<p>&nbsp;<\/p>\n<p>En tiempos donde todo parece ir m\u00e1s r\u00e1pido que nuestra propia capacidad para comprenderlo, la sociedad vive un fen\u00f3meno silencioso pero profundo: el agotamiento colectivo. Hoy, millones de personas se encuentran atrapadas en una rutina que normaliza el estr\u00e9s, glorifica la productividad extrema y maquilla el malestar emocional bajo filtros de redes sociales. Y lo m\u00e1s peligroso es que casi nunca lo vemos venir.<\/p>\n<p>El estr\u00e9s, ese viejo conocido que muchos consideran parte natural de la vida adulta, se ha convertido en el protagonista oculto de s\u00edntomas que pasan por \u201cnormales\u201d: dolores de cabeza frecuentes, falta de energ\u00eda, apat\u00eda, irritabilidad, trastornos del sue\u00f1o, ansiedad, depresi\u00f3n y, en casos m\u00e1s avanzados, verdaderos colapsos emocionales y f\u00edsicos. Cuando no lo hacemos consciente, el cuerpo lo hace por nosotros\u2026 y suele cobrarnos la factura m\u00e1s alta.<\/p>\n<p>&nbsp;<\/p>\n<p><strong>Un ambiente que parece normal, pero no lo es<\/strong><\/p>\n<p>Vivimos en un escenario sociol\u00f3gico y socioecon\u00f3mico donde todo est\u00e1 dise\u00f1ado para atraer nuestra atenci\u00f3n, pero no para nutrir nuestra mente.<\/p>\n<p>Las redes sociales \u2014ese universo que promet\u00eda conexi\u00f3n\u2014 se han vuelto un escape disfrazado de entretenimiento. Entramos para \u201crelajarnos\u201d, pero salimos compar\u00e1ndonos, sintiendo que no hacemos lo suficiente, o peor a\u00fan, desconectados de nuestra propia vida real.<\/p>\n<p>En el d\u00eda a d\u00eda tambi\u00e9n normalizamos otras v\u00edas de evasi\u00f3n:<\/p>\n<ul>\n<li>Probamos drogas \u201cexperimentales\u201d sin considerar que degradan el cuerpo y la estabilidad emocional.<\/li>\n<li>Consumimos comida r\u00e1pida como \u201cpremio\u201d o antojo, cuando en realidad estamos intoxicando un organismo que pide auxilio.<\/li>\n<li>Nos dejamos llevar por tendencias virales que dictan c\u00f3mo vestir, qu\u00e9 pensar, qu\u00e9 sentir y hasta cu\u00e1l deber\u00eda ser nuestro prop\u00f3sito.<\/li>\n<\/ul>\n<p>Todo este entorno, que a simple vista parece inofensivo, nos carcome en silencio. Se mueve despacio, como un veneno cotidiano que no mata de inmediato, pero que deteriora nuestra capacidad de estar presentes, conscientes y en paz.<\/p>\n<p>&nbsp;<\/p>\n<p><strong>La desconexi\u00f3n del prop\u00f3sito: el verdadero costo<\/strong><\/p>\n<p>En medio del ruido, muchos han olvidado qui\u00e9nes son y hacia d\u00f3nde van.<\/p>\n<p>No porque no lo sepan, sino porque el mundo digital y la presi\u00f3n social desv\u00edan la atenci\u00f3n de lo esencial: el prop\u00f3sito de vida, ese motor interno que no se encuentra en pantallas, ni en likes, ni en validaci\u00f3n externa.<\/p>\n<p>Cuando nos apartamos de ese prop\u00f3sito, surge la sensaci\u00f3n de vac\u00edo, de caminar sin rumbo, de vivir en autom\u00e1tico. Y ese vac\u00edo se llena con lo que haya a la mano: trabajo excesivo, distracciones, sustancias, relaciones superficiales, o cualquier cosa que evite mirar hacia adentro.<\/p>\n<p>&nbsp;<\/p>\n<p><strong>Regresar al poder esc\u00e9nico: la libertad del ser<\/strong><\/p>\n<p>Frente a esta realidad, el llamado es urgente y profundo: volver al poder esc\u00e9nico, a esa capacidad de ser protagonistas de nuestra historia, no espectadores de la de otros.<\/p>\n<p>Volver al poder del ser implica:<\/p>\n<ul>\n<li>Hacer consciente lo que sentimos.<\/li>\n<li>Reconocer cu\u00e1ndo estamos actuando desde el vac\u00edo y no desde el prop\u00f3sito.<\/li>\n<li>Entender que lo externo es solo un reflejo de c\u00f3mo estamos por dentro.<\/li>\n<li>Elegir entornos que nutran y no que consuman.<\/li>\n<li>Recuperar la atenci\u00f3n, la presencia y la intenci\u00f3n.<\/li>\n<\/ul>\n<p>&nbsp;<\/p>\n<p>En otras palabras, volver a la verdadera libertad, esa que no depende del sistema ni de la aprobaci\u00f3n del mundo, sino de nuestro alineamiento interno.<\/p>\n<p>&nbsp;<\/p>\n<p><strong>Sanar para avanzar<\/strong><\/p>\n<p>Sanar no es un lujo. Es una necesidad colectiva.<\/p>\n<p>Y empieza por aceptar que la vida moderna, con todo su brillo y su inmediatez, puede llevarnos a los extremos si no sabemos detenernos.<\/p>\n<p>La invitaci\u00f3n es a que cada lector, cada miembro de la comunidad, se pregunte:<\/p>\n<p>\u00bfQu\u00e9 de lo que hago cada d\u00eda me acerca a m\u00ed mismo y qu\u00e9 me aleja?<\/p>\n<p>Porque, aunque el mundo siga presionando, comparando y distrayendo, siempre habr\u00e1 una puerta de regreso a nosotros mismos.<\/p>\n<p>Solo hace falta la valent\u00eda de abrirla.<\/p>\n<p>&nbsp;<\/p>\n<p>C O M U N I C A T E<\/p>\n<p><a href=\"mailto:psic.reginadelosrios@gmail.com\">psic.reginadelosrios@gmail.com<\/a><\/p>\n<p>IG; @almasagradacorp<\/p>\n<p>&nbsp;<\/p>\n","protected":false},"excerpt":{"rendered":"<p>REGINA \u00a0 \u00a0 &nbsp; &nbsp; En tiempos donde todo parece ir m\u00e1s r\u00e1pido que nuestra propia capacidad para comprenderlo, la sociedad vive un fen\u00f3meno silencioso pero profundo: el agotamiento colectivo. Hoy, millones de personas se encuentran atrapadas en una rutina que normaliza el estr\u00e9s, glorifica la productividad extrema y maquilla el malestar emocional bajo filtros [&hellip;]<\/p>\n","protected":false},"author":14,"featured_media":0,"comment_status":"open","ping_status":"open","sticky":false,"template":"","format":"standard","meta":{"_monsterinsights_skip_tracking":false,"_monsterinsights_sitenote_active":false,"_monsterinsights_sitenote_note":"","_monsterinsights_sitenote_category":0,"footnotes":""},"categories":[4],"tags":[],"class_list":["post-696612","post","type-post","status-publish","format-standard","hentry","category-opinion"],"_links":{"self":[{"href":"https:\/\/www.diarioimagen.net\/index.php?rest_route=\/wp\/v2\/posts\/696612","targetHints":{"allow":["GET"]}}],"collection":[{"href":"https:\/\/www.diarioimagen.net\/index.php?rest_route=\/wp\/v2\/posts"}],"about":[{"href":"https:\/\/www.diarioimagen.net\/index.php?rest_route=\/wp\/v2\/types\/post"}],"author":[{"embeddable":true,"href":"https:\/\/www.diarioimagen.net\/index.php?rest_route=\/wp\/v2\/users\/14"}],"replies":[{"embeddable":true,"href":"https:\/\/www.diarioimagen.net\/index.php?rest_route=%2Fwp%2Fv2%2Fcomments&post=696612"}],"version-history":[{"count":1,"href":"https:\/\/www.diarioimagen.net\/index.php?rest_route=\/wp\/v2\/posts\/696612\/revisions"}],"predecessor-version":[{"id":696613,"href":"https:\/\/www.diarioimagen.net\/index.php?rest_route=\/wp\/v2\/posts\/696612\/revisions\/696613"}],"wp:attachment":[{"href":"https:\/\/www.diarioimagen.net\/index.php?rest_route=%2Fwp%2Fv2%2Fmedia&parent=696612"}],"wp:term":[{"taxonomy":"category","embeddable":true,"href":"https:\/\/www.diarioimagen.net\/index.php?rest_route=%2Fwp%2Fv2%2Fcategories&post=696612"},{"taxonomy":"post_tag","embeddable":true,"href":"https:\/\/www.diarioimagen.net\/index.php?rest_route=%2Fwp%2Fv2%2Ftags&post=696612"}],"curies":[{"name":"wp","href":"https:\/\/api.w.org\/{rel}","templated":true}]}}