{"id":696614,"date":"2025-12-01T00:54:00","date_gmt":"2025-12-01T06:54:00","guid":{"rendered":"https:\/\/www.diarioimagen.net\/?p=696614"},"modified":"2025-12-01T00:54:00","modified_gmt":"2025-12-01T06:54:00","slug":"uaemex-apuesta-por-dialogo-y-legalidad-para-erradicar-temor-en-su-comunidad-paty-zarza","status":"publish","type":"post","link":"https:\/\/www.diarioimagen.net\/?p=696614","title":{"rendered":"UAEM\u00e9x apuesta por di\u00e1logo y legalidad para  erradicar temor en su comunidad: Paty Zarza"},"content":{"rendered":"<p><strong>\u00a0<\/strong><\/p>\n<ul>\n<li><strong>Sesi\u00f3n ordinaria correspondiente al mes de noviembre del H. Consejo Universitario<\/strong><\/li>\n<\/ul>\n<p><img loading=\"lazy\" decoding=\"async\" class=\"alignnone wp-image-696615 size-large\" src=\"https:\/\/www.diarioimagen.net\/wp-content\/uploads\/2025\/12\/UAEM-1-OK-457x270.jpg\" alt=\"\" width=\"457\" height=\"270\" srcset=\"https:\/\/www.diarioimagen.net\/wp-content\/uploads\/2025\/12\/UAEM-1-OK-457x270.jpg 457w, https:\/\/www.diarioimagen.net\/wp-content\/uploads\/2025\/12\/UAEM-1-OK-240x142.jpg 240w, https:\/\/www.diarioimagen.net\/wp-content\/uploads\/2025\/12\/UAEM-1-OK-768x453.jpg 768w, https:\/\/www.diarioimagen.net\/wp-content\/uploads\/2025\/12\/UAEM-1-OK-1536x907.jpg 1536w, https:\/\/www.diarioimagen.net\/wp-content\/uploads\/2025\/12\/UAEM-1-OK.jpg 1575w\" sizes=\"auto, (max-width: 457px) 100vw, 457px\" \/><\/p>\n<p>&nbsp;<\/p>\n<p>Toluca, M\u00e9x.- Durante la sesi\u00f3n ordinaria del H. Consejo Universitario de la Universidad Aut\u00f3noma del Estado de M\u00e9xico (UAEM\u00e9x) correspondiente al mes de noviembre, la rectora Martha Patricia Zarza Delgado reiter\u00f3 la disposici\u00f3n de la Administraci\u00f3n Universitaria 2025-2029 para poner a las personas en el centro, eliminando cualquier tipo de temor y miedo que pueda sentir su comunidad, mediante la construcci\u00f3n colectiva de espacios seguros basados en el di\u00e1logo, el respeto y la legalidad.<\/p>\n<p>En el Auditorio \u201cIng. Jos\u00e9 Yurrieta Vald\u00e9s\u201d del Edificio Administrativo, el \u00f3rgano colegiado tom\u00f3 protesta a las personas designadas como directoras de la Facultad de Arquitectura y Dise\u00f1o, Jaime Guadarrama Gonz\u00e1lez; y los centros universitarios UAEM Valle de M\u00e9xico, Gloria Zamudio Villareal, y Zumpango, Juana Gabriela Soriano Hern\u00e1ndez.<\/p>\n<p>Adem\u00e1s, se aprob\u00f3 la solicitud de pr\u00f3rroga para la elaboraci\u00f3n del Plan de Desarrollo 2025-2029 remitida por las facultades de Antropolog\u00eda, Ciencias Pol\u00edticas y Sociales y Planeaci\u00f3n Urbana y Regional, as\u00ed como los Centros Universitarios UAEM Nezahualc\u00f3yotl, Temascaltepec y Valle de Chalco, con el prop\u00f3sito de que una vez aprobado el Plan Rector de Desarrollo Institucional 2025-2029, dichos planes sean elaborados en congruencia con ese m\u00e1ximo instrumento institucional.<\/p>\n<p>Asimismo, para preservar la estabilidad institucional, el pleno universitario autoriz\u00f3 la pr\u00f3rroga en la permanencia de las personas que fungen como encargadas del despacho de las direcciones de las facultades de Geograf\u00eda, Derecho, Turismo y Gastronom\u00eda, as\u00ed como del Centro Universitario UAEM Texcoco.<\/p>\n<p>En esta sesi\u00f3n tambi\u00e9n se tom\u00f3 protesta a las y los consejeros representantes del personal acad\u00e9mico de las facultades de Medicina y Ciencias Pol\u00edticas y Sociales, as\u00ed como del estudiantado del Plantel \u201cNezahualc\u00f3yotl\u201d de la Escuela Preparatoria.<\/p>\n<p>Adem\u00e1s, como parte de las acciones que privilegian la ruta del di\u00e1logo para la construcci\u00f3n de una comunidad transparente y participativa, ante el H. Consejo Universitario de la UAEM\u00e9x, se dio lectura al pronunciamiento firmado por integrantes del Enjambre Estudiantil Unificado (EEU) y la Administraci\u00f3n Central en la entrega del Edificio Hist\u00f3rico de Rector\u00eda.<\/p>\n<p>Finalmente, se present\u00f3 la convocatoria para la Colecta Invernal y de Juguetes 2025, que concluye el martes 2 de diciembre y ser\u00e1 destinada a la comunidad del poblado de San Pedro Nexapa, municipio de Amecameca, invitando a la comunidad a participar en esta iniciativa que fortalece el esp\u00edritu universitario de solidaridad, empat\u00eda y responsabilidad social que distingue a la comunidad auriverde.<\/p>\n<p>&nbsp;<\/p>\n<p>&nbsp;<\/p>\n<p>&nbsp;<\/p>\n","protected":false},"excerpt":{"rendered":"<p>\u00a0 Sesi\u00f3n ordinaria correspondiente al mes de noviembre del H. Consejo Universitario &nbsp; Toluca, M\u00e9x.- Durante la sesi\u00f3n ordinaria del H. Consejo Universitario de la Universidad Aut\u00f3noma del Estado de M\u00e9xico (UAEM\u00e9x) correspondiente al mes de noviembre, la rectora Martha Patricia Zarza Delgado reiter\u00f3 la disposici\u00f3n de la Administraci\u00f3n Universitaria 2025-2029 para poner a las [&hellip;]<\/p>\n","protected":false},"author":14,"featured_media":696615,"comment_status":"open","ping_status":"open","sticky":false,"template":"","format":"standard","meta":{"_monsterinsights_skip_tracking":false,"_monsterinsights_sitenote_active":false,"_monsterinsights_sitenote_note":"","_monsterinsights_sitenote_category":0,"footnotes":""},"categories":[16,5],"tags":[],"class_list":["post-696614","post","type-post","status-publish","format-standard","has-post-thumbnail","hentry","category-destacadas","category-estado-de-mexico"],"_links":{"self":[{"href":"https:\/\/www.diarioimagen.net\/index.php?rest_route=\/wp\/v2\/posts\/696614","targetHints":{"allow":["GET"]}}],"collection":[{"href":"https:\/\/www.diarioimagen.net\/index.php?rest_route=\/wp\/v2\/posts"}],"about":[{"href":"https:\/\/www.diarioimagen.net\/index.php?rest_route=\/wp\/v2\/types\/post"}],"author":[{"embeddable":true,"href":"https:\/\/www.diarioimagen.net\/index.php?rest_route=\/wp\/v2\/users\/14"}],"replies":[{"embeddable":true,"href":"https:\/\/www.diarioimagen.net\/index.php?rest_route=%2Fwp%2Fv2%2Fcomments&post=696614"}],"version-history":[{"count":1,"href":"https:\/\/www.diarioimagen.net\/index.php?rest_route=\/wp\/v2\/posts\/696614\/revisions"}],"predecessor-version":[{"id":696616,"href":"https:\/\/www.diarioimagen.net\/index.php?rest_route=\/wp\/v2\/posts\/696614\/revisions\/696616"}],"wp:featuredmedia":[{"embeddable":true,"href":"https:\/\/www.diarioimagen.net\/index.php?rest_route=\/wp\/v2\/media\/696615"}],"wp:attachment":[{"href":"https:\/\/www.diarioimagen.net\/index.php?rest_route=%2Fwp%2Fv2%2Fmedia&parent=696614"}],"wp:term":[{"taxonomy":"category","embeddable":true,"href":"https:\/\/www.diarioimagen.net\/index.php?rest_route=%2Fwp%2Fv2%2Fcategories&post=696614"},{"taxonomy":"post_tag","embeddable":true,"href":"https:\/\/www.diarioimagen.net\/index.php?rest_route=%2Fwp%2Fv2%2Ftags&post=696614"}],"curies":[{"name":"wp","href":"https:\/\/api.w.org\/{rel}","templated":true}]}}