{"id":696617,"date":"2025-12-01T00:54:43","date_gmt":"2025-12-01T06:54:43","guid":{"rendered":"https:\/\/www.diarioimagen.net\/?p=696617"},"modified":"2025-12-01T00:54:43","modified_gmt":"2025-12-01T06:54:43","slug":"amlo-pide-apoyo-popular-para-sheinbaum-ante-el-acoso-de-zopilotes-buitres-y-halcones","status":"publish","type":"post","link":"https:\/\/www.diarioimagen.net\/?p=696617","title":{"rendered":"AMLO pide apoyo popular para Sheinbaum  ante el acoso de zopilotes, buitres y halcones"},"content":{"rendered":"<p><strong>\u00a0<\/strong><\/p>\n<p>&nbsp;<\/p>\n<p><strong>\u00a0TRAS LA PUERTA DEL PODER. Roberto Vizca\u00edno<\/strong><\/p>\n<p><strong>\u00a0<\/strong><\/p>\n<p><strong>\u00a0<\/strong><\/p>\n<p>&nbsp;<\/p>\n<p>En un largo video de 50 minutos, circulado profusamente en redes sociales desde el fin de la semana, el ex presidente\u00a0<strong>Andr\u00e9s Manuel L\u00f3pez Obrador<\/strong>\u00a0se dirige por primera vez a los mexicanos para pedir vehementemente apoyo para su sucesora y advertir que el pa\u00eds enfrenta 3 peligros: un Golpe de Estado, el acoso grave a la 4T y una injerencia extranjera.<\/p>\n<p>Advierte:<\/p>\n<p>\u201c\u2026 hay que apoyar mucho, mucho, mucho a la Presidenta porque todav\u00eda es temporada de zopilotes, hay buitres, hay halcones\u2026<\/p>\n<p>\u201cYo no voy a recorrer el pa\u00eds. Voy a seguir retirado, jubilado&#8230; S\u00f3lo saldr\u00eda a la calle por 3 razones:<\/p>\n<ol>\n<li>Si atentaran contra la democracia, como lo hac\u00edan antes, cuando hac\u00edan los grandes fraudes, los potentados, los oligarcas, con los corruptos, para que el gobierno estuviese a su servicio y eso ya no se puede permitir de ninguna manera\u2026 \u00a0porque para el pobre la democracia significa sobrevivencia, poder mantener a la familia, tener ingresos para garantizar la salud, el estudio de los hijos\u2026 entonces hay que apoyar mucho a la Presidenta, nuestra Presidenta\u2026<\/li>\n<li>Les dec\u00eda yo saldr\u00eda para defender la democracia,\u00a0<strong>saldr\u00eda tambi\u00e9n para defenderla a ella si hay intentos de golpe de Estado, si la acosan, entonces s\u00ed<\/strong>\u2026 no creo que pase,\u00a0<strong>de todas maneras no est\u00e1 mal que sepan en qu\u00e9 circunstancias s\u00ed podr\u00eda yo salir, s\u00ed saldr\u00eda yo a la calle<\/strong>\u2026<\/li>\n<li>Y la tercera raz\u00f3n por la que saldr\u00eda a la calle,\u00a0<strong>ser\u00eda para defender la soberan\u00eda de M\u00e9xico porque nuestro pa\u00eds es libre y es independiente, es soberano nosotros no somos colonia de ning\u00fan pa\u00eds extranjero nos ha costado mucho ser un pa\u00eds independiente soberano y si se violara la soberan\u00eda entonces si saldr\u00eda a la calle\u2026<\/strong><\/li>\n<\/ol>\n<p>Una reflexi\u00f3n y petici\u00f3n popular, que -admite impl\u00edcitamente- un pensamiento de riesgo para M\u00e9xico en este momento.<\/p>\n<p>Es innegable que\u00a0<strong>AMLO<\/strong>\u00a0cree que la 4T podr\u00eda ser desbancada por la oposici\u00f3n o los movimientos y personajes que le surgen diariamente al gobierno de <strong>Sheinbaum<\/strong>, que es herencia directa de \u00e9l, y que \u00e9l ve como una amenaza para\u00a0<strong>la democracia<\/strong>\u00a0(es decir\u00a0<strong><em>su democracia<\/em><\/strong>). Y ve igual que tendr\u00eda que salir a defender a\u00a0<strong>Claudia<\/strong>\u00a0de un intento de Golpe de Estado. Si lo dice es porque \u00e9l lo considera posible (uno lo sale a defender algo que no considera que pasar\u00eda \u00bfno?). E igual ve que EU s\u00ed puede atacar militar y directamente a c\u00e1rteles en territorio mexicano, porque hasta hoy no existe ninguna otra intenci\u00f3n de intervenir militarmente en M\u00e9xico que las intenciones de\u00a0<strong>Trump<\/strong>\u00a0contra c\u00e1rteles mexicanos.<\/p>\n<p>Es decir: la obviedad nos indica que en su largo video\u00a0<strong>AMLO<\/strong>\u00a0exhibe lo que considera graves riesgos de viabilidad para\u00a0<strong><em>su 4T<\/em><\/strong>, un proyecto que hoy mal administra, con el estallido de muchas deficiencias, su heredera\u00a0<strong>Claudia Sheinbaum<\/strong>.<\/p>\n<p>Todo lo dem\u00e1s del video es\u00a0<strong><em>choro mareador<\/em><\/strong>, una serie de cuestiones hist\u00f3ricas que ya ni vale la pena se\u00f1alar.<\/p>\n<p>&nbsp;<\/p>\n<p>&nbsp;<\/p>\n<p><strong>Cardenas ve un pa\u00eds y un gobierno fracasados<\/strong><\/p>\n<p>&nbsp;<\/p>\n<p>Coincidentemente,\u00a0<strong>Cuauht\u00e9moc C\u00e1rdenas<\/strong>\u00a0-padre del movimiento de transici\u00f3n democr\u00e1tica de los \u00faltimos 35 a\u00f1os que hizo posible el gobierno de\u00a0<strong>Andr\u00e9s Manuel L\u00f3pez Obrador<\/strong>-, presidi\u00f3 la noche del jueves pasado, en la hist\u00f3rica Prepa 1 Justo Sierra, una mesa en que se present\u00f3 el \u00faltimo libro coordinado por<strong>\u00a0Porfirio Mu\u00f1oz Ledo<\/strong>, bajo el t\u00edtulo de: \u201cCamino a la nueva Rep\u00fablica\u201d.<\/p>\n<p><strong>C\u00e1rdenas<\/strong>\u00a0record\u00f3 c\u00e1lidamente su encuentro y amistad, asociaci\u00f3n ideol\u00f3gica y pol\u00edtica con\u00a0<strong>Porfirio Mu\u00f1oz Ledo<\/strong>\u00a0a quien reconoci\u00f3 haberle dado sustento program\u00e1tico primero a la corriente democr\u00e1tica con la que un grupo importante se separ\u00f3 del PRI en 1987-88, y con la cual arranc\u00f3 el\u00a0<strong>Frente Democr\u00e1tico Nacional,<\/strong>\u00a0y luego la creaci\u00f3n del PRD.<\/p>\n<p>Ah\u00ed, C\u00e1rdenas reconoci\u00f3 que su participaci\u00f3n en este largo proceso democr\u00e1tico concluye ahora en una administraci\u00f3n (la de la 4T de\u00a0<strong>AMLO<\/strong>\u00a0y\u00a0<strong>Claudia Sheinbaum<\/strong>) que enfrenta pr\u00e1cticamente un fracaso en sus pol\u00edticas de salud, educaci\u00f3n y econom\u00eda, sin darle salida a una reforma fiscal, hacendaria o como se llame, dijo, que de posibilidades de recaudaci\u00f3n para que el Gobierno asegure un crecimiento con bienestar y empleo para su poblaci\u00f3n.<\/p>\n<p>Pero sobre todo, dijo, a este gobierno le hace falta escuchar, atender y dialogar con cr\u00edticos e inconformes que brotan todos los d\u00edas por todo el pa\u00eds y en todos los niveles, y as\u00ed incorporarlos a las soluciones que requiere la viabilidad del pa\u00eds.<\/p>\n<p>Hay que recordar que su primog\u00e9nito\u00a0<strong>L\u00e1zaro C\u00e1rdenas<\/strong>\u00a0es el Jefe de la Oficina presidencial de Claudia Sheinbaum y virtual jefe de asesores de la mandataria, por lo que la primera cr\u00edtica es a su hijo.<\/p>\n<p>&nbsp;<\/p>\n<p><strong>El ojo p\u00fablico y pol\u00edtico esta semana en el Senado<\/strong><\/p>\n<p>&nbsp;<\/p>\n<p>La designaci\u00f3n del nuevo Fiscal General -que sustituir\u00e1 al reacio dimitente\u00a0<strong>Alejandro Gertz Manero<\/strong>&#8211; ser\u00e1, sin duda, la atracci\u00f3n de los sectores interesados en el Senado.<\/p>\n<p>Una mayor\u00eda ve que este engorroso y muy atropellado proceso s\u00f3lo servir\u00e1 para ratificar a\u00a0<strong>Ernestina Godoy<\/strong>\u00a0en ese cargo. Morena y aliados tienen los votos suficientes para garantizarlo.<\/p>\n<p>&nbsp;<\/p>\n<p>&nbsp;<\/p>\n<p>Twitter: @_Vizcaino \/ Facebook<\/p>\n<p>\/\u00a0<a href=\"https:\/\/www.facebook.com\/rvizcainoa\">https:\/\/www.facebook.com\/rvizcainoa<\/a><\/p>\n<p>&nbsp;<\/p>\n","protected":false},"excerpt":{"rendered":"<p>\u00a0 &nbsp; \u00a0TRAS LA PUERTA DEL PODER. Roberto Vizca\u00edno \u00a0 \u00a0 &nbsp; En un largo video de 50 minutos, circulado profusamente en redes sociales desde el fin de la semana, el ex presidente\u00a0Andr\u00e9s Manuel L\u00f3pez Obrador\u00a0se dirige por primera vez a los mexicanos para pedir vehementemente apoyo para su sucesora y advertir que el pa\u00eds [&hellip;]<\/p>\n","protected":false},"author":14,"featured_media":0,"comment_status":"open","ping_status":"open","sticky":false,"template":"","format":"standard","meta":{"_monsterinsights_skip_tracking":false,"_monsterinsights_sitenote_active":false,"_monsterinsights_sitenote_note":"","_monsterinsights_sitenote_category":0,"footnotes":""},"categories":[4,136],"tags":[],"class_list":["post-696617","post","type-post","status-publish","format-standard","hentry","category-opinion","category-roberto-vizcaino-opinion"],"_links":{"self":[{"href":"https:\/\/www.diarioimagen.net\/index.php?rest_route=\/wp\/v2\/posts\/696617","targetHints":{"allow":["GET"]}}],"collection":[{"href":"https:\/\/www.diarioimagen.net\/index.php?rest_route=\/wp\/v2\/posts"}],"about":[{"href":"https:\/\/www.diarioimagen.net\/index.php?rest_route=\/wp\/v2\/types\/post"}],"author":[{"embeddable":true,"href":"https:\/\/www.diarioimagen.net\/index.php?rest_route=\/wp\/v2\/users\/14"}],"replies":[{"embeddable":true,"href":"https:\/\/www.diarioimagen.net\/index.php?rest_route=%2Fwp%2Fv2%2Fcomments&post=696617"}],"version-history":[{"count":1,"href":"https:\/\/www.diarioimagen.net\/index.php?rest_route=\/wp\/v2\/posts\/696617\/revisions"}],"predecessor-version":[{"id":696618,"href":"https:\/\/www.diarioimagen.net\/index.php?rest_route=\/wp\/v2\/posts\/696617\/revisions\/696618"}],"wp:attachment":[{"href":"https:\/\/www.diarioimagen.net\/index.php?rest_route=%2Fwp%2Fv2%2Fmedia&parent=696617"}],"wp:term":[{"taxonomy":"category","embeddable":true,"href":"https:\/\/www.diarioimagen.net\/index.php?rest_route=%2Fwp%2Fv2%2Fcategories&post=696617"},{"taxonomy":"post_tag","embeddable":true,"href":"https:\/\/www.diarioimagen.net\/index.php?rest_route=%2Fwp%2Fv2%2Ftags&post=696617"}],"curies":[{"name":"wp","href":"https:\/\/api.w.org\/{rel}","templated":true}]}}