{"id":696622,"date":"2025-12-01T00:57:08","date_gmt":"2025-12-01T06:57:08","guid":{"rendered":"https:\/\/www.diarioimagen.net\/?p=696622"},"modified":"2025-12-01T00:57:08","modified_gmt":"2025-12-01T06:57:08","slug":"de-verdad-no-son-iguales","status":"publish","type":"post","link":"https:\/\/www.diarioimagen.net\/?p=696622","title":{"rendered":"\u00bfDe verdad no son iguales?"},"content":{"rendered":"<p>&nbsp;<\/p>\n<p><strong>De frente y de perfil\u00a0 <\/strong>Ram\u00f3n Zurita Sahag\u00fan<\/p>\n<p>&nbsp;<\/p>\n<p><strong>\u00a0<\/strong><\/p>\n<p>El estribillo se repite constantemente entre los altos mandos de la Cuarta Transformaci\u00f3n: No somos iguales, en una clara referencia a quienes gobernaron antes que ellos al pa\u00eds.<\/p>\n<p>Se dirige especialmente a los que bajo las siglas del PRI y PAN alcanzaron la primera magistratura del pa\u00eds.<\/p>\n<p>La intenci\u00f3n es no hacer comparaciones entre el pasado y el presente, ya que en muchas de ellas siempre salen perdiendo las actuales autoridades del pa\u00eds.<\/p>\n<p>El caso m\u00e1s emblem\u00e1tico es el reciente del cese fulminante del Fiscal General, Alejandro Gertz Manero, y la manera en que se procedi\u00f3.<\/p>\n<p>Trataron de hacerlo atenuante, pero en realidad fue un embrollo, en que ni siquiera tuvieron una explicaci\u00f3n l\u00f3gica para plantearlo.<\/p>\n<p>Todo empez\u00f3 con un rumor el mi\u00e9rcoles por la tarde, cuando el senador Ad\u00e1n Augusto L\u00f3pez Hern\u00e1ndez fue llamado a Palacio Nacional, sali\u00f3 de ah\u00ed presuroso con rumbo al Senado, donde empez\u00f3 a operar la salida de Gertz Manero, a quien se le adjudic\u00f3 las filtraciones de diversos temas que ata\u00f1en a personajes de primer nivel incluidos los de La Barredora, el grupo delictivo que se dice mantiene relaciones con el propio senador L\u00f3pez Hern\u00e1ndez. Se trat\u00f3 de hacer toda una narrativa de la separaci\u00f3n del Fiscal de su cargo, aunque no cuaj\u00f3.<\/p>\n<p>Los tiempos los atropellaron, por lo que se procedi\u00f3 a darle celeridad al asunto, para evitar que el tema se empantane.<\/p>\n<p>Sin embargo, no cuadraron los tiempos y mientras la Presidenta aduc\u00eda que ten\u00eda una carta enviada por el Senado, la que ten\u00eda que analizar, en la llamada C\u00e1mara alta se procesaba la \u201csupuesta\u201d renuncia del Fiscal.<\/p>\n<p>El enredo no tom\u00f3 en cuenta que el Fiscal solamente pod\u00eda renunciar por una causa grave, la que no exist\u00eda, ya que Gertz Manero negoci\u00f3 una embajada a su favor, lo que difer\u00eda de una supuesta causa grave.<\/p>\n<p>Con todo y ello el atropello a las leyes no es una realidad que preocupa en ning\u00fan lado, donde se aplica la Constituci\u00f3n a su modo, como fue el caso del Senado.<\/p>\n<p>La misi\u00f3n fue cumplida con \u00e9xito por parte del coordinador de la mayor\u00eda senatorial y saltaron uno de los temas que se hab\u00edan vuelto terribles.<\/p>\n<p>Con eso dejaron en claro los del segundo piso de la Cuarta Transformaci\u00f3n que no se detienen ante nada con tal de sacudirse a quienes les resulten inc\u00f3modos.<\/p>\n<p>Al ya depuesto Fiscal Gertz Manero se le atribu\u00eda un total desaseo en sus obligaciones, las investigaciones no avanzan, ni se fincaron acusaciones de los casos m\u00e1s sonados, pero s\u00ed se ejerc\u00eda mano dura contra sus adversarios.<\/p>\n<p>Total, que fue un fiasco el trabajo del ahora ex fiscal y varios personajes de alta investidura de la Cuarta Transformaci\u00f3n respiraron aliviados por su relevo.<\/p>\n<p>Con ello, no quedan dudas de que el actual gobierno no es igual a los anteriores, ya que en muchos casos resulta peor y no da explicaciones de ning\u00fan tipo.<\/p>\n<p>********<\/p>\n<p>Ser\u00e1 que ahora s\u00ed funcione la Fiscal\u00eda General con el arribo y ratificaci\u00f3n de Ernestina Godoy como titular de la FGR. La Presidenta Sheinbaum Pardo cuenta con piezas esenciales de su equipo en las \u00e1reas estrat\u00e9gicas de seguridad y justicia\u2026 Reuniones van y vienen de los panistas, se anuncian nuevos planes, mayor apertura y los rostros son siempre los mismos.<\/p>\n<p>&nbsp;<\/p>\n<p><a href=\"mailto:ramonzurita44@hotmail.com\">ramonzurita44@hotmail.com<\/a><\/p>\n<p>&nbsp;<\/p>\n<p><a href=\"mailto:ramonzurita44@gmail.com\">ramonzurita44@gmail.com<\/a><\/p>\n","protected":false},"excerpt":{"rendered":"<p>&nbsp; De frente y de perfil\u00a0 Ram\u00f3n Zurita Sahag\u00fan &nbsp; \u00a0 El estribillo se repite constantemente entre los altos mandos de la Cuarta Transformaci\u00f3n: No somos iguales, en una clara referencia a quienes gobernaron antes que ellos al pa\u00eds. Se dirige especialmente a los que bajo las siglas del PRI y PAN alcanzaron la primera [&hellip;]<\/p>\n","protected":false},"author":14,"featured_media":0,"comment_status":"open","ping_status":"open","sticky":false,"template":"","format":"standard","meta":{"_monsterinsights_skip_tracking":false,"_monsterinsights_sitenote_active":false,"_monsterinsights_sitenote_note":"","_monsterinsights_sitenote_category":0,"footnotes":""},"categories":[4,234],"tags":[],"class_list":["post-696622","post","type-post","status-publish","format-standard","hentry","category-opinion","category-ramon-zurita-sahagun"],"_links":{"self":[{"href":"https:\/\/www.diarioimagen.net\/index.php?rest_route=\/wp\/v2\/posts\/696622","targetHints":{"allow":["GET"]}}],"collection":[{"href":"https:\/\/www.diarioimagen.net\/index.php?rest_route=\/wp\/v2\/posts"}],"about":[{"href":"https:\/\/www.diarioimagen.net\/index.php?rest_route=\/wp\/v2\/types\/post"}],"author":[{"embeddable":true,"href":"https:\/\/www.diarioimagen.net\/index.php?rest_route=\/wp\/v2\/users\/14"}],"replies":[{"embeddable":true,"href":"https:\/\/www.diarioimagen.net\/index.php?rest_route=%2Fwp%2Fv2%2Fcomments&post=696622"}],"version-history":[{"count":1,"href":"https:\/\/www.diarioimagen.net\/index.php?rest_route=\/wp\/v2\/posts\/696622\/revisions"}],"predecessor-version":[{"id":696623,"href":"https:\/\/www.diarioimagen.net\/index.php?rest_route=\/wp\/v2\/posts\/696622\/revisions\/696623"}],"wp:attachment":[{"href":"https:\/\/www.diarioimagen.net\/index.php?rest_route=%2Fwp%2Fv2%2Fmedia&parent=696622"}],"wp:term":[{"taxonomy":"category","embeddable":true,"href":"https:\/\/www.diarioimagen.net\/index.php?rest_route=%2Fwp%2Fv2%2Fcategories&post=696622"},{"taxonomy":"post_tag","embeddable":true,"href":"https:\/\/www.diarioimagen.net\/index.php?rest_route=%2Fwp%2Fv2%2Ftags&post=696622"}],"curies":[{"name":"wp","href":"https:\/\/api.w.org\/{rel}","templated":true}]}}