{"id":696665,"date":"2025-12-01T19:37:48","date_gmt":"2025-12-02T01:37:48","guid":{"rendered":"https:\/\/www.diarioimagen.net\/?p=696665"},"modified":"2025-12-01T19:37:48","modified_gmt":"2025-12-02T01:37:48","slug":"presentan-el-proyecto-naucalpan-2077","status":"publish","type":"post","link":"https:\/\/www.diarioimagen.net\/?p=696665","title":{"rendered":"Presentan el proyecto Naucalpan 2077"},"content":{"rendered":"<p><img loading=\"lazy\" decoding=\"async\" class=\"alignnone wp-image-696666 size-large\" src=\"https:\/\/www.diarioimagen.net\/wp-content\/uploads\/2025\/12\/BAENA-4-OK-1-359x270.jpg\" alt=\"\" width=\"359\" height=\"270\" srcset=\"https:\/\/www.diarioimagen.net\/wp-content\/uploads\/2025\/12\/BAENA-4-OK-1-359x270.jpg 359w, https:\/\/www.diarioimagen.net\/wp-content\/uploads\/2025\/12\/BAENA-4-OK-1-240x181.jpg 240w, https:\/\/www.diarioimagen.net\/wp-content\/uploads\/2025\/12\/BAENA-4-OK-1-768x578.jpg 768w, https:\/\/www.diarioimagen.net\/wp-content\/uploads\/2025\/12\/BAENA-4-OK-1-1536x1157.jpg 1536w, https:\/\/www.diarioimagen.net\/wp-content\/uploads\/2025\/12\/BAENA-4-OK-1-2048x1542.jpg 2048w\" sizes=\"auto, (max-width: 359px) 100vw, 359px\" \/><\/p>\n<p>&nbsp;<\/p>\n<p>Naucalpan, Mex.-\u00a0 Hoy en Naucalpan se trabaja pensando en la posteridad, en dignificar nuestras comunidades, al ejercer el recurso p\u00fablico con honestidad y conocimiento, tomando decisiones que impactan directamente a los habitantes, ese es el compromiso y la convicci\u00f3n de este gobierno, afirm\u00f3 el presidente municipal Isaac Montoya M\u00e1rquez, durante la presentaci\u00f3n del proyecto Naucalpan 2077. Integrantes de la Fundaci\u00f3n Naucalpan 2077 expusieron el dise\u00f1o de una ciudad sostenible e inclusiva en la que las personas puedan desarrollarse de manera integral en un entorno de bienestar general a trav\u00e9s del aprovechamiento y adaptaci\u00f3n de los recursos y espacios con los que se cuentan.<\/p>\n<p>&nbsp;<\/p>\n<p>&nbsp;<\/p>\n<p>Al respecto, el alcalde extern\u00f3 que el proyecto Naucalpan 2077, es una visi\u00f3n compartida de su gobierno, que se ha propuesto de la mano con la sociedad civil y la academia transformar realidades, adem\u00e1s de velar por el inter\u00e9s de las grandes mayor\u00edas y mejorar la calidad de vida de las personas.<\/p>\n<p>&nbsp;<\/p>\n<p>Esta asociaci\u00f3n civil que re\u00fane a m\u00e1s de 100 personas expertas provenientes de organizaciones locales, nacionales e internacionales, como ONU H\u00e1bitat, UNESCO, c\u00e1maras empresariales e instituciones educativas, comprometidas con el futuro de las ciudades, buscan transformar los espacios a trav\u00e9s del urbanismo, la arquitectura y el dise\u00f1o regenerativo para convertirlo en un municipio funcional.<\/p>\n<p>&nbsp;<\/p>\n","protected":false},"excerpt":{"rendered":"<p>&nbsp; Naucalpan, Mex.-\u00a0 Hoy en Naucalpan se trabaja pensando en la posteridad, en dignificar nuestras comunidades, al ejercer el recurso p\u00fablico con honestidad y conocimiento, tomando decisiones que impactan directamente a los habitantes, ese es el compromiso y la convicci\u00f3n de este gobierno, afirm\u00f3 el presidente municipal Isaac Montoya M\u00e1rquez, durante la presentaci\u00f3n del proyecto [&hellip;]<\/p>\n","protected":false},"author":14,"featured_media":696666,"comment_status":"open","ping_status":"open","sticky":false,"template":"","format":"standard","meta":{"_monsterinsights_skip_tracking":false,"_monsterinsights_sitenote_active":false,"_monsterinsights_sitenote_note":"","_monsterinsights_sitenote_category":0,"footnotes":""},"categories":[5],"tags":[],"class_list":["post-696665","post","type-post","status-publish","format-standard","has-post-thumbnail","hentry","category-estado-de-mexico"],"_links":{"self":[{"href":"https:\/\/www.diarioimagen.net\/index.php?rest_route=\/wp\/v2\/posts\/696665","targetHints":{"allow":["GET"]}}],"collection":[{"href":"https:\/\/www.diarioimagen.net\/index.php?rest_route=\/wp\/v2\/posts"}],"about":[{"href":"https:\/\/www.diarioimagen.net\/index.php?rest_route=\/wp\/v2\/types\/post"}],"author":[{"embeddable":true,"href":"https:\/\/www.diarioimagen.net\/index.php?rest_route=\/wp\/v2\/users\/14"}],"replies":[{"embeddable":true,"href":"https:\/\/www.diarioimagen.net\/index.php?rest_route=%2Fwp%2Fv2%2Fcomments&post=696665"}],"version-history":[{"count":1,"href":"https:\/\/www.diarioimagen.net\/index.php?rest_route=\/wp\/v2\/posts\/696665\/revisions"}],"predecessor-version":[{"id":696667,"href":"https:\/\/www.diarioimagen.net\/index.php?rest_route=\/wp\/v2\/posts\/696665\/revisions\/696667"}],"wp:featuredmedia":[{"embeddable":true,"href":"https:\/\/www.diarioimagen.net\/index.php?rest_route=\/wp\/v2\/media\/696666"}],"wp:attachment":[{"href":"https:\/\/www.diarioimagen.net\/index.php?rest_route=%2Fwp%2Fv2%2Fmedia&parent=696665"}],"wp:term":[{"taxonomy":"category","embeddable":true,"href":"https:\/\/www.diarioimagen.net\/index.php?rest_route=%2Fwp%2Fv2%2Fcategories&post=696665"},{"taxonomy":"post_tag","embeddable":true,"href":"https:\/\/www.diarioimagen.net\/index.php?rest_route=%2Fwp%2Fv2%2Ftags&post=696665"}],"curies":[{"name":"wp","href":"https:\/\/api.w.org\/{rel}","templated":true}]}}