{"id":696828,"date":"2025-12-01T21:38:15","date_gmt":"2025-12-02T03:38:15","guid":{"rendered":"https:\/\/www.diarioimagen.net\/?p=696828"},"modified":"2025-12-01T21:38:15","modified_gmt":"2025-12-02T03:38:15","slug":"no-hacer-sombra","status":"publish","type":"post","link":"https:\/\/www.diarioimagen.net\/?p=696828","title":{"rendered":"No hacer sombra"},"content":{"rendered":"<p>&nbsp;<\/p>\n<p><strong>Aunque Pese.\u00a0 Salvador Mart\u00ednez G.<\/strong><\/p>\n<p><strong>\u00a0<\/strong><\/p>\n<p><strong>\u00a0<\/strong><\/p>\n<p>&nbsp;<\/p>\n<p>Es claro que en estos momentos de presiones externas e internas, M\u00e9xico se encuentra en una situaci\u00f3n delicada, en especial por las amenazas de Donald Trump de violar la soberan\u00eda nacional con intervenciones directas dentro del territorio nacional para combatir a c\u00e1rteles del narcotr\u00e1fico.<\/p>\n<p>En repetidas ocasiones la presidenta Claudia Sheinbaum ha advertido a Washington que no permitir\u00e1 violaciones a la soberan\u00eda y que cualquier acci\u00f3n contra los narcotraficantes en M\u00e9xico se puede hacer bajo t\u00e9rminos de colaboraci\u00f3n, pero no de intromisi\u00f3n.<\/p>\n<p>Bajo este contexto surgi\u00f3 la reaparici\u00f3n p\u00fablica del ex presidente Andr\u00e9s Manuel L\u00f3pez Obrador para presentar su libro <em>Grandeza, <\/em>pero aprovech\u00f3 para amostrar su solidaridad y reconocimiento a la labor de la presidenta Sheinbaum, porque es tiempo de estar unidos.<\/p>\n<p>Durante un video de cerca de una hora grabado desde <em>La Chingada, <\/em>Palenque, Chiapas, AMLO observ\u00f3 un escenario nacional en el que todav\u00eda hay zopilotes, buitres y halcones en el campo pol\u00edtico.<\/p>\n<p>Se dijo separado de la pol\u00edtica y que as\u00ed se mantendr\u00e1 porque no quiere hacer sombra a la Jefa del Ejecutivo, por lo que no recorrer\u00e1 el pa\u00eds para presentar su libro en las plazas p\u00fablicas.<\/p>\n<p>Sin embargo, advirti\u00f3 que abandonar\u00eda su retiro para defender el gobierno de Claudia Sheinbaum si hubiera intentos de golpe de Estado o si la acosan los conservadores; tambi\u00e9n saldr\u00eda a las calles si atentaran contra la democracia o se violara la soberan\u00eda, porque \u201cno somos colonia de nadie\u201d.<\/p>\n<p>Las palabras del hombre de Macuspana alborotaron el ambiente pol\u00edtico, a pesar de que la Presidenta recibi\u00f3 su mensaje con agrado y advirti\u00f3 que las cr\u00edticas solo la fortalecen y as\u00ed se ver\u00e1 en la gran concentraci\u00f3n masiva de apoyo y festejo por los siete a\u00f1os del Movimiento de Transformaci\u00f3n, hoy entrado en su <em>segundo piso.<\/em><\/p>\n<p>&nbsp;<\/p>\n<p><strong>Susurros<\/strong><\/p>\n<p>&nbsp;<\/p>\n<p>En el terreno de alborotar la gallera tambi\u00e9n intervino la pasada semana Cuauht\u00e9moc C\u00e1rdenas al participar en la presentaci\u00f3n de otro libro, <em>Camino a la nueva Rep\u00fablica. Historia de las transiciones pol\u00edticas desde 1968<\/em>, escrito por Porfirio Mu\u00f1oz Ledo.<\/p>\n<p>En el Antiguo Colegio de San Ildefonso, el hijo de \u201cEl Tata\u201d, fiel impulsor y defensor de la democracia, dej\u00f3 ver su preocupaci\u00f3n por la falta de di\u00e1logo con las voces disidentes, sobre todo por fuertes discrepancias y cr\u00edticas al gobierno, lo que calific\u00f3 de inquietudes v\u00e1lidas.<\/p>\n<p>Por ello recomend\u00f3 abrirse al di\u00e1logo para llegar a acuerdos y generar avances entre los que tenemos \u201cdiferencias\u201d y a lo mejor \u201cencontramos algo bueno, a lo mejor no, pero es algo muy importante\u201d, acentu\u00f3 con su parsimonioso discurso.<\/p>\n<p>&nbsp;<\/p>\n<p><strong><em>\u00a0<\/em><\/strong><a href=\"mailto:salvadormartinez@visionmx.com\"><strong><em>salvadormartinez@visionmx.com<\/em><\/strong><\/a><\/p>\n<p><strong><em>X: @salvador_mtz<\/em><\/strong><\/p>\n<p>&nbsp;<\/p>\n<p>&nbsp;<\/p>\n","protected":false},"excerpt":{"rendered":"<p>&nbsp; Aunque Pese.\u00a0 Salvador Mart\u00ednez G. \u00a0 \u00a0 &nbsp; Es claro que en estos momentos de presiones externas e internas, M\u00e9xico se encuentra en una situaci\u00f3n delicada, en especial por las amenazas de Donald Trump de violar la soberan\u00eda nacional con intervenciones directas dentro del territorio nacional para combatir a c\u00e1rteles del narcotr\u00e1fico. En repetidas [&hellip;]<\/p>\n","protected":false},"author":14,"featured_media":0,"comment_status":"open","ping_status":"open","sticky":false,"template":"","format":"standard","meta":{"_monsterinsights_skip_tracking":false,"_monsterinsights_sitenote_active":false,"_monsterinsights_sitenote_note":"","_monsterinsights_sitenote_category":0,"footnotes":""},"categories":[4,96743],"tags":[],"class_list":["post-696828","post","type-post","status-publish","format-standard","hentry","category-opinion","category-salvador-martinez-garcia"],"_links":{"self":[{"href":"https:\/\/www.diarioimagen.net\/index.php?rest_route=\/wp\/v2\/posts\/696828","targetHints":{"allow":["GET"]}}],"collection":[{"href":"https:\/\/www.diarioimagen.net\/index.php?rest_route=\/wp\/v2\/posts"}],"about":[{"href":"https:\/\/www.diarioimagen.net\/index.php?rest_route=\/wp\/v2\/types\/post"}],"author":[{"embeddable":true,"href":"https:\/\/www.diarioimagen.net\/index.php?rest_route=\/wp\/v2\/users\/14"}],"replies":[{"embeddable":true,"href":"https:\/\/www.diarioimagen.net\/index.php?rest_route=%2Fwp%2Fv2%2Fcomments&post=696828"}],"version-history":[{"count":1,"href":"https:\/\/www.diarioimagen.net\/index.php?rest_route=\/wp\/v2\/posts\/696828\/revisions"}],"predecessor-version":[{"id":696829,"href":"https:\/\/www.diarioimagen.net\/index.php?rest_route=\/wp\/v2\/posts\/696828\/revisions\/696829"}],"wp:attachment":[{"href":"https:\/\/www.diarioimagen.net\/index.php?rest_route=%2Fwp%2Fv2%2Fmedia&parent=696828"}],"wp:term":[{"taxonomy":"category","embeddable":true,"href":"https:\/\/www.diarioimagen.net\/index.php?rest_route=%2Fwp%2Fv2%2Fcategories&post=696828"},{"taxonomy":"post_tag","embeddable":true,"href":"https:\/\/www.diarioimagen.net\/index.php?rest_route=%2Fwp%2Fv2%2Ftags&post=696828"}],"curies":[{"name":"wp","href":"https:\/\/api.w.org\/{rel}","templated":true}]}}