{"id":696882,"date":"2025-12-02T20:25:54","date_gmt":"2025-12-03T02:25:54","guid":{"rendered":"https:\/\/www.diarioimagen.net\/?p=696882"},"modified":"2025-12-02T20:25:54","modified_gmt":"2025-12-03T02:25:54","slug":"el-cambio-en-la-fiscalia-es-un-distractor-mientras-avanza-reforma-a-la-ley-de-aguas","status":"publish","type":"post","link":"https:\/\/www.diarioimagen.net\/?p=696882","title":{"rendered":"\u00a0  El cambio en la Fiscal\u00eda es un distractor,  mientras avanza reforma a la Ley de Aguas"},"content":{"rendered":"<p><strong>CLASE POLITICA <\/strong>Miguel \u00c1ngel Rivera<\/p>\n<p><strong>\u00a0<\/strong><\/p>\n<p>&nbsp;<\/p>\n<p><strong>\u00a0<\/strong><\/p>\n<p>Mientras la presidenta (con A) Claudia Sheinbaum Pardo y la artificial mayor\u00eda oficialista en el Senado desperdician su tiempo en un proceso, la elecci\u00f3n de nuevo titular de la Fiscal\u00eda General de la Rep\u00fablica (FGR), del que ya se sabe cu\u00e1l ser\u00e1 el final, los productores agr\u00edcolas adelantan sus protestas y marchan hacia la capital del pa\u00eds, en un desesperado intento de bloquear la aprobaci\u00f3n de una nueva ley en materia de aguas que afectar\u00e1 sus derechos y provocar\u00e1 una mayor ca\u00edda en el ya muy disminuido sector agropecuario.<\/p>\n<p>Desde la \u201crenuncia\u201d o cese del anterior titular de la FGR, el abogado Alejandro Gertz Manero, se conoci\u00f3 que su relevo ser\u00eda la ex fiscal en la Ciudad de M\u00e9xico Ernestina Godoy Ramos. Para ello, la ex encargada de la Consejer\u00eda Jur\u00eddica de la Presidencia fue nombrada titular de la Fiscal\u00eda Especial de Control Competencial, en sustituci\u00f3n de otra abogada a la que ni siquiera se menciona por su nombre. Los funcionarios son desechables, pero tambi\u00e9n tienen su recompensa si son disciplinados.<\/p>\n<p>Horas despu\u00e9s de su nombramiento, como encargada del despacho de Fiscal General de la Rep\u00fablica, Godoy Ramos recibi\u00f3 la bienvenida de parte de su jefa, la presidenta Sheinbaum y asumi\u00f3 sus primeras responsabilidades al nombrar a dos funcionarios, C\u00e9sar Olivares Aparicio, al frente de la Fiscal\u00eda Especializada en Materia de Delincuencia Organizada (Femdo), y a H\u00e9ctor Elizalde Mora, al frente de la Agencia de Investigaci\u00f3n Criminal (AIC), los dos allegados al secretario de Seguridad, Omar Garc\u00eda Harfuch.<\/p>\n<p>En su bienvenida, la jefa del Ejecutivo federal destac\u00f3 que se requiere una mayor coordinaci\u00f3n entre esas dos instituciones, la mencionada Secretar\u00eda de Seguridad y la \u201caut\u00f3noma\u201d Fiscal\u00eda General de la Rep\u00fablica.<\/p>\n<p>Todas esas acciones y declaraciones dieron validez a la presunci\u00f3n de que Godoy Ramos se mantendr\u00eda al frente de la FGR.<\/p>\n<p>El proceso se cumpli\u00f3 a toda velocidad, luego de que unos cuatro o cinco d\u00edas antes de la \u201crenuncia\u201d de Gertz Manero empezaron a circular rumores de que ser\u00eda separado del cargo.<\/p>\n<p>La artificial mayor\u00eda oficialista del Senado valid\u00f3 la remoci\u00f3n de Gertz a pesar de que no se cumpl\u00eda en sentido estricto lo dispuesto por la ley, en el sentido de que el cargo de titular de la FGR s\u00f3lo se puede renunciar por causas de fuerza mayor. Todav\u00eda m\u00e1s, la carta de despedida del funcionario que lo mismo trabaj\u00f3 para gobiernos del PRI, PAN y Morena no menciona la palabra renuncia y s\u00f3lo informa que la Presidenta le propuso ir de embajador a un \u201cpa\u00eds amigo\u201d que, luego se supo por versiones extraoficiales, ser\u00eda Alemania.<\/p>\n<p>Si, como se acostumbra en la llamada Cuarta Transformaci\u00f3n, todo se soluciona a la carrera sin respetar plazos ni procedimientos, sorprende que, luego de la remoci\u00f3n, el Senado y la Presidencia iniciaran un tortuoso proceso para dar forma a un nombramiento ya aprobado y con la nueva funcionaria ya en funciones.<\/p>\n<p>Primero, se abri\u00f3 el registro de aspirantes a convertirse en fiscales. En total, se inscribieron 43 profesionales del Derecho, incluida la ya nombrada y en funciones Ernestina Godoy. Despu\u00e9s, los mismos senadores del oficialismo redujeron a diez la lista remitida a la jefa del Ejecutivo, quien, a su vez, deber\u00e1 escoger una terna que pondr\u00e1 a consideraci\u00f3n de los legisladores, quienes votar\u00e1n por el triunfador que ya se sabe qui\u00e9n ser\u00e1 y cuyas iniciales son Ernestina Godoy Ramos.<\/p>\n<p>Otra duda que surge es conocer qui\u00e9nes y por qu\u00e9 42 abogados, algunos con notables trayectorias profesionales y acad\u00e9micas prestaron sus nombres para esta pantomima. Tambi\u00e9n hay otros que se inscriben en pr\u00e1cticamente\u00a0todos los concursos.<\/p>\n<p>Para no resultar muy detallista, basta mencionar algunos casos de la lista reducida a s\u00f3lo 10 aspirantes.<\/p>\n<p>All\u00ed est\u00e1 Luz Mar\u00eda Zarza Delgado, doctora en Derecho, ex magistrada, ex directora jur\u00eddica de Pemex, quien aspir\u00f3 a ministra de la Suprema Corte, pero qued\u00f3 fuera del \u201cacorde\u00f3n\u201d donde se anotaron los ganadores.<\/p>\n<p>Otra, Sandra Luz Gonz\u00e1lez Mogoll\u00f3n, licenciada por la Universidad Veracruzana, quien ha desempe\u00f1ado cargos en el SAT y en la entonces Procuradur\u00eda General de la Rep\u00fablica, delegaci\u00f3n Tabasco, y recientemente fue uno de los tres finalistas para elegir\u00a0Fiscal<strong>\u00a0<\/strong>Especializado en Combate a la\u00a0Corrupci\u00f3n de la Fiscal\u00eda veracruzana.<\/p>\n<p>Por cuestiones de equidad de g\u00e9nero, dos varones:<\/p>\n<p>Manuel P\u00e9rez De Acha, doctor en Derecho por la UNAM, aspir\u00f3 desde 2019 a la FGR, pero fue superado por Gertz. Profesor universitario, articulista en varios medios de comunicaci\u00f3n y miembro del Comit\u00e9 de Participaci\u00f3n Ciudadana, perteneciente al Sistema Nacional Anticorrupci\u00f3n.<\/p>\n<p>Hamlet Garc\u00eda Almaguer, maestro en Derecho, ex diputado federal por Morena, con cargos en el antes Distrito Federal y en la delegaci\u00f3n Cuajimalpa, as\u00ed como consejero suplente de Morena ante el Instituto Nacional Electoral (INE).<\/p>\n<p>Los que ya no tienen tiempo para negociaciones que no conducen a ning\u00fan lado son los productores agropecuarios de\u00a0Puebla, Veracruz y Tlaxcala que conforman la Alianza Agr\u00edcola Pu-Ve-Tax, quienes ya emprendieron una caravana de tractores en defensa de sus derechos sobre el agua. La manifestaci\u00f3n se realiza por la carretera que va de Perote, Veracruz, hasta la desviaci\u00f3n para Apizaco, Tlaxcala.<\/p>\n<p>Su prop\u00f3sito es llegar hoy, mi\u00e9rcoles, a la Ciudad de M\u00e9xico, en donde, previsiblemente, la C\u00e1mara de Diputados aprobar\u00e1 las repudiadas reformas a la Ley de Aguas Nacionales que desde su perspectiva afectar\u00e1 todav\u00eda m\u00e1s al campo mexicano.<\/p>\n<p>Los organizadores de las acciones en defensa del agua y el campo aseguraron que no pretenden bloquear carreteras, pues su movilizaci\u00f3n es \u201ccompletamente pac\u00edfica\u201d, pero que pretenden hacer un alto en Apizaco para mantenerse \u201cen alerta\u201d y avanzar hacia la C\u00e1mara de Diputados en caso de que avancen los trabajos para aprobar esos cambios legales que ellos consideran nocivos.<\/p>\n<p>La caravana sali\u00f3 ayer, martes 2 de diciembre, de Perote, para avanzar sobre la carretera M\u00e9xico-Veracruz, con varias escalas.<\/p>\n<p>Algunas de las paradas estar\u00e1n en Zacatepec, Puebla, yen los municipios de Cuapiaxtla, Huamantla y Apizaco, de Tlaxcala.<\/p>\n<p>Los integrantes de la Alianza Agr\u00edcola Pu-Ve-Tax en Defensa del Agua puntualizan que los productores del campo \u201cest\u00e1n haciendo lo que muchas veces se les obliga a hacer: salir a las carreteras para que, ahora s\u00ed, alguien los escuche\u201d.<\/p>\n<p>Precisaron que cada productor integrante de esta caravana representa la \u201cfalta de agua en sus cultivos, decisiones que se toman sin consultar al campo, incertidumbre que mina su trabajo y exigencias leg\u00edtimas que no han tenido respuesta\u201d.<\/p>\n<p>Al grito de \u201csoluciones, no discursos\u201d, tambi\u00e9n rechazaron las acusaciones de que su movilizaci\u00f3n tiene fines pol\u00edticos. Dijeron que se trata de una lucha por la\u00a0\u00a0supervivencia.<\/p>\n<p>\u201cSin agricultores no hay comida\u2026 y sin agua, simplemente no hay campo\u201d, repitieron en esta vieja expresi\u00f3n que se asemeja a otra consigna muy popular: \u201csin ma\u00edz no hay pa\u00eds\u201d.<\/p>\n<p>Mientras se mantienen esta y otras protestas, el coordinador de la mayor\u00eda oficialista en la C\u00e1mara de Diputados, Ricardo Monreal \u00c1vila, de Morena, confirm\u00f3 que el dictamen de la Ley General de Aguas y la Ley de Aguas Nacionales se discutir\u00e1 y aprobar\u00e1 ma\u00f1ana jueves.<\/p>\n<p>Asegur\u00f3 que el proyecto de dictamen incluye las solicitudes y propuestas que hicieron las agrupaciones campesinas y dej\u00f3 abierta la posibilidad de introducir nuevos cambios durante la revisi\u00f3n de la iniciativa.<\/p>\n<p>El ex gobernador de Zacatecas asegur\u00f3 que los legisladores se mantienen atentos a las demandas de los productores agr\u00edcolas.<\/p>\n<p>Pero no s\u00f3lo los campesinos est\u00e1n en desacuerdo, tambi\u00e9n los legisladores de oposici\u00f3n, aunque no tienen el poder para imponer modificaciones.<\/p>\n<p>\u201cMorena presenta una ley sin presupuesto porque su plan no es resolver el agua, es tener el control pol\u00edtico, es ponerle el pie en el cuello al sector productivo, al sector que realmente le da alimentos a los mexicanos. Este dictamen presume reformas, pero no pone un solo peso para hacerla realidad. Hoy estamos frente a la mayor simulaci\u00f3n h\u00eddrica en d\u00e9cadas. Este gobierno, narco-gobierno de Morena, presume una reforma hist\u00f3rica, pero lamentablemente no destinan recursos, no garantizan inversi\u00f3n, no fortalecen la infraestructura y no crean capacidades reales\u201d, dijo el diputado panista Marcelo Torres Cofi\u00f1o.<\/p>\n<p>&nbsp;<\/p>\n<p>&nbsp;<\/p>\n","protected":false},"excerpt":{"rendered":"<p>CLASE POLITICA Miguel \u00c1ngel Rivera \u00a0 &nbsp; \u00a0 Mientras la presidenta (con A) Claudia Sheinbaum Pardo y la artificial mayor\u00eda oficialista en el Senado desperdician su tiempo en un proceso, la elecci\u00f3n de nuevo titular de la Fiscal\u00eda General de la Rep\u00fablica (FGR), del que ya se sabe cu\u00e1l ser\u00e1 el final, los productores agr\u00edcolas [&hellip;]<\/p>\n","protected":false},"author":14,"featured_media":0,"comment_status":"open","ping_status":"open","sticky":false,"template":"","format":"standard","meta":{"_monsterinsights_skip_tracking":false,"_monsterinsights_sitenote_active":false,"_monsterinsights_sitenote_note":"","_monsterinsights_sitenote_category":0,"footnotes":""},"categories":[84119,4],"tags":[],"class_list":["post-696882","post","type-post","status-publish","format-standard","hentry","category-miguel-angel-rivera","category-opinion"],"_links":{"self":[{"href":"https:\/\/www.diarioimagen.net\/index.php?rest_route=\/wp\/v2\/posts\/696882","targetHints":{"allow":["GET"]}}],"collection":[{"href":"https:\/\/www.diarioimagen.net\/index.php?rest_route=\/wp\/v2\/posts"}],"about":[{"href":"https:\/\/www.diarioimagen.net\/index.php?rest_route=\/wp\/v2\/types\/post"}],"author":[{"embeddable":true,"href":"https:\/\/www.diarioimagen.net\/index.php?rest_route=\/wp\/v2\/users\/14"}],"replies":[{"embeddable":true,"href":"https:\/\/www.diarioimagen.net\/index.php?rest_route=%2Fwp%2Fv2%2Fcomments&post=696882"}],"version-history":[{"count":1,"href":"https:\/\/www.diarioimagen.net\/index.php?rest_route=\/wp\/v2\/posts\/696882\/revisions"}],"predecessor-version":[{"id":696883,"href":"https:\/\/www.diarioimagen.net\/index.php?rest_route=\/wp\/v2\/posts\/696882\/revisions\/696883"}],"wp:attachment":[{"href":"https:\/\/www.diarioimagen.net\/index.php?rest_route=%2Fwp%2Fv2%2Fmedia&parent=696882"}],"wp:term":[{"taxonomy":"category","embeddable":true,"href":"https:\/\/www.diarioimagen.net\/index.php?rest_route=%2Fwp%2Fv2%2Fcategories&post=696882"},{"taxonomy":"post_tag","embeddable":true,"href":"https:\/\/www.diarioimagen.net\/index.php?rest_route=%2Fwp%2Fv2%2Ftags&post=696882"}],"curies":[{"name":"wp","href":"https:\/\/api.w.org\/{rel}","templated":true}]}}