{"id":696905,"date":"2025-12-02T21:20:00","date_gmt":"2025-12-03T03:20:00","guid":{"rendered":"https:\/\/www.diarioimagen.net\/?p=696905"},"modified":"2025-12-02T21:20:00","modified_gmt":"2025-12-03T03:20:00","slug":"delfina-gomez-destaca-acciones-para-transformar-la-zona-oriente-del-edomex","status":"publish","type":"post","link":"https:\/\/www.diarioimagen.net\/?p=696905","title":{"rendered":"Delfina G\u00f3mez destaca\u00a0 acciones para  transformar la zona oriente del Edomex"},"content":{"rendered":"<ul>\n<li><strong>Asiste al Primer Informe en Valle de Chalco <\/strong><\/li>\n<li><strong>Coordinaci\u00f3n entre los tres niveles de gobierno logra justicia social a vallechalquenses, se\u00f1ala<\/strong><\/li>\n<\/ul>\n<div id=\"attachment_696906\" style=\"width: 415px\" class=\"wp-caption alignnone\"><img loading=\"lazy\" decoding=\"async\" aria-describedby=\"caption-attachment-696906\" class=\"wp-image-696906 size-large\" src=\"https:\/\/www.diarioimagen.net\/wp-content\/uploads\/2025\/12\/EDOMEX-1-ok-1-405x270.jpg\" alt=\"\" width=\"405\" height=\"270\" srcset=\"https:\/\/www.diarioimagen.net\/wp-content\/uploads\/2025\/12\/EDOMEX-1-ok-1-405x270.jpg 405w, https:\/\/www.diarioimagen.net\/wp-content\/uploads\/2025\/12\/EDOMEX-1-ok-1-240x160.jpg 240w, https:\/\/www.diarioimagen.net\/wp-content\/uploads\/2025\/12\/EDOMEX-1-ok-1-768x513.jpg 768w, https:\/\/www.diarioimagen.net\/wp-content\/uploads\/2025\/12\/EDOMEX-1-ok-1.jpg 1500w\" sizes=\"auto, (max-width: 405px) 100vw, 405px\" \/><p id=\"caption-attachment-696906\" class=\"wp-caption-text\">Delfina G\u00f3mez \u00c1lvarez destac\u00f3 que la zona oriente vive una etapa de aut\u00e9ntica justicia y transformaci\u00f3n, durante su asistencia al Primer Informe del Presidente Municipal de Valle de Chalco, Alan Velasco Ag\u00fcero.<\/p><\/div>\n<p>Valle de Chalco, Estado de M\u00e9xico. \u2013 Cientos de vecinas y vecinos presenciaron el mensaje de la gobernadora del Estado de M\u00e9xico, Delfina G\u00f3mez \u00c1lvarez durante el Primer Informe del Presidente Municipal, Alan Velasco Aguero, en el que destac\u00f3 que la zona oriente vive una etapa de aut\u00e9ntica justicia y transformaci\u00f3n, impulsada por el trabajo coordinado entre los tres \u00f3rdenes de gobierno y el respaldo permanente de la Presidenta de la Rep\u00fablica, Claudia Sheinbaum Pardo.<\/p>\n<p>La mandataria mexiquense reconoci\u00f3 que por primera vez se tiene un compromiso con Valle de Chalco, que es beneficiado con el Plan Integral de la Zona Oriente, el cual contempla 121 acciones que pretenden fortalecer la movilidad, robustecer la seguridad, velar por el bienestar social y dignificar la vida de las personas que aqu\u00ed han vivido durante d\u00e9cadas.<\/p>\n<p>\u201cEl gobierno del Estado de M\u00e9xico comparte con los ayuntamientos la responsabilidad de impulsar su desarrollo acercando programas y acciones por el bienestar de todas y todos los mexiquenses. Despu\u00e9s de varios a\u00f1os de abandono del Oriente de la entidad y en especial de Valle de Chalco, hoy, este municipio vive una etapa hist\u00f3rica de transformaci\u00f3n, pero yo dir\u00eda de justicia\u201d, asever\u00f3 la Maestra Delfina G\u00f3mez \u00c1lvarez.<\/p>\n<p>Uno de los objetivos de la administraci\u00f3n mexiquense ha sido la mejora en materia de seguridad, gracias a la creaci\u00f3n de la Estrategia Operativa Oriente, el mejoramiento de patrullas, las mesas regionales de paz y otras acciones, la Gobernadora Delfina G\u00f3mez \u00c1lvarez inform\u00f3 que ha disminuido 42% el promedio diario de homicidio en la entidad.<\/p>\n<p>Ante los retos de abandono hist\u00f3rico que el municipio ten\u00eda, la Mandataria estatal asever\u00f3 que el gobernar conlleva una gran responsabilidad, visi\u00f3n y sensibilidad social; \u201cel Gobierno de M\u00e9xico y los Gobiernos Estatal y Municipal estamos sumando esfuerzos con Valle de Chalco para seguir transformando y alcanzar juntos el desarrollo y bienestar de su gente\u201d, dijo la Gobernadora Delfina G\u00f3mez \u00c1lvarez en su intervenci\u00f3n.<\/p>\n<p>Gracias al trabajo coordinado por diversas dependencias municipales, estatales y federales, se han puesto en marcha mega obras como el Troleb\u00fas L\u00ednea 11 que ayuda a la movilizaci\u00f3n de miles de vallechalquenses, la mejora en infraestructura urbana, entrega de apoyos directos a la poblaci\u00f3n, entre otros compromisos que se han hecho durante esta administraci\u00f3n.<\/p>\n<p>&nbsp;<\/p>\n<p>&nbsp;<\/p>\n<p><strong>\u00a0<\/strong><\/p>\n","protected":false},"excerpt":{"rendered":"<p>Asiste al Primer Informe en Valle de Chalco Coordinaci\u00f3n entre los tres niveles de gobierno logra justicia social a vallechalquenses, se\u00f1ala Valle de Chalco, Estado de M\u00e9xico. \u2013 Cientos de vecinas y vecinos presenciaron el mensaje de la gobernadora del Estado de M\u00e9xico, Delfina G\u00f3mez \u00c1lvarez durante el Primer Informe del Presidente Municipal, Alan Velasco [&hellip;]<\/p>\n","protected":false},"author":14,"featured_media":696906,"comment_status":"open","ping_status":"open","sticky":false,"template":"","format":"standard","meta":{"_monsterinsights_skip_tracking":false,"_monsterinsights_sitenote_active":false,"_monsterinsights_sitenote_note":"","_monsterinsights_sitenote_category":0,"footnotes":""},"categories":[5],"tags":[],"class_list":["post-696905","post","type-post","status-publish","format-standard","has-post-thumbnail","hentry","category-estado-de-mexico"],"_links":{"self":[{"href":"https:\/\/www.diarioimagen.net\/index.php?rest_route=\/wp\/v2\/posts\/696905","targetHints":{"allow":["GET"]}}],"collection":[{"href":"https:\/\/www.diarioimagen.net\/index.php?rest_route=\/wp\/v2\/posts"}],"about":[{"href":"https:\/\/www.diarioimagen.net\/index.php?rest_route=\/wp\/v2\/types\/post"}],"author":[{"embeddable":true,"href":"https:\/\/www.diarioimagen.net\/index.php?rest_route=\/wp\/v2\/users\/14"}],"replies":[{"embeddable":true,"href":"https:\/\/www.diarioimagen.net\/index.php?rest_route=%2Fwp%2Fv2%2Fcomments&post=696905"}],"version-history":[{"count":1,"href":"https:\/\/www.diarioimagen.net\/index.php?rest_route=\/wp\/v2\/posts\/696905\/revisions"}],"predecessor-version":[{"id":696907,"href":"https:\/\/www.diarioimagen.net\/index.php?rest_route=\/wp\/v2\/posts\/696905\/revisions\/696907"}],"wp:featuredmedia":[{"embeddable":true,"href":"https:\/\/www.diarioimagen.net\/index.php?rest_route=\/wp\/v2\/media\/696906"}],"wp:attachment":[{"href":"https:\/\/www.diarioimagen.net\/index.php?rest_route=%2Fwp%2Fv2%2Fmedia&parent=696905"}],"wp:term":[{"taxonomy":"category","embeddable":true,"href":"https:\/\/www.diarioimagen.net\/index.php?rest_route=%2Fwp%2Fv2%2Fcategories&post=696905"},{"taxonomy":"post_tag","embeddable":true,"href":"https:\/\/www.diarioimagen.net\/index.php?rest_route=%2Fwp%2Fv2%2Ftags&post=696905"}],"curies":[{"name":"wp","href":"https:\/\/api.w.org\/{rel}","templated":true}]}}