{"id":697049,"date":"2025-12-02T22:04:49","date_gmt":"2025-12-03T04:04:49","guid":{"rendered":"https:\/\/www.diarioimagen.net\/?p=697049"},"modified":"2025-12-02T22:04:49","modified_gmt":"2025-12-03T04:04:49","slug":"recelosos-agricultores-retoman-parcialmente-movimiento-por-el-agua","status":"publish","type":"post","link":"https:\/\/www.diarioimagen.net\/?p=697049","title":{"rendered":"Recelosos, agricultores retoman  parcialmente movimiento por el agua"},"content":{"rendered":"<p>&nbsp;<\/p>\n<p><strong>\u00a0<\/strong><\/p>\n<p><strong>\u00a0TRAS LA PUERTA DEL PODER\u00a0<\/strong> Roberto Vizca\u00edno<\/p>\n<p><strong>\u00a0<\/strong><\/p>\n<p>&nbsp;<\/p>\n<p>Los productores agr\u00edcolas, aliados a desconfiados transportistas, no se creen las promesas de que se les solucionar\u00e1n sus demandas y quejas sobre seguridad en carreteras y en respeto a sus derechos al acceso del agua.<\/p>\n<p>Y por eso ayer volvieron a tomar tres pasos y puentes fronterizos en Ciudad Ju\u00e1rez que comunican con El Paso, Texas, Estados Unidos, y en algunas casetas y carreteras de Zacatecas.<\/p>\n<p>Todo para advertirle al gobierno de Claudia Sheinbaum y a los coordinadores de las mayor\u00edas de Morena, PT y Verde en Senado y C\u00e1mara de Diputados, Ad\u00e1n Augusto L\u00f3pez y Ricardo Monreal, que sus movimientos no est\u00e1n ni rebasados ni enterrados sino latentes y que en cualquier momento pueden regresar a parar indefinidamente todas las carreteras del pa\u00eds.<\/p>\n<p>Hace unas semanas este movimiento cerr\u00f3 las carreteras m\u00e1s importantes en 25 estados del pa\u00eds, incluidos los del centro de la Rep\u00fablica.<\/p>\n<p>Este movimiento conjunto de productores agr\u00edcolas -campesinos, ejidatarios y propietarios de predios- y de transportistas, fue finalmente mal atendido por la secretaria de Gobernaci\u00f3n,\u00a0<strong>Rosa Icela Rodr\u00edguez<\/strong>\u00a0-quien los recibi\u00f3 acus\u00e1ndolos de ser manipulados por opositores, y por PRI y PAN-, lo que agudiz\u00f3 m\u00e1s la protesta.<\/p>\n<p>Al final,\u00a0<strong>Rosa Icela Rodr\u00edguez<\/strong>\u00a0fue echa a un lado y en su lugar entr\u00f3 el subsecretario\u00a0<strong>C\u00e9sar Y\u00e1\u00f1ez<\/strong>; el titular de Agricultura,\u00a0<strong>Julio Berdegu\u00e9<\/strong>; el titular de Conagua,\u00a0<strong>Efra\u00edn Morales L\u00f3pez,<\/strong>\u00a0y el titular de Seguridad P\u00fablica,\u00a0<strong>Omar Garc\u00eda Harfuch<\/strong>.<\/p>\n<p>Igual, se reunieron con Ricardo Monreal, quien les prometi\u00f3 abrir mesa de di\u00e1logo en San L\u00e1zaro y les asegur\u00f3 que modificar\u00edan el proyecto de reforma sobre el agua para garantizar continuar con el acceso de los agricultores al liquido y quitar las intenciones de criminalizar su uso.<\/p>\n<p>Y los productores agr\u00edcolas y transportistas desbloquearon carreteras y se retiraron de las aduanas\u2026 pero siguen dudosos, incr\u00e9dulos, suspicaces.<\/p>\n<p>Saben perfectamente que este gobierno promete y apu\u00f1ala por la espalda.<\/p>\n<p>Y por ello ayer volvieron a salir y cerrar carreteras, puentes fronterizos y tomar casetas. Quieren dejar en claro ante la presidenta\u00a0<strong>Claudia Sheinbaum<\/strong> y los l\u00edderes parlamentarios\u00a0<strong>Ad\u00e1n Augusto L\u00f3pez y Ricardo Monreal<\/strong>\u00a0que si pretenden enga\u00f1arlos, su movimiento est\u00e1 vigente y que en cualquier momento puede estallar y escalar a otros muchos niveles de nuevo en todo el pa\u00eds.<\/p>\n<p>Las dudas crecen entre ellos al leer textos como el de\u00a0<strong>Ricardo Monreal<\/strong>, quien se vanagloria de provenir del medio agr\u00edcola, de emanar de una cultura campesina, para luego intentar justificar como l\u00edder parlamentario oficialista una reforma sobre el agua que afectar\u00eda a productores y dejar\u00eda sin valor sus predios y su actividad de productores agr\u00edcolas.<\/p>\n<p>El texto se public\u00f3 en un diario de los llamados nacionales y dice:<\/p>\n<p>\u201cEl\u00a0<strong>binomio tierra-agua<\/strong>\u00a0est\u00e1 en el origen de la mayor parte de las civilizaciones y, de manera destacada, en la agricultura, que dio luz a los primeros asentamientos estables, productivos y progresistas de la humanidad.<\/p>\n<p>\u201cEsta verdad ancestral se ha venido agudizando en tiempos de cambio clim\u00e1tico.\u00a0<strong>La escasez de agua produce tensiones, conflictos, guerras<\/strong>. Seg\u00fan el Instituto Internacional de la Paz,\u00a0<strong>desde el a\u00f1o 2000 hasta el 2023, en el mundo se registraron 1057 conflictos por el agua<\/strong>.<\/p>\n<p>\u201cPor ello es muy importante la iniciativa relativa a la expedici\u00f3n de la Ley General de Aguas y las reformas a la Ley de Aguas Nacionales que promueve la presidenta\u00a0<strong>Claudia Sheinbaum<\/strong>\u00a0<strong>y que, en una primera instancia, dio origen a movilizaciones, bloqueos y protestas de organizaciones productoras del campo\u201d,\u00a0reconoce<\/strong>.<\/p>\n<p>E intenta justificar que el proyecto en curso busca garantizar el acceso al agua como derecho humano y a la vez evitar \u201c<strong>el acaparamiento y monopolizaci\u00f3n del vital l\u00edquido en cualquiera de sus usos primordiales (por la v\u00eda de su privatizaci\u00f3n creciente); asegurar la rector\u00eda del Estado sobre la administraci\u00f3n, asignaci\u00f3n y distribuci\u00f3n de este recurso propiedad de la naci\u00f3n, y proveer su abastecimiento social (no mercantilizado) para las futuras generaciones<\/strong>\u201d, justamente lo que los productores agr\u00edcolas no aceptan.<\/p>\n<p><strong>Monreal<\/strong>\u00a0afirma que ya se hizo un \u201cintenso ejercicio de consulta con personas usuarias, productoras, consumidoras, t\u00e9cnicas, acad\u00e9micas y especialistas sobre el tema de los recursos hidr\u00e1ulicos, (y) se acord\u00f3 impulsar algunas modificaciones, precisiones y cambios que permitir\u00e1n avanzar a reformas legislativas que armonizan tanto las leg\u00edtimas demandas de las y los usuarios actuales como los objetivos presidenciales de garantizar el acceso al agua para todas y todos los mexicanos de hoy y de las pr\u00f3ximas generaciones.<\/p>\n<p>\u201cLa apertura al di\u00e1logo y la sensibilidad de la presidenta\u00a0<strong>Claudia Sheinbaum<\/strong>\u00a0y del director de Conagua,\u00a0<strong>Efra\u00edn Morales L\u00f3pez<\/strong>,\u00a0permitieron realizar medio centenar de adecuaciones que dar\u00e1n a la ley la mejor fuente de legitimidad a la que puede aspirar una autoridad reguladora: el aval de los actores regulados.<\/p>\n<p>\u201c<strong>Entre las adecuaciones destacadas se encuentran las siguientes (adelanta):<\/strong>\u00a0<strong>se refuerza el traslado de derechos de agua en la transmisio\u0301n de dominios de tierra, es decir, el binomio tierra-agua; de esta forma, se brinda certeza juri\u0301dica a las personas propietarias<\/strong>\u00a0(arti\u0301culo 49).<\/p>\n<p>\u201c<strong>En el traslado de derechos, se conservara\u0301n los relativos a la explotacio\u0301n, uso o aprovechamiento de las aguas correspondientes, con lo cual se facilita la continuidad de las actividades productivas y se asegura que el uso del agua permanezca vinculado al territorio, evitando conflictos y fortaleciendo el manejo responsable.<\/strong><\/p>\n<p>\u201cAsimismo,\u00a0<strong>se establece que la combinacio\u0301n de uso agri\u0301cola y pecuario en actividades primarias no implica un cambio de uso, y que se respetar\u00e1n los vol\u00famenes actuales en la renovaci\u00f3n de vigencias<\/strong>.<\/p>\n<p>\u201cLas nuevas leyes actualizan el ideal zapatista de que\u00a0<strong>la tierra y el agua sean de quienes las trabajan, no de quienes las monopolizan, las comercializan o, peor a\u00fan, de quienes se las roban\u201d<\/strong>.<\/p>\n<p>Parece que con ello se les garantiza lo que piden los productores agr\u00edcolas, pero hasta no ver no creer, dicen ellos.<\/p>\n<p>&nbsp;<\/p>\n<p>Twitter: @_Vizcaino \/ Facebook<\/p>\n<p>\/\u00a0<a href=\"https:\/\/www.facebook.com\/rvizcainoa\">https:\/\/www.facebook.com\/rvizcainoa<\/a><\/p>\n<p>&nbsp;<\/p>\n","protected":false},"excerpt":{"rendered":"<p>&nbsp; \u00a0 \u00a0TRAS LA PUERTA DEL PODER\u00a0 Roberto Vizca\u00edno \u00a0 &nbsp; Los productores agr\u00edcolas, aliados a desconfiados transportistas, no se creen las promesas de que se les solucionar\u00e1n sus demandas y quejas sobre seguridad en carreteras y en respeto a sus derechos al acceso del agua. Y por eso ayer volvieron a tomar tres pasos [&hellip;]<\/p>\n","protected":false},"author":14,"featured_media":0,"comment_status":"open","ping_status":"open","sticky":false,"template":"","format":"standard","meta":{"_monsterinsights_skip_tracking":false,"_monsterinsights_sitenote_active":false,"_monsterinsights_sitenote_note":"","_monsterinsights_sitenote_category":0,"footnotes":""},"categories":[4,136],"tags":[],"class_list":["post-697049","post","type-post","status-publish","format-standard","hentry","category-opinion","category-roberto-vizcaino-opinion"],"_links":{"self":[{"href":"https:\/\/www.diarioimagen.net\/index.php?rest_route=\/wp\/v2\/posts\/697049","targetHints":{"allow":["GET"]}}],"collection":[{"href":"https:\/\/www.diarioimagen.net\/index.php?rest_route=\/wp\/v2\/posts"}],"about":[{"href":"https:\/\/www.diarioimagen.net\/index.php?rest_route=\/wp\/v2\/types\/post"}],"author":[{"embeddable":true,"href":"https:\/\/www.diarioimagen.net\/index.php?rest_route=\/wp\/v2\/users\/14"}],"replies":[{"embeddable":true,"href":"https:\/\/www.diarioimagen.net\/index.php?rest_route=%2Fwp%2Fv2%2Fcomments&post=697049"}],"version-history":[{"count":1,"href":"https:\/\/www.diarioimagen.net\/index.php?rest_route=\/wp\/v2\/posts\/697049\/revisions"}],"predecessor-version":[{"id":697050,"href":"https:\/\/www.diarioimagen.net\/index.php?rest_route=\/wp\/v2\/posts\/697049\/revisions\/697050"}],"wp:attachment":[{"href":"https:\/\/www.diarioimagen.net\/index.php?rest_route=%2Fwp%2Fv2%2Fmedia&parent=697049"}],"wp:term":[{"taxonomy":"category","embeddable":true,"href":"https:\/\/www.diarioimagen.net\/index.php?rest_route=%2Fwp%2Fv2%2Fcategories&post=697049"},{"taxonomy":"post_tag","embeddable":true,"href":"https:\/\/www.diarioimagen.net\/index.php?rest_route=%2Fwp%2Fv2%2Ftags&post=697049"}],"curies":[{"name":"wp","href":"https:\/\/api.w.org\/{rel}","templated":true}]}}